{"id":515139,"date":"2022-04-02T14:41:43","date_gmt":"2022-04-02T12:41:43","guid":{"rendered":"https:\/\/www.hashtag.al\/?p=515139"},"modified":"2022-04-02T14:41:43","modified_gmt":"2022-04-02T12:41:43","slug":"rama-foltorexhinjte-e-vlores-dashkan-transparence-per-sheshin-e-flamurit-nuk-dine-te-bejne-asgje-pervec-pershesheve-me-balte","status":"publish","type":"post","link":"https:\/\/www.hashtag.al\/index.php\/2022\/04\/02\/rama-foltorexhinjte-e-vlores-dashkan-transparence-per-sheshin-e-flamurit-nuk-dine-te-bejne-asgje-pervec-pershesheve-me-balte\/","title":{"rendered":"Rama: Foltorexhinjt\u00eb e Vlor\u00ebs dashkan transparenc\u00eb p\u00ebr Sheshin e Flamurit, nuk din\u00eb t\u00eb b\u00ebjn\u00eb asgj\u00eb p\u00ebrve\u00e7 p\u00ebrshesheve me balt\u00eb","gt_translate_keys":[{"key":"rendered","format":"text"}]},"content":{"rendered":"<p style=\"text-align: justify;\"><span style=\"color: #000000;\"><img loading=\"lazy\" decoding=\"async\" class=\"aligncenter size-full wp-image-515140\" src=\"https:\/\/www.hashtag.al\/wp-content\/uploads\/2022\/04\/rama-sheshi-i-flamurit.png\" alt=\"\" width=\"800\" height=\"465\" srcset=\"https:\/\/www.hashtag.al\/wp-content\/uploads\/2022\/04\/rama-sheshi-i-flamurit.png 800w, https:\/\/www.hashtag.al\/wp-content\/uploads\/2022\/04\/rama-sheshi-i-flamurit-300x174.png 300w, https:\/\/www.hashtag.al\/wp-content\/uploads\/2022\/04\/rama-sheshi-i-flamurit-768x446.png 768w, https:\/\/www.hashtag.al\/wp-content\/uploads\/2022\/04\/rama-sheshi-i-flamurit-250x145.png 250w\" sizes=\"auto, (max-width: 800px) 100vw, 800px\" \/><\/span><\/p>\n<p style=\"text-align: justify;\"><span style=\"color: #000000;\">Kryeministri Edi Rama ka reaguar ndaj k\u00ebrkes\u00ebs p\u00ebr transparenc\u00eb t\u00eb mb\u00ebshtet\u00ebsve t\u00eb Foltores\u00a0 n\u00eb Vlor\u00eb p\u00ebr projektin e Sheshit t\u00eb Flamurit.<\/span><\/p>\n<p style=\"text-align: justify;\"><span style=\"color: #000000;\">Rama thekson se PD-ja nuk di t\u00eb b\u00ebj\u00eb asgj\u00eb p\u00ebrve\u00e7 p\u00ebrshesheve me balt\u00eb.<\/span><\/p>\n<p style=\"text-align: justify;\"><span style=\"color: #000000;\">\u201c<em>M\u00eb thon\u00eb qenkan revoltuar foltorexhinjt\u00eb e Vlor\u00ebs se dashkan transparenc\u00eb p\u00ebr projektin e Sheshit t\u00eb Flamurit! U duket kolonata si stacion autobus\u00ebsh e duan shembjen e hotelit t\u00eb tyre fantazm\u00eb, q\u00eb arkitekti i famsh\u00ebm belg e kthen n\u00eb qendr\u00ebn m\u00eb t\u00eb madhe social-kulturore t\u00eb vendit!<\/em><\/span><\/p>\n<p style=\"text-align: justify;\"><span style=\"color: #000000;\"><em>Nuk u ve faj se as nuk din\u00eb as nuk b\u00ebjn\u00eb dot gj\u00eb tjet\u00ebr p\u00ebrve\u00e7 p\u00ebrshesheve me balt\u00eb, po Sheshi i Flamurit do t\u00eb jet\u00eb nj\u00eb tjet\u00ebr spektak\u00ebl urban n\u00eb Vlor\u00ebn e Rilindur, q\u00eb mezi pres ta shoh t\u00eb realizuar me gjith\u00eb qendr\u00ebn social-kulturore, e cila do t&#8217;i jap\u00eb Vlor\u00ebs nj\u00eb p\u00ebrmas\u00eb t\u00eb re!\u201d-<\/em>shkruan Rama.<\/span><\/p>\n","protected":false,"gt_translate_keys":[{"key":"rendered","format":"html"}]},"excerpt":{"rendered":"<p>Kryeministri Edi Rama ka reaguar ndaj k\u00ebrkes\u00ebs p\u00ebr transparenc\u00eb t\u00eb mb\u00ebshtet\u00ebsve t\u00eb Foltores\u00a0 n\u00eb Vlor\u00eb p\u00ebr projektin e Sheshit t\u00eb Flamurit. Rama thekson se PD-ja nuk di t\u00eb b\u00ebj\u00eb asgj\u00eb p\u00ebrve\u00e7 p\u00ebrshesheve me balt\u00eb. \u201cM\u00eb thon\u00eb qenkan revoltuar foltorexhinjt\u00eb e Vlor\u00ebs se dashkan transparenc\u00eb p\u00ebr projektin e Sheshit t\u00eb Flamurit! U duket kolonata si stacion [&hellip;]<\/p>\n","protected":false,"gt_translate_keys":[{"key":"rendered","format":"html"}]},"author":32,"featured_media":515140,"comment_status":"closed","ping_status":"closed","sticky":false,"template":"","format":"standard","meta":{"footnotes":""},"categories":[65,13],"tags":[],"class_list":["post-515139","post","type-post","status-publish","format-standard","has-post-thumbnail","hentry","category-lajme","category-te-fundit"],"gt_translate_keys":[{"key":"link","format":"url"}],"_links":{"self":[{"href":"https:\/\/www.hashtag.al\/index.php\/wp-json\/wp\/v2\/posts\/515139","targetHints":{"allow":["GET"]}}],"collection":[{"href":"https:\/\/www.hashtag.al\/index.php\/wp-json\/wp\/v2\/posts"}],"about":[{"href":"https:\/\/www.hashtag.al\/index.php\/wp-json\/wp\/v2\/types\/post"}],"author":[{"embeddable":true,"href":"https:\/\/www.hashtag.al\/index.php\/wp-json\/wp\/v2\/users\/32"}],"replies":[{"embeddable":true,"href":"https:\/\/www.hashtag.al\/index.php\/wp-json\/wp\/v2\/comments?post=515139"}],"version-history":[{"count":0,"href":"https:\/\/www.hashtag.al\/index.php\/wp-json\/wp\/v2\/posts\/515139\/revisions"}],"wp:featuredmedia":[{"embeddable":true,"href":"https:\/\/www.hashtag.al\/index.php\/wp-json\/wp\/v2\/media\/515140"}],"wp:attachment":[{"href":"https:\/\/www.hashtag.al\/index.php\/wp-json\/wp\/v2\/media?parent=515139"}],"wp:term":[{"taxonomy":"category","embeddable":true,"href":"https:\/\/www.hashtag.al\/index.php\/wp-json\/wp\/v2\/categories?post=515139"},{"taxonomy":"post_tag","embeddable":true,"href":"https:\/\/www.hashtag.al\/index.php\/wp-json\/wp\/v2\/tags?post=515139"}],"curies":[{"name":"wp","href":"https:\/\/api.w.org\/{rel}","templated":true}]}}