{"id":515134,"date":"2022-04-02T14:02:14","date_gmt":"2022-04-02T12:02:14","guid":{"rendered":"https:\/\/www.hashtag.al\/?p=515134"},"modified":"2022-04-02T14:11:40","modified_gmt":"2022-04-02T12:11:40","slug":"vokshi-spak-te-hetoje-fshehjen-e-bllakos-rama-beri-gjithcka-qe-te-pengoje-drejtesine","status":"publish","type":"post","link":"https:\/\/www.hashtag.al\/index.php\/2022\/04\/02\/vokshi-spak-te-hetoje-fshehjen-e-bllakos-rama-beri-gjithcka-qe-te-pengoje-drejtesine\/","title":{"rendered":"Vokshi: SPAK t\u00eb hetoj\u00eb fshehjen e Bllakos. Rama b\u00ebri gjith\u00e7ka q\u00eb t\u00eb pengoj\u00eb drejt\u00ebsin\u00eb","gt_translate_keys":[{"key":"rendered","format":"text"}]},"content":{"rendered":"<p style=\"text-align: justify;\"><span style=\"color: #000000;\"><img loading=\"lazy\" decoding=\"async\" class=\"aligncenter size-full wp-image-515135\" src=\"https:\/\/www.hashtag.al\/wp-content\/uploads\/2022\/04\/Vokshi.jpeg\" alt=\"\" width=\"1280\" height=\"853\" srcset=\"https:\/\/www.hashtag.al\/wp-content\/uploads\/2022\/04\/Vokshi.jpeg 1280w, https:\/\/www.hashtag.al\/wp-content\/uploads\/2022\/04\/Vokshi-300x200.jpeg 300w, https:\/\/www.hashtag.al\/wp-content\/uploads\/2022\/04\/Vokshi-1024x682.jpeg 1024w, https:\/\/www.hashtag.al\/wp-content\/uploads\/2022\/04\/Vokshi-768x512.jpeg 768w\" sizes=\"auto, (max-width: 1280px) 100vw, 1280px\" \/><\/span><\/p>\n<p style=\"text-align: justify;\"><span style=\"color: #000000;\">Deputetja e Partis\u00eb Demokratike,Albana Vokshi, n\u00eb nj\u00eb deklarat\u00eb nga selia blu ka k\u00ebrkuar q\u00eb SPAK t\u00eb hetoj\u00eb fshehjen p\u00ebr m\u00eb shum\u00eb se 12 or\u00eb t\u00eb Alqi Bllakos<\/span><\/p>\n<p style=\"text-align: justify;\"><span style=\"color: #000000;\">Vokshi tha se fshehja dhe dor\u00ebzimi i Bllakos ka qen\u00eb i kontrolluar dhe tregon se Edi Rama ka b\u00ebr\u00eb gjith\u00e7ka n\u00eb bashk\u00ebpunim me vart\u00ebsit n\u00eb Policin\u00eb e Shtetit q\u00eb t\u00eb pengojn\u00eb drejt\u00ebsin\u00eb.<\/span><\/p>\n<p style=\"text-align: justify;\"><span style=\"color: #000000;\">\u201c<\/span><em>Fshehja dhe dor\u00ebzimi i kontrolluar i Alqi Bllakos p\u00ebr shum\u00eb e shum\u00eb or\u00eb tregon se Edi Rama dhe vart\u00ebsit e tij n\u00eb Policin\u00eb e Shtetit jan\u00eb gati t\u00eb b\u00ebjn\u00eb gjithccka p\u00ebr t\u00eb penguar drejt\u00ebsin\u00eb.<\/em><\/p>\n<p><em>Fakti q\u00eb Policia e shtetit me urdh\u00ebr politik nga Edi Rama luajti loj\u00ebn e kungulleshkave, tregon panikun dhe tmerrin nga dekonspirimi q\u00eb mund t\u2019i b\u00ebjn\u00eb \u00a0bashk\u00ebpun\u00ebtor\u00ebt e tij, n\u00eb afer\u00ebn korruptive t\u00eb shekullit.<\/em><\/p>\n<p><em>Kur SPAK njoftoi se do t\u00eb arrestonte deputetin e Ram\u00ebs p\u00ebr korrupsionin gjigand me incenerator\u00ebt, kryeministri, Ministri i Drejt\u00ebsis\u00eb dhe nj\u00eb tabor i t\u00ebr\u00eb me zyrtar\u00eb t\u00eb lart\u00eb u betuan p\u00ebr zbatimin e Reform\u00ebs n\u00eb Drejt\u00ebsi.<\/em><\/p>\n<p><em>Por, ajo q\u00eb ndodhi m\u00eb pas ishte nj\u00eb skandal i v\u00ebrtet\u00eb, nj\u00eb skem\u00eb kriminale q\u00eb u parandalua vet\u00ebm p\u00ebr shkak t\u00eb reagimit publik.<\/em><\/p>\n<p><em>N\u00eb pritje t\u00eb urdhrit t\u00eb arrestit nga gjykata, SPAK njoftoi Policin\u00eb q\u00eb t\u00eb mbante n\u00ebn mbikqyrje Alqi Bllakon.<\/em><\/p>\n<p><em>Por \u201c\u00e7udit\u00ebrisht\u201d \u00a0Policia, p\u00ebr shum\u00eb or\u00eb, nuk e gjeti Bllakon nd\u00ebrkoh\u00eb q\u00eb me shum\u00eb gjasa ai ishte n\u00eb negociata me Ram\u00ebn dhe Ministrat e tjer\u00eb t\u00eb zhytur n\u00eb k\u00ebt\u00eb afer\u00eb.<\/em><\/p>\n<p><em>Askush nuk e thot\u00eb se ku ishte Alqi Bllako p\u00ebr m\u00eb shum\u00eb se 12 or\u00eb. Sipas informacioneve, atij i \u00ebsht\u00eb k\u00ebrkuar q\u00eb t\u00eb zbatoj\u00eb rregullin e Omerta-s mafioze, t\u00eb mbyll\u00eb goj\u00ebn e t\u00eb mos tregoj\u00eb shefat e p\u00ebrfshir\u00eb n\u00eb skandalin qindra milion\u00eb euro t\u00eb incenerator\u00ebve.<\/em><\/p>\n<p><em>Qytetar\u00ebt shqiptar\u00eb e kan\u00eb shum\u00eb t\u00eb qart\u00eb q\u00eb Alqi Bllako nuk \u00ebsht\u00eb as koka dhe as bishti i k\u00ebtij korrupsioni gjigand. Ai \u00ebsht\u00eb nj\u00eb hallk\u00eb, i cili duhet t\u00eb vuaj\u00eb pasojat e veprimeve t\u00eb tij kriminale.<\/em><\/p>\n<p><em>Por, a do t\u00eb ket\u00eb mund\u00ebsi ai t\u00eb flas\u00eb lirsh\u00ebm. \u00c7far\u00eb porosish, urdh\u00ebrash apo k\u00ebrc\u00ebnime ka marre ne ato ore qe policia po e k\u00ebrkonte ne drejtim \u201cte paditur\u201d?<\/em><\/p>\n<p><em>PD i k\u00ebrkon SPAK t\u00eb zbardh\u00eb skandalin me policin\u00eb politike t\u00eb shtetit.<\/em><\/p>\n<p><em>Alqi Bllako sot ka mund\u00ebsin\u00eb t\u2019i b\u00ebj\u00eb nj\u00eb nder vetes dhe Shqip\u00ebris\u00eb. T\u00eb tregoj\u00eb t\u00eb gjith\u00eb t\u00eb v\u00ebrtet\u00ebn<\/em><span style=\"color: #000000;\">\u201d-tha Vokshi.<\/span><\/p>\n","protected":false,"gt_translate_keys":[{"key":"rendered","format":"html"}]},"excerpt":{"rendered":"<p>Deputetja e Partis\u00eb Demokratike,Albana Vokshi, n\u00eb nj\u00eb deklarat\u00eb nga selia blu ka k\u00ebrkuar q\u00eb SPAK t\u00eb hetoj\u00eb fshehjen p\u00ebr m\u00eb shum\u00eb se 12 or\u00eb t\u00eb Alqi Bllakos Vokshi tha se fshehja dhe dor\u00ebzimi i Bllakos ka qen\u00eb i kontrolluar dhe tregon se Edi Rama ka b\u00ebr\u00eb gjith\u00e7ka n\u00eb bashk\u00ebpunim me vart\u00ebsit n\u00eb Policin\u00eb e Shtetit [&hellip;]<\/p>\n","protected":false,"gt_translate_keys":[{"key":"rendered","format":"html"}]},"author":32,"featured_media":515135,"comment_status":"closed","ping_status":"closed","sticky":false,"template":"","format":"standard","meta":{"footnotes":""},"categories":[65,13],"tags":[],"class_list":["post-515134","post","type-post","status-publish","format-standard","has-post-thumbnail","hentry","category-lajme","category-te-fundit"],"gt_translate_keys":[{"key":"link","format":"url"}],"_links":{"self":[{"href":"https:\/\/www.hashtag.al\/index.php\/wp-json\/wp\/v2\/posts\/515134","targetHints":{"allow":["GET"]}}],"collection":[{"href":"https:\/\/www.hashtag.al\/index.php\/wp-json\/wp\/v2\/posts"}],"about":[{"href":"https:\/\/www.hashtag.al\/index.php\/wp-json\/wp\/v2\/types\/post"}],"author":[{"embeddable":true,"href":"https:\/\/www.hashtag.al\/index.php\/wp-json\/wp\/v2\/users\/32"}],"replies":[{"embeddable":true,"href":"https:\/\/www.hashtag.al\/index.php\/wp-json\/wp\/v2\/comments?post=515134"}],"version-history":[{"count":0,"href":"https:\/\/www.hashtag.al\/index.php\/wp-json\/wp\/v2\/posts\/515134\/revisions"}],"wp:featuredmedia":[{"embeddable":true,"href":"https:\/\/www.hashtag.al\/index.php\/wp-json\/wp\/v2\/media\/515135"}],"wp:attachment":[{"href":"https:\/\/www.hashtag.al\/index.php\/wp-json\/wp\/v2\/media?parent=515134"}],"wp:term":[{"taxonomy":"category","embeddable":true,"href":"https:\/\/www.hashtag.al\/index.php\/wp-json\/wp\/v2\/categories?post=515134"},{"taxonomy":"post_tag","embeddable":true,"href":"https:\/\/www.hashtag.al\/index.php\/wp-json\/wp\/v2\/tags?post=515134"}],"curies":[{"name":"wp","href":"https:\/\/api.w.org\/{rel}","templated":true}]}}