{"id":514901,"date":"2022-04-01T12:15:47","date_gmt":"2022-04-01T10:15:47","guid":{"rendered":"https:\/\/www.hashtag.al\/?p=514901"},"modified":"2022-04-01T12:18:54","modified_gmt":"2022-04-01T10:18:54","slug":"gezuar-shqiperi-basha-mesazh-me-rastin-e-13-vjetorit-te-anetaresimit-ne-nato","status":"publish","type":"post","link":"https:\/\/www.hashtag.al\/index.php\/2022\/04\/01\/gezuar-shqiperi-basha-mesazh-me-rastin-e-13-vjetorit-te-anetaresimit-ne-nato\/","title":{"rendered":"\u201cG\u00ebzuar Shqip\u00ebri!\u201d &#8211; Basha mesazh me rastin e 13-vjetorit t\u00eb an\u00ebtar\u00ebsimit n\u00eb NATO","gt_translate_keys":[{"key":"rendered","format":"text"}]},"content":{"rendered":"<p><span style=\"color: #000000;\"><a href=\"https:\/\/www.hashtag.al\/wp-content\/uploads\/2022\/03\/basha-7.jpg\"><img loading=\"lazy\" decoding=\"async\" class=\"aligncenter size-full wp-image-512530\" src=\"https:\/\/www.hashtag.al\/wp-content\/uploads\/2022\/03\/basha-7.jpg\" alt=\"\" width=\"675\" height=\"450\" srcset=\"https:\/\/www.hashtag.al\/wp-content\/uploads\/2022\/03\/basha-7.jpg 675w, https:\/\/www.hashtag.al\/wp-content\/uploads\/2022\/03\/basha-7-300x200.jpg 300w\" sizes=\"auto, (max-width: 675px) 100vw, 675px\" \/><\/a><\/span><\/p>\n<p><span style=\"color: #000000;\">Me rastin e 13-vjetorit t\u00eb an\u00ebtar\u00ebsimit t\u00eb Shqip\u00ebris\u00eb n\u00eb NATO, ka reaguar ish-kryetari i Partis\u00eb Demokratike, Lulzim Basha.<\/span><\/p>\n<p><em><span style=\"color: #000000;\">\u201c13 vjet an\u00ebtar t\u00eb NATO-s, krah p\u00ebr krah aleat\u00ebve tan\u00eb euro-atlantik\u00eb n\u00eb aleanc\u00ebn m\u00eb t\u00eb madhe ushatarake n\u00eb histori.<\/span><\/em><\/p>\n<p><span style=\"color: #000000;\"><em>G\u00ebzuar Shqip\u00ebri! \u201d<\/em>&#8211; thuhet n\u00eb mesazhin e Bash\u00ebs, i cili q\u00eb pas dor\u00ebheqjes s\u00eb tij nga drejtimi i PD-s\u00eb, ka qen\u00eb m\u00eb pak aktiv n\u00eb rrjetet sociale dhe n\u00eb medie.<\/span><\/p>\n<p><span style=\"color: #000000;\">Kujtojm\u00eb se m\u00eb 1 prill 2009, Shqip\u00ebria u b\u00eb an\u00ebtare me t\u00eb drejta t\u00eb plota n\u00eb Organizat\u00ebn e Traktatit t\u00eb Atlantikut t\u00eb Veriut \u2013 NATO, pas p\u00ebrfundimit t\u00eb ratifikimit t\u00eb Protokollit t\u00eb An\u00ebtar\u00ebsimit nga t\u00eb gjitha vendet aleate dhe depozitimit t\u00eb instrumentit t\u00eb aderimit n\u00eb NATO n\u00eb Departamentin e Shtetit q\u00eb \u00ebsht\u00eb edhe mbajt\u00ebsi ligjor i Traktatit t\u00eb Uashingtonit.<\/span><\/p>\n<p><span style=\"color: #000000;\">Me rastin e 13-vjetorit, pati m\u00eb her\u00ebt nj\u00eb mesazh edhe nga ministri i Mbrojtjes Niko Peleshi i cili shprehej: <em>\u00a0\u201cPavar\u00ebsisht periudhave t\u00eb caktuara, vokacioni i popullit shqiptar ka qen\u00eb nd\u00ebr shekuj per\u00ebndimor. 13 vjet m\u00eb par\u00eb ky vokacion u materializua me an\u00ebtar\u00ebsimin e Shqip\u00ebris\u00eb n\u00eb aleanc\u00ebn m\u00eb t\u00eb madhe politiko-ushtarake q\u00eb ka njohur bota.\u201d<\/em><\/span><\/p>\n<p><a href=\"https:\/\/www.hashtag.al\/wp-content\/uploads\/2022\/04\/basha.jpg\"><img loading=\"lazy\" decoding=\"async\" class=\"aligncenter size-full wp-image-514902\" src=\"https:\/\/www.hashtag.al\/wp-content\/uploads\/2022\/04\/basha.jpg\" alt=\"\" width=\"750\" height=\"498\" srcset=\"https:\/\/www.hashtag.al\/wp-content\/uploads\/2022\/04\/basha.jpg 750w, https:\/\/www.hashtag.al\/wp-content\/uploads\/2022\/04\/basha-300x199.jpg 300w\" sizes=\"auto, (max-width: 750px) 100vw, 750px\" \/><\/a><\/p>\n","protected":false,"gt_translate_keys":[{"key":"rendered","format":"html"}]},"excerpt":{"rendered":"<p>Me rastin e 13-vjetorit t\u00eb an\u00ebtar\u00ebsimit t\u00eb Shqip\u00ebris\u00eb n\u00eb NATO, ka reaguar ish-kryetari i Partis\u00eb Demokratike, Lulzim Basha. \u201c13 vjet an\u00ebtar t\u00eb NATO-s, krah p\u00ebr krah aleat\u00ebve tan\u00eb euro-atlantik\u00eb n\u00eb aleanc\u00ebn m\u00eb t\u00eb madhe ushatarake n\u00eb histori. G\u00ebzuar Shqip\u00ebri! \u201d&#8211; thuhet n\u00eb mesazhin e Bash\u00ebs, i cili q\u00eb pas dor\u00ebheqjes s\u00eb tij nga drejtimi i [&hellip;]<\/p>\n","protected":false,"gt_translate_keys":[{"key":"rendered","format":"html"}]},"author":30,"featured_media":512530,"comment_status":"closed","ping_status":"closed","sticky":false,"template":"","format":"standard","meta":{"footnotes":""},"categories":[65,13],"tags":[],"class_list":["post-514901","post","type-post","status-publish","format-standard","has-post-thumbnail","hentry","category-lajme","category-te-fundit"],"gt_translate_keys":[{"key":"link","format":"url"}],"_links":{"self":[{"href":"https:\/\/www.hashtag.al\/index.php\/wp-json\/wp\/v2\/posts\/514901","targetHints":{"allow":["GET"]}}],"collection":[{"href":"https:\/\/www.hashtag.al\/index.php\/wp-json\/wp\/v2\/posts"}],"about":[{"href":"https:\/\/www.hashtag.al\/index.php\/wp-json\/wp\/v2\/types\/post"}],"author":[{"embeddable":true,"href":"https:\/\/www.hashtag.al\/index.php\/wp-json\/wp\/v2\/users\/30"}],"replies":[{"embeddable":true,"href":"https:\/\/www.hashtag.al\/index.php\/wp-json\/wp\/v2\/comments?post=514901"}],"version-history":[{"count":0,"href":"https:\/\/www.hashtag.al\/index.php\/wp-json\/wp\/v2\/posts\/514901\/revisions"}],"wp:featuredmedia":[{"embeddable":true,"href":"https:\/\/www.hashtag.al\/index.php\/wp-json\/wp\/v2\/media\/512530"}],"wp:attachment":[{"href":"https:\/\/www.hashtag.al\/index.php\/wp-json\/wp\/v2\/media?parent=514901"}],"wp:term":[{"taxonomy":"category","embeddable":true,"href":"https:\/\/www.hashtag.al\/index.php\/wp-json\/wp\/v2\/categories?post=514901"},{"taxonomy":"post_tag","embeddable":true,"href":"https:\/\/www.hashtag.al\/index.php\/wp-json\/wp\/v2\/tags?post=514901"}],"curies":[{"name":"wp","href":"https:\/\/api.w.org\/{rel}","templated":true}]}}