{"id":514713,"date":"2022-03-31T11:55:28","date_gmt":"2022-03-31T09:55:28","guid":{"rendered":"https:\/\/www.hashtag.al\/?p=514713"},"modified":"2022-03-31T11:55:28","modified_gmt":"2022-03-31T09:55:28","slug":"rama-nafta-falas-per-fermeret-paketa-e-rezistences-sociale-shton-mbeshtetjen-per-ta","status":"publish","type":"post","link":"https:\/\/www.hashtag.al\/index.php\/2022\/03\/31\/rama-nafta-falas-per-fermeret-paketa-e-rezistences-sociale-shton-mbeshtetjen-per-ta\/","title":{"rendered":"Rama: Nafta falas p\u00ebr fermer\u00ebt, Paketa e Rezistenc\u00ebs Sociale shton mb\u00ebshtetjen p\u00ebr ta","gt_translate_keys":[{"key":"rendered","format":"text"}]},"content":{"rendered":"<p><span style=\"color: #000000;\"><img loading=\"lazy\" decoding=\"async\" class=\"aligncenter size-full wp-image-514714\" src=\"https:\/\/www.hashtag.al\/wp-content\/uploads\/2022\/03\/rama-10.jpg\" alt=\"\" width=\"1129\" height=\"654\" srcset=\"https:\/\/www.hashtag.al\/wp-content\/uploads\/2022\/03\/rama-10.jpg 1129w, https:\/\/www.hashtag.al\/wp-content\/uploads\/2022\/03\/rama-10-300x174.jpg 300w, https:\/\/www.hashtag.al\/wp-content\/uploads\/2022\/03\/rama-10-1024x593.jpg 1024w, https:\/\/www.hashtag.al\/wp-content\/uploads\/2022\/03\/rama-10-768x445.jpg 768w, https:\/\/www.hashtag.al\/wp-content\/uploads\/2022\/03\/rama-10-250x145.jpg 250w\" sizes=\"auto, (max-width: 1129px) 100vw, 1129px\" \/><\/span><\/p>\n<p><span style=\"color: #000000;\">Kryeministri Rama ka pohuar n\u00eb Kuvend se Paketa e Rezistenc\u00ebs Sociale rrit mb\u00ebshtetjen p\u00ebr fermer\u00ebt. <\/span><\/p>\n<p><span style=\"color: #000000;\">Ai tha se nafta p\u00ebr k\u00ebt\u00eb kategori \u00ebsht\u00eb e subvencionuar q\u00eb prej vitit t\u00eb shkuar dhe kjo ka b\u00ebr\u00eb t\u00eb mundur q\u00eb p\u00ebr skem\u00ebn n\u00eb fjal\u00eb t\u00eb financohen 14 milion\u00eb dollar\u00eb.<\/span><\/p>\n<p><span style=\"color: #000000;\"><em>\u201cNafta p\u00ebr fermer\u00ebt e cila qysh prej vitit t\u00eb shkuar, \u00ebsht\u00eb nj\u00eb produkt i subvencionuar nga qeveria n\u00eb funksion t\u00eb mb\u00ebshtetjes s\u00eb fermer\u00ebve p\u00ebrmes nj\u00eb skeme q\u00eb e b\u00ebn t\u00eb pamundur devijimin q\u00eb p\u00ebr fat t\u00eb keq ka ndodhur n\u00eb t\u00eb shkuar\u00ebn ku jan\u00eb provuar skema t\u00eb subvencionimit t\u00eb naft\u00ebs p\u00ebr fermer\u00ebt. Kemi mb\u00ebshtetur drejtp\u00ebrdrejt fermer\u00ebt, prodhimin dhe transportin. Kjo paket\u00eb e rezistenc\u00ebs sociale, shton mb\u00ebshtetjen p\u00ebr fermer\u00ebt me naft\u00eb falas duke b\u00ebr\u00eb kompensimin e plot t\u00eb t\u00eb gjith\u00eb pjes\u00ebs s\u00eb taksave q\u00eb ata paguajn\u00eb p\u00ebr at\u00eb sasi nafte q\u00eb konsumojn\u00eb jasht\u00eb mb\u00ebshtetjes dhe b\u00ebn t\u00eb mundur q\u00eb p\u00ebr k\u00ebt\u00eb skem\u00eb t\u00eb financohen 14 milion\u00eb dollar\u00eb.\u201d<\/em> &#8211; tha nd\u00ebr t\u00eb tjera Rama.<\/span><\/p>\n","protected":false,"gt_translate_keys":[{"key":"rendered","format":"html"}]},"excerpt":{"rendered":"<p>Kryeministri Rama ka pohuar n\u00eb Kuvend se Paketa e Rezistenc\u00ebs Sociale rrit mb\u00ebshtetjen p\u00ebr fermer\u00ebt. Ai tha se nafta p\u00ebr k\u00ebt\u00eb kategori \u00ebsht\u00eb e subvencionuar q\u00eb prej vitit t\u00eb shkuar dhe kjo ka b\u00ebr\u00eb t\u00eb mundur q\u00eb p\u00ebr skem\u00ebn n\u00eb fjal\u00eb t\u00eb financohen 14 milion\u00eb dollar\u00eb. \u201cNafta p\u00ebr fermer\u00ebt e cila qysh prej vitit t\u00eb [&hellip;]<\/p>\n","protected":false,"gt_translate_keys":[{"key":"rendered","format":"html"}]},"author":51,"featured_media":514714,"comment_status":"closed","ping_status":"closed","sticky":false,"template":"","format":"standard","meta":{"footnotes":""},"categories":[65,13],"tags":[],"class_list":["post-514713","post","type-post","status-publish","format-standard","has-post-thumbnail","hentry","category-lajme","category-te-fundit"],"gt_translate_keys":[{"key":"link","format":"url"}],"_links":{"self":[{"href":"https:\/\/www.hashtag.al\/index.php\/wp-json\/wp\/v2\/posts\/514713","targetHints":{"allow":["GET"]}}],"collection":[{"href":"https:\/\/www.hashtag.al\/index.php\/wp-json\/wp\/v2\/posts"}],"about":[{"href":"https:\/\/www.hashtag.al\/index.php\/wp-json\/wp\/v2\/types\/post"}],"author":[{"embeddable":true,"href":"https:\/\/www.hashtag.al\/index.php\/wp-json\/wp\/v2\/users\/51"}],"replies":[{"embeddable":true,"href":"https:\/\/www.hashtag.al\/index.php\/wp-json\/wp\/v2\/comments?post=514713"}],"version-history":[{"count":0,"href":"https:\/\/www.hashtag.al\/index.php\/wp-json\/wp\/v2\/posts\/514713\/revisions"}],"wp:featuredmedia":[{"embeddable":true,"href":"https:\/\/www.hashtag.al\/index.php\/wp-json\/wp\/v2\/media\/514714"}],"wp:attachment":[{"href":"https:\/\/www.hashtag.al\/index.php\/wp-json\/wp\/v2\/media?parent=514713"}],"wp:term":[{"taxonomy":"category","embeddable":true,"href":"https:\/\/www.hashtag.al\/index.php\/wp-json\/wp\/v2\/categories?post=514713"},{"taxonomy":"post_tag","embeddable":true,"href":"https:\/\/www.hashtag.al\/index.php\/wp-json\/wp\/v2\/tags?post=514713"}],"curies":[{"name":"wp","href":"https:\/\/api.w.org\/{rel}","templated":true}]}}