{"id":514707,"date":"2022-03-31T11:43:00","date_gmt":"2022-03-31T09:43:00","guid":{"rendered":"https:\/\/www.hashtag.al\/?p=514707"},"modified":"2022-03-31T11:50:24","modified_gmt":"2022-03-31T09:50:24","slug":"gjykata-pranon-kerkesen-e-spak-per-arrestimin-e-deputetit-te-ps-se-alqi-bllako","status":"publish","type":"post","link":"https:\/\/www.hashtag.al\/index.php\/2022\/03\/31\/gjykata-pranon-kerkesen-e-spak-per-arrestimin-e-deputetit-te-ps-se-alqi-bllako\/","title":{"rendered":"Gjykata pranon k\u00ebrkes\u00ebn e SPAK p\u00ebr arrestimin e deputetit t\u00eb PS-s\u00eb Alqi Bllako","gt_translate_keys":[{"key":"rendered","format":"text"}]},"content":{"rendered":"<p><span style=\"color: #000000;\"><img loading=\"lazy\" decoding=\"async\" class=\"aligncenter size-full wp-image-514708\" src=\"https:\/\/www.hashtag.al\/wp-content\/uploads\/2022\/03\/bllako.jpg\" alt=\"\" width=\"1280\" height=\"720\" srcset=\"https:\/\/www.hashtag.al\/wp-content\/uploads\/2022\/03\/bllako.jpg 1280w, https:\/\/www.hashtag.al\/wp-content\/uploads\/2022\/03\/bllako-300x169.jpg 300w, https:\/\/www.hashtag.al\/wp-content\/uploads\/2022\/03\/bllako-1024x576.jpg 1024w, https:\/\/www.hashtag.al\/wp-content\/uploads\/2022\/03\/bllako-768x432.jpg 768w\" sizes=\"auto, (max-width: 1280px) 100vw, 1280px\" \/><\/span><\/p>\n<p><span style=\"color: #000000;\">Gjykata e Posa\u00e7me ka pranuar k\u00ebrkes\u00ebn e SPAK p\u00ebr arresytimin e deputetit t\u00eb PS-s\u00eb Alqi Bllako.<\/span><\/p>\n<p><span style=\"color: #000000;\">Ky i fundit dor\u00ebzoi dje mandatin e deputetit pasi prokuroria speciale kishte njoftuar m\u00eb her\u00ebt se do i drejtohej Kuvendit p\u00ebr t\u00eb k\u00ebrkuar arrestimin e tij. Bllako \u00ebsht\u00eb pjes\u00eb e grupit q\u00eb akuzohen p\u00ebr inceneratorin e Fierit e at\u00eb t\u00eb Elbasanit. <\/span><\/p>\n<p><span style=\"color: #000000;\">Sipas SPAK, Bllako, ish-ministri Koka e ish-kreu i komun\u00ebs Port\u00ebz P\u00ebllumb Abeshi akuzohen se kan\u00eb falsifikuar dokumentet lidhur me shpron\u00ebsimet e kryera mbi tok\u00ebn ku \u00ebsht\u00eb nd\u00ebrtuar inceneratori i Fierit duke shkaktuar nj\u00eb d\u00ebm rreth 16 milion\u00eb lek\u00eb t\u00eb reja n\u00eb buxhetin e shtetit. <\/span><\/p>\n<p><span style=\"color: #000000;\">Po k\u00ebshtu Bllako akuzohet se ka p\u00ebrfiuar shuma t\u00eb paligjshme nga kompania koncesionare e inceneratorit t\u00eb Fierit n\u00eb shum\u00ebn rreth 15 milion\u00eb lek\u00eb t\u00eb reja.<\/span><\/p>\n<p><span style=\"color: #000000;\">N\u00eb nj\u00eb deklarat\u00eb t\u00eb shkurt\u00ebr dy dit\u00eb m\u00eb par\u00eb deputeti i PS-s\u00eb Bllako tha se \u00ebsht\u00eb i pafajsh\u00ebm dhe se do e provoj\u00eb k\u00ebt\u00eb para drejt\u00ebsis\u00eb. Kryeministri Rama e kreu i grupit parlamentar t\u00eb PS-s\u00eb Balla kan\u00eb deklaruar lidhur me \u00e7\u00ebshtjen n\u00eb fjal\u00eb se p\u00ebrgjegj\u00ebsia \u00ebsht\u00eb individuale dhe se PS nuk b\u00ebhet mburoj\u00eb e askujt q\u00eb ka probleme me drejt\u00ebsin\u00eb.<\/span><\/p>\n","protected":false,"gt_translate_keys":[{"key":"rendered","format":"html"}]},"excerpt":{"rendered":"<p>Gjykata e Posa\u00e7me ka pranuar k\u00ebrkes\u00ebn e SPAK p\u00ebr arresytimin e deputetit t\u00eb PS-s\u00eb Alqi Bllako. Ky i fundit dor\u00ebzoi dje mandatin e deputetit pasi prokuroria speciale kishte njoftuar m\u00eb her\u00ebt se do i drejtohej Kuvendit p\u00ebr t\u00eb k\u00ebrkuar arrestimin e tij. Bllako \u00ebsht\u00eb pjes\u00eb e grupit q\u00eb akuzohen p\u00ebr inceneratorin e Fierit e at\u00eb [&hellip;]<\/p>\n","protected":false,"gt_translate_keys":[{"key":"rendered","format":"html"}]},"author":51,"featured_media":514708,"comment_status":"closed","ping_status":"closed","sticky":false,"template":"","format":"standard","meta":{"footnotes":""},"categories":[22,65,13],"tags":[],"class_list":["post-514707","post","type-post","status-publish","format-standard","has-post-thumbnail","hentry","category-ballina","category-lajme","category-te-fundit"],"gt_translate_keys":[{"key":"link","format":"url"}],"_links":{"self":[{"href":"https:\/\/www.hashtag.al\/index.php\/wp-json\/wp\/v2\/posts\/514707","targetHints":{"allow":["GET"]}}],"collection":[{"href":"https:\/\/www.hashtag.al\/index.php\/wp-json\/wp\/v2\/posts"}],"about":[{"href":"https:\/\/www.hashtag.al\/index.php\/wp-json\/wp\/v2\/types\/post"}],"author":[{"embeddable":true,"href":"https:\/\/www.hashtag.al\/index.php\/wp-json\/wp\/v2\/users\/51"}],"replies":[{"embeddable":true,"href":"https:\/\/www.hashtag.al\/index.php\/wp-json\/wp\/v2\/comments?post=514707"}],"version-history":[{"count":0,"href":"https:\/\/www.hashtag.al\/index.php\/wp-json\/wp\/v2\/posts\/514707\/revisions"}],"wp:featuredmedia":[{"embeddable":true,"href":"https:\/\/www.hashtag.al\/index.php\/wp-json\/wp\/v2\/media\/514708"}],"wp:attachment":[{"href":"https:\/\/www.hashtag.al\/index.php\/wp-json\/wp\/v2\/media?parent=514707"}],"wp:term":[{"taxonomy":"category","embeddable":true,"href":"https:\/\/www.hashtag.al\/index.php\/wp-json\/wp\/v2\/categories?post=514707"},{"taxonomy":"post_tag","embeddable":true,"href":"https:\/\/www.hashtag.al\/index.php\/wp-json\/wp\/v2\/tags?post=514707"}],"curies":[{"name":"wp","href":"https:\/\/api.w.org\/{rel}","templated":true}]}}