{"id":514613,"date":"2022-03-30T21:47:25","date_gmt":"2022-03-30T19:47:25","guid":{"rendered":"https:\/\/www.hashtag.al\/?p=514613"},"modified":"2022-03-30T21:48:52","modified_gmt":"2022-03-30T19:48:52","slug":"mjekuan-nuredin-dumanin-por-nuk-kallezuan-krimin-arrestohen-2-mjeke-dhe-nje-infermier","status":"publish","type":"post","link":"https:\/\/www.hashtag.al\/index.php\/2022\/03\/30\/mjekuan-nuredin-dumanin-por-nuk-kallezuan-krimin-arrestohen-2-mjeke-dhe-nje-infermier\/","title":{"rendered":"Mjekuan Nuredin Dumanin por nuk kall\u00ebzuan krimin, arrestohen 2 mjek\u00eb dhe nj\u00eb infermier","gt_translate_keys":[{"key":"rendered","format":"text"}]},"content":{"rendered":"<p style=\"text-align: justify;\"><span style=\"color: #000000;\"><img loading=\"lazy\" decoding=\"async\" class=\"aligncenter size-full wp-image-514392\" src=\"https:\/\/www.hashtag.al\/wp-content\/uploads\/2022\/03\/nure2.jpg\" alt=\"\" width=\"1535\" height=\"753\" srcset=\"https:\/\/www.hashtag.al\/wp-content\/uploads\/2022\/03\/nure2.jpg 1535w, https:\/\/www.hashtag.al\/wp-content\/uploads\/2022\/03\/nure2-300x147.jpg 300w, https:\/\/www.hashtag.al\/wp-content\/uploads\/2022\/03\/nure2-1024x502.jpg 1024w, https:\/\/www.hashtag.al\/wp-content\/uploads\/2022\/03\/nure2-768x377.jpg 768w\" sizes=\"auto, (max-width: 1535px) 100vw, 1535px\" \/><\/span><\/p>\n<p style=\"text-align: justify;\"><span style=\"color: #000000;\">Dy mjek\u00eb dhe nj\u00eb infermier jan\u00eb arrestuar p\u00ebr shkak se mjekuan Nuredin Dumanin por nuk kall\u00ebzuan n\u00eb polici ngjarjen.<\/span><\/p>\n<p style=\"text-align: justify;\"><span style=\"color: #000000;\">Mjek\u00ebt jan\u00eb arrestuar me akuz\u00ebn e moskall\u00ebzim krimit pasi kan\u00eb shkuar n\u00eb sht\u00ebpin\u00eb ku q\u00ebndronte dhe e kan\u00eb mjekuar pas plag\u00ebve t\u00eb marra nga arma e zjarrit.<\/span><\/p>\n<p style=\"text-align: justify;\"><span style=\"color: #000000;\">Dumani u arrestua n\u00eb Fier mbr\u00ebmjen e djeshme n\u00eb nj\u00eb operacion t\u00eb policis\u00eb q\u00eb pati indicien nga nj\u00eb tentativ\u00eb p\u00ebr vrasje n\u00eb aksin Elbasan-Pap\u00ebr ku u q\u00ebllua me bresh\u00ebri ndaj nj\u00eb makine BMW.<\/span><\/p>\n","protected":false,"gt_translate_keys":[{"key":"rendered","format":"html"}]},"excerpt":{"rendered":"<p>Dy mjek\u00eb dhe nj\u00eb infermier jan\u00eb arrestuar p\u00ebr shkak se mjekuan Nuredin Dumanin por nuk kall\u00ebzuan n\u00eb polici ngjarjen. Mjek\u00ebt jan\u00eb arrestuar me akuz\u00ebn e moskall\u00ebzim krimit pasi kan\u00eb shkuar n\u00eb sht\u00ebpin\u00eb ku q\u00ebndronte dhe e kan\u00eb mjekuar pas plag\u00ebve t\u00eb marra nga arma e zjarrit. Dumani u arrestua n\u00eb Fier mbr\u00ebmjen e djeshme n\u00eb [&hellip;]<\/p>\n","protected":false,"gt_translate_keys":[{"key":"rendered","format":"html"}]},"author":32,"featured_media":514392,"comment_status":"closed","ping_status":"closed","sticky":false,"template":"","format":"standard","meta":{"footnotes":""},"categories":[65,13],"tags":[],"class_list":["post-514613","post","type-post","status-publish","format-standard","has-post-thumbnail","hentry","category-lajme","category-te-fundit"],"gt_translate_keys":[{"key":"link","format":"url"}],"_links":{"self":[{"href":"https:\/\/www.hashtag.al\/index.php\/wp-json\/wp\/v2\/posts\/514613","targetHints":{"allow":["GET"]}}],"collection":[{"href":"https:\/\/www.hashtag.al\/index.php\/wp-json\/wp\/v2\/posts"}],"about":[{"href":"https:\/\/www.hashtag.al\/index.php\/wp-json\/wp\/v2\/types\/post"}],"author":[{"embeddable":true,"href":"https:\/\/www.hashtag.al\/index.php\/wp-json\/wp\/v2\/users\/32"}],"replies":[{"embeddable":true,"href":"https:\/\/www.hashtag.al\/index.php\/wp-json\/wp\/v2\/comments?post=514613"}],"version-history":[{"count":0,"href":"https:\/\/www.hashtag.al\/index.php\/wp-json\/wp\/v2\/posts\/514613\/revisions"}],"wp:featuredmedia":[{"embeddable":true,"href":"https:\/\/www.hashtag.al\/index.php\/wp-json\/wp\/v2\/media\/514392"}],"wp:attachment":[{"href":"https:\/\/www.hashtag.al\/index.php\/wp-json\/wp\/v2\/media?parent=514613"}],"wp:term":[{"taxonomy":"category","embeddable":true,"href":"https:\/\/www.hashtag.al\/index.php\/wp-json\/wp\/v2\/categories?post=514613"},{"taxonomy":"post_tag","embeddable":true,"href":"https:\/\/www.hashtag.al\/index.php\/wp-json\/wp\/v2\/tags?post=514613"}],"curies":[{"name":"wp","href":"https:\/\/api.w.org\/{rel}","templated":true}]}}