{"id":514578,"date":"2022-03-30T18:41:08","date_gmt":"2022-03-30T16:41:08","guid":{"rendered":"https:\/\/www.hashtag.al\/?p=514578"},"modified":"2022-03-30T18:41:08","modified_gmt":"2022-03-30T16:41:08","slug":"floriana-garo-prezanton-veten-ne-whatsapp-si-drejtore-e-komunikimit-te-pd","status":"publish","type":"post","link":"https:\/\/www.hashtag.al\/index.php\/2022\/03\/30\/floriana-garo-prezanton-veten-ne-whatsapp-si-drejtore-e-komunikimit-te-pd\/","title":{"rendered":"Floriana Garo prezanton veten n\u00eb Whatsapp si drejtore e Komunikimit t\u00eb PD","gt_translate_keys":[{"key":"rendered","format":"text"}]},"content":{"rendered":"<p style=\"text-align: justify;\"><span style=\"color: #000000;\"><img loading=\"lazy\" decoding=\"async\" class=\"aligncenter size-full wp-image-514579\" src=\"https:\/\/www.hashtag.al\/wp-content\/uploads\/2022\/03\/floriana-garo.jpeg\" alt=\"\" width=\"1019\" height=\"683\" srcset=\"https:\/\/www.hashtag.al\/wp-content\/uploads\/2022\/03\/floriana-garo.jpeg 1019w, https:\/\/www.hashtag.al\/wp-content\/uploads\/2022\/03\/floriana-garo-300x201.jpeg 300w, https:\/\/www.hashtag.al\/wp-content\/uploads\/2022\/03\/floriana-garo-768x515.jpeg 768w\" sizes=\"auto, (max-width: 1019px) 100vw, 1019px\" \/><\/span><\/p>\n<p style=\"text-align: justify;\"><span style=\"color: #000000;\">Pasi u b\u00eb spastrimi i grupit t\u00eb shtypit t\u00eb Lulzim Bash\u00ebs n\u00eb Whatsapp i cili p\u00ebrdorej nga PD-ja tashm\u00eb n\u00eb dor\u00eb komunikimin me mediat e ka marr\u00eb Floriana Garo.<\/span><\/p>\n<p style=\"text-align: justify;\"><span style=\"color: #000000;\">Garo dit\u00ebn e sotme prezantoi vete n\u00eb grupin e medias n\u00eb Whatsapp si Drejtore e Komunikimit.<\/span><\/p>\n<p style=\"text-align: justify;\"><span style=\"color: #000000;\">Gjat\u00eb k\u00ebsaj kohe Floriana Garo udh\u00ebhoq\u00ebi Komunikimin e Foltores nd\u00ebrsa tani pas vendimit t\u00eb Gjykat\u00ebs ka marr\u00eb edhe komunikimin e Partis\u00eb Demokratike.<\/span><\/p>\n<p style=\"text-align: justify;\"><span style=\"color: #000000;\">Prezantimin e saj Garo e b\u00ebri sot n\u00ebp\u00ebrmjet shp\u00ebrndarjes s\u00eb komunikat\u00ebs lidhur me mos thirrjen n\u00eb mbledhjen e Grupit Parlamentar t\u00eb Sali Berish\u00ebs.<\/span><\/p>\n<p style=\"text-align: justify;\"><span style=\"color: #000000;\"><strong><img loading=\"lazy\" decoding=\"async\" class=\"aligncenter size-full wp-image-514582\" src=\"https:\/\/www.hashtag.al\/wp-content\/uploads\/2022\/03\/Inkedflor-garo-dr-komunikimi-pd-edited1.jpg\" alt=\"\" width=\"731\" height=\"1464\" srcset=\"https:\/\/www.hashtag.al\/wp-content\/uploads\/2022\/03\/Inkedflor-garo-dr-komunikimi-pd-edited1.jpg 731w, https:\/\/www.hashtag.al\/wp-content\/uploads\/2022\/03\/Inkedflor-garo-dr-komunikimi-pd-edited1-150x300.jpg 150w, https:\/\/www.hashtag.al\/wp-content\/uploads\/2022\/03\/Inkedflor-garo-dr-komunikimi-pd-edited1-511x1024.jpg 511w\" sizes=\"auto, (max-width: 731px) 100vw, 731px\" \/><\/strong><\/span><\/p>\n<p style=\"text-align: justify;\"><span style=\"color: #000000;\"><strong>Njoftimi: <\/strong><\/span><\/p>\n<p style=\"text-align: justify;\"><span style=\"color: #000000;\">Mendimi, q\u00ebndrimi dhe vullneti i grupit parlamentar u injorua dhe u p\u00ebrdhos dit\u00ebn kur p\u00ebr pezullimin antistatutor t\u00eb Sali Berish\u00ebs nga grupi parlamentar, vendosi nj\u00eb individ duke mos pyetur fare as grupin parlamentar dhe asnj\u00eb institucion tjet\u00ebr t\u00eb Partis\u00eb Demokratike!<\/span><\/p>\n<p style=\"text-align: justify;\"><span style=\"color: #000000;\">Mandati i \u00e7do deputeti t\u00eb Partis\u00eb Demokratike \u00ebsht\u00eb marr\u00eb n\u00eb dt 25 Prill nga votuesit e Partis\u00eb Demokratike. Besimi i demokrateve n\u00eb mandatin e Sali Berish\u00ebs u konfirmua n\u00eb 11 Dhjetor, 18 Dhjetor dhe m\u00eb pas n\u00eb 6 Mars.<\/span><\/p>\n<p style=\"text-align: justify;\"><span style=\"color: #000000;\">Ata q\u00eb mor\u00ebn vendime duke shkelur statutin, pa pyetur K\u00ebshillin komb\u00ebtar e grupin parlamentar dhe kthyen PD per here te pare ne histori ne force te trete, sot nuk duhet te japin leksione dinjiteti por duhet te lexojne vullnetin e demokrateve te shprehur qarte me vote si e vetmja rruge per te ecur perpara! Ne demokraci respektohet mendimi i gjithsecilit por vendos shumica.<\/span><\/p>\n<p style=\"text-align: justify;\"><span style=\"color: #000000;\">Koha ku vota e demokrateve zevendesohej me urdhra dhe vullnete te liga ka marre fund!<\/span><\/p>\n<p style=\"text-align: justify;\"><span style=\"color: #000000;\">\u00c7do demokrate e demokrat duhet te ndahet nga ajo kohe!<\/span><\/p>\n<p style=\"text-align: justify;\"><span style=\"color: #000000;\">Demokratet kane folur me vote dhe te gjithe ne duhet te respektojme voten dhe vullnetin e tyre.<\/span><\/p>\n<p style=\"text-align: justify;\"><span style=\"color: #000000;\">Vetem te bashkuar do mund te ecim perpara dhe te fitojme!<\/span><\/p>\n<p style=\"text-align: justify;\"><span style=\"color: #000000;\">Floriana Garo,<\/span><\/p>\n<p style=\"text-align: justify;\"><span style=\"color: #000000;\">Drejtore e Komunikimit te Partise Demokratike<\/span><\/p>\n","protected":false,"gt_translate_keys":[{"key":"rendered","format":"html"}]},"excerpt":{"rendered":"<p>Pasi u b\u00eb spastrimi i grupit t\u00eb shtypit t\u00eb Lulzim Bash\u00ebs n\u00eb Whatsapp i cili p\u00ebrdorej nga PD-ja tashm\u00eb n\u00eb dor\u00eb komunikimin me mediat e ka marr\u00eb Floriana Garo. Garo dit\u00ebn e sotme prezantoi vete n\u00eb grupin e medias n\u00eb Whatsapp si Drejtore e Komunikimit. Gjat\u00eb k\u00ebsaj kohe Floriana Garo udh\u00ebhoq\u00ebi Komunikimin e Foltores nd\u00ebrsa [&hellip;]<\/p>\n","protected":false,"gt_translate_keys":[{"key":"rendered","format":"html"}]},"author":32,"featured_media":514579,"comment_status":"closed","ping_status":"closed","sticky":false,"template":"","format":"standard","meta":{"footnotes":""},"categories":[65,13],"tags":[],"class_list":["post-514578","post","type-post","status-publish","format-standard","has-post-thumbnail","hentry","category-lajme","category-te-fundit"],"gt_translate_keys":[{"key":"link","format":"url"}],"_links":{"self":[{"href":"https:\/\/www.hashtag.al\/index.php\/wp-json\/wp\/v2\/posts\/514578","targetHints":{"allow":["GET"]}}],"collection":[{"href":"https:\/\/www.hashtag.al\/index.php\/wp-json\/wp\/v2\/posts"}],"about":[{"href":"https:\/\/www.hashtag.al\/index.php\/wp-json\/wp\/v2\/types\/post"}],"author":[{"embeddable":true,"href":"https:\/\/www.hashtag.al\/index.php\/wp-json\/wp\/v2\/users\/32"}],"replies":[{"embeddable":true,"href":"https:\/\/www.hashtag.al\/index.php\/wp-json\/wp\/v2\/comments?post=514578"}],"version-history":[{"count":0,"href":"https:\/\/www.hashtag.al\/index.php\/wp-json\/wp\/v2\/posts\/514578\/revisions"}],"wp:featuredmedia":[{"embeddable":true,"href":"https:\/\/www.hashtag.al\/index.php\/wp-json\/wp\/v2\/media\/514579"}],"wp:attachment":[{"href":"https:\/\/www.hashtag.al\/index.php\/wp-json\/wp\/v2\/media?parent=514578"}],"wp:term":[{"taxonomy":"category","embeddable":true,"href":"https:\/\/www.hashtag.al\/index.php\/wp-json\/wp\/v2\/categories?post=514578"},{"taxonomy":"post_tag","embeddable":true,"href":"https:\/\/www.hashtag.al\/index.php\/wp-json\/wp\/v2\/tags?post=514578"}],"curies":[{"name":"wp","href":"https:\/\/api.w.org\/{rel}","templated":true}]}}