{"id":514435,"date":"2022-03-30T10:29:32","date_gmt":"2022-03-30T08:29:32","guid":{"rendered":"https:\/\/www.hashtag.al\/?p=514435"},"modified":"2022-03-30T10:29:32","modified_gmt":"2022-03-30T08:29:32","slug":"rrezohet-helikopteri-me-paqeruajtesit-e-okb-se-ne-kongo-nderrojne-jete-8-persona","status":"publish","type":"post","link":"https:\/\/www.hashtag.al\/index.php\/2022\/03\/30\/rrezohet-helikopteri-me-paqeruajtesit-e-okb-se-ne-kongo-nderrojne-jete-8-persona\/","title":{"rendered":"Rr\u00ebzohet helikopteri me paqeruajt\u00ebsit e OKB-s\u00eb n\u00eb Kongo, nd\u00ebrrojn\u00eb jet\u00eb 8 persona","gt_translate_keys":[{"key":"rendered","format":"text"}]},"content":{"rendered":"<p><span style=\"color: #000000;\"><img loading=\"lazy\" decoding=\"async\" class=\"aligncenter size-full wp-image-514436\" src=\"https:\/\/www.hashtag.al\/wp-content\/uploads\/2022\/03\/heli.jpg\" alt=\"\" width=\"768\" height=\"432\" srcset=\"https:\/\/www.hashtag.al\/wp-content\/uploads\/2022\/03\/heli.jpg 768w, https:\/\/www.hashtag.al\/wp-content\/uploads\/2022\/03\/heli-300x169.jpg 300w\" sizes=\"auto, (max-width: 768px) 100vw, 768px\" \/><\/span><\/p>\n<p><span style=\"color: #000000;\">Tet\u00eb an\u00ebtar\u00eb t\u00eb MONUSCO, misioni paqeruajt\u00ebs i OKB-s\u00eb n\u00eb Republik\u00ebn Demokratike t\u00eb Kongos, kan\u00eb nd\u00ebrruar jet\u00eb kur helikopteri i tyre u rr\u00ebzua pran\u00eb kufirit me Ruand\u00ebn t\u00eb mart\u00ebn. Ushtria kongoleze akuzoi militant\u00ebt e \u2018L\u00ebvizjes s\u00eb 23 Marsit\u2019 p\u00ebr rr\u00ebzimin e helikopterit, gj\u00eb q\u00eb rebel\u00ebt e mohuan.<\/span><\/p>\n<p><span style=\"color: #000000;\">MONUSCO tha se helikopteri pakistanez me numrin identifikues 810 ishte n\u00eb nj\u00eb fluturim zbulimi mbi Tshanzu, n\u00eb provinc\u00ebn Kivu Veriore, pran\u00eb kufirit me Ruand\u00ebn dhe Ugand\u00ebn. Ai ra t\u00eb mart\u00ebn n\u00eb territorin e kontrolluar nga rebel\u00ebt, i njohur si \u2018M23\u2019, sipas nj\u00eb deklarate t\u00eb z\u00ebdh\u00ebn\u00ebsit ushtarak kongolez, gjeneral Sylvain Ekenge.<\/span><\/p>\n<p><span style=\"color: #000000;\">P\u00ebrve\u00e7 gjasht\u00eb an\u00ebtar\u00ebve pakistanez\u00eb t\u00eb ekuipazhit, helikopteri mbante n\u00ebnkolonelin rus Alexey Mizyura dhe n\u00ebnkolonelin serb Dejan Stanojevi\u00e7, q\u00eb t\u00eb dy sh\u00ebrbenin me MONUSCO. Ushtria pakistaneze tha se t\u00eb tet\u00eb vdiq\u00ebn n\u00eb aksident, por nuk specifikoi shkakun.<\/span><\/p>\n<p><span style=\"color: #000000;\">Z\u00ebvend\u00ebs komandanti i MONUSCO-s, gjenerali Benoit Chavanat, njoftoi t\u00eb mart\u00ebn n\u00eb m\u00ebngjes se forca e OKB-s\u00eb \u2018nuk \u00ebsht\u00eb e p\u00ebrfshir\u00eb drejtp\u00ebrdrejt n\u00eb luftime\u2019 kund\u00ebr M23, por se pjes\u00eb e mandatit t\u00eb saj \u00ebsht\u00eb t\u00eb \u2018veproj\u00eb n\u00eb mb\u00ebshtetje\u2019 t\u00eb ushtris\u00eb kongoleze p\u00ebr t\u00eb mbrojtur civil\u00ebt.<\/span><\/p>\n<p><span style=\"color: #000000;\">Zona ka par\u00eb luftime t\u00eb vazhdueshme midis ushtris\u00eb kongoleze dhe \u2018M23\u2019. Militant\u00ebt e mb\u00ebshtetur nga Ruanda mendohej se ishin mundur n\u00eb vitin 2013, me ndihm\u00ebn e paqeruajt\u00ebsve t\u00eb OKB-s\u00eb, por u ngrit\u00ebn p\u00ebrs\u00ebri n\u00eb n\u00ebntor t\u00eb vitit t\u00eb kaluar. Ushtria kongoleze ka akuzuar Ruand\u00ebn se ka ndihmuar \u2018M23\u2019 t\u00eb kryej\u00eb bastisje n\u00eb Kivun\u00eb Veriore gjat\u00eb fundjav\u00ebs.<\/span><\/p>\n<p><span style=\"color: #000000;\">Nd\u00ebrkoh\u00eb, Uganda tha se forcat e saj t\u00eb armatosura jan\u00eb p\u00ebrleshur me \u2018M23\u2019 pran\u00eb kufirit me Kongon, pasi rebel\u00ebt bombarduan nj\u00eb vendbanim civil.<\/span><\/p>\n<p><img loading=\"lazy\" decoding=\"async\" class=\"aligncenter size-full wp-image-514438\" src=\"https:\/\/www.hashtag.al\/wp-content\/uploads\/2022\/03\/heli2.jpg\" alt=\"\" width=\"703\" height=\"601\" srcset=\"https:\/\/www.hashtag.al\/wp-content\/uploads\/2022\/03\/heli2.jpg 703w, https:\/\/www.hashtag.al\/wp-content\/uploads\/2022\/03\/heli2-300x256.jpg 300w\" sizes=\"auto, (max-width: 703px) 100vw, 703px\" \/><\/p>\n","protected":false,"gt_translate_keys":[{"key":"rendered","format":"html"}]},"excerpt":{"rendered":"<p>Tet\u00eb an\u00ebtar\u00eb t\u00eb MONUSCO, misioni paqeruajt\u00ebs i OKB-s\u00eb n\u00eb Republik\u00ebn Demokratike t\u00eb Kongos, kan\u00eb nd\u00ebrruar jet\u00eb kur helikopteri i tyre u rr\u00ebzua pran\u00eb kufirit me Ruand\u00ebn t\u00eb mart\u00ebn. Ushtria kongoleze akuzoi militant\u00ebt e \u2018L\u00ebvizjes s\u00eb 23 Marsit\u2019 p\u00ebr rr\u00ebzimin e helikopterit, gj\u00eb q\u00eb rebel\u00ebt e mohuan. MONUSCO tha se helikopteri pakistanez me numrin identifikues 810 [&hellip;]<\/p>\n","protected":false,"gt_translate_keys":[{"key":"rendered","format":"html"}]},"author":51,"featured_media":514436,"comment_status":"closed","ping_status":"closed","sticky":false,"template":"","format":"standard","meta":{"footnotes":""},"categories":[6],"tags":[],"class_list":["post-514435","post","type-post","status-publish","format-standard","has-post-thumbnail","hentry","category-nderkombetare"],"gt_translate_keys":[{"key":"link","format":"url"}],"_links":{"self":[{"href":"https:\/\/www.hashtag.al\/index.php\/wp-json\/wp\/v2\/posts\/514435","targetHints":{"allow":["GET"]}}],"collection":[{"href":"https:\/\/www.hashtag.al\/index.php\/wp-json\/wp\/v2\/posts"}],"about":[{"href":"https:\/\/www.hashtag.al\/index.php\/wp-json\/wp\/v2\/types\/post"}],"author":[{"embeddable":true,"href":"https:\/\/www.hashtag.al\/index.php\/wp-json\/wp\/v2\/users\/51"}],"replies":[{"embeddable":true,"href":"https:\/\/www.hashtag.al\/index.php\/wp-json\/wp\/v2\/comments?post=514435"}],"version-history":[{"count":0,"href":"https:\/\/www.hashtag.al\/index.php\/wp-json\/wp\/v2\/posts\/514435\/revisions"}],"wp:featuredmedia":[{"embeddable":true,"href":"https:\/\/www.hashtag.al\/index.php\/wp-json\/wp\/v2\/media\/514436"}],"wp:attachment":[{"href":"https:\/\/www.hashtag.al\/index.php\/wp-json\/wp\/v2\/media?parent=514435"}],"wp:term":[{"taxonomy":"category","embeddable":true,"href":"https:\/\/www.hashtag.al\/index.php\/wp-json\/wp\/v2\/categories?post=514435"},{"taxonomy":"post_tag","embeddable":true,"href":"https:\/\/www.hashtag.al\/index.php\/wp-json\/wp\/v2\/tags?post=514435"}],"curies":[{"name":"wp","href":"https:\/\/api.w.org\/{rel}","templated":true}]}}