{"id":514375,"date":"2022-03-29T23:45:22","date_gmt":"2022-03-29T21:45:22","guid":{"rendered":"https:\/\/www.hashtag.al\/?p=514375"},"modified":"2022-03-29T23:47:29","modified_gmt":"2022-03-29T21:47:29","slug":"detaje-nga-arrestimi-i-dumanit-ne-fier-i-plagosur-po-mjekohej-ne-nje-apartament","status":"publish","type":"post","link":"https:\/\/www.hashtag.al\/index.php\/2022\/03\/29\/detaje-nga-arrestimi-i-dumanit-ne-fier-i-plagosur-po-mjekohej-ne-nje-apartament\/","title":{"rendered":"Detaje nga arrestimi i Dumanit n\u00eb Fier, i plagosur po mjekohej n\u00eb nj\u00eb apartament","gt_translate_keys":[{"key":"rendered","format":"text"}]},"content":{"rendered":"<p style=\"text-align: justify;\"><span style=\"color: #000000;\"><img loading=\"lazy\" decoding=\"async\" class=\"size-full wp-image-514376 aligncenter\" src=\"https:\/\/www.hashtag.al\/wp-content\/uploads\/2022\/03\/dumani.png\" alt=\"\" width=\"708\" height=\"385\" srcset=\"https:\/\/www.hashtag.al\/wp-content\/uploads\/2022\/03\/dumani.png 708w, https:\/\/www.hashtag.al\/wp-content\/uploads\/2022\/03\/dumani-300x163.png 300w\" sizes=\"auto, (max-width: 708px) 100vw, 708px\" \/><\/span><\/p>\n<p style=\"text-align: justify;\"><span style=\"color: #000000;\">T\u00eb tjera detaje kan\u00eb dal\u00eb n\u00eb lidhje me arrestimin e Nuredin Dumanit, i cili ishte n\u00eb k\u00ebrkim p\u00ebr disa vrasje, nd\u00ebrsa pasditen e sotme ai dyshohet se i b\u00ebri atentat Talo \u00c7eles, ky i fundit gjithashtu dyshohet se ka mbetur i plagosur.<\/span><\/p>\n<p style=\"text-align: justify;\"><span style=\"color: #000000;\">Dumani u arrestua n\u00eb nj\u00eb pallat q\u00eb ndodhet rreth 1 km larg spitalit t\u00eb Fierit, gjat\u00eb nj\u00eb aksioni t\u00eb policis\u00eb dhe RENEA-s.<\/span><\/p>\n<p style=\"text-align: justify;\"><span style=\"color: #000000;\">N\u00eb momentin e arrestimit, Dumani nuk ka b\u00ebr\u00eb rezistenc\u00eb, pasi ka qen\u00eb i shtrir\u00eb n\u00eb nj\u00eb krevat dhe ishte duke u mjekuar n\u00eb kushte sht\u00ebpie.<\/span><\/p>\n<p style=\"text-align: justify;\"><span style=\"color: #000000;\">Policia i ka gjetur n\u00eb cil\u00ebsin\u00eb e prov\u00ebs material nj\u00eb arm\u00eb zjarri, nd\u00ebrsa n\u00eb banes\u00ebn ku ai q\u00ebndronte \u00ebsht\u00eb arrestuar edhe nj\u00eb person tjet\u00ebr, gjithashtu i armatosur.\u00a0<\/span><\/p>\n<p style=\"text-align: justify;\"><span style=\"color: #000000;\">Nuredin Dumani ka q\u00eblluar mbi 20 her\u00eb drejt BMW-s\u00eb me xhama t\u00eb zinj ku dyshohej se fshihej Talo \u00c7ela. Ky i fundit i \u00ebsht\u00eb kund\u00ebrp\u00ebrgjigjur k\u00ebtij sulmi me arm\u00eb, p\u00ebr pasoj\u00eb ka mbetur i plagosur Dumani. Menj\u00ebher\u00eb pas k\u00ebsaj ngjarje, Talo \u00c7ela q\u00eb dyshohej se fshihej te BM\u00cb-ja me targa t\u00eb vjedhura n\u00eb Durr\u00ebs n\u00eb prill t\u00eb 2021, ka braktisur makin\u00ebn dhe \u00ebsht\u00eb larguar nga vendi i ngjarjes, e nd\u00ebrsa Dumani \u00ebsht\u00eb arrestuar n\u00eb Fier.<\/span><\/p>\n<p style=\"text-align: justify;\"><span style=\"color: #000000;\">Ai ka marr\u00eb plag\u00eb n\u00eb shtyll\u00ebn kurrizore, ku gjendja e tij paraqitet e r\u00ebnd\u00eb, p\u00ebr pasoj\u00eb \u00ebsht\u00eb nisur drejt Traum\u00ebs n\u00eb Tiran\u00eb.<\/span><\/p>\n","protected":false,"gt_translate_keys":[{"key":"rendered","format":"html"}]},"excerpt":{"rendered":"<p>T\u00eb tjera detaje kan\u00eb dal\u00eb n\u00eb lidhje me arrestimin e Nuredin Dumanit, i cili ishte n\u00eb k\u00ebrkim p\u00ebr disa vrasje, nd\u00ebrsa pasditen e sotme ai dyshohet se i b\u00ebri atentat Talo \u00c7eles, ky i fundit gjithashtu dyshohet se ka mbetur i plagosur. Dumani u arrestua n\u00eb nj\u00eb pallat q\u00eb ndodhet rreth 1 km larg spitalit [&hellip;]<\/p>\n","protected":false,"gt_translate_keys":[{"key":"rendered","format":"html"}]},"author":32,"featured_media":514376,"comment_status":"closed","ping_status":"closed","sticky":false,"template":"","format":"standard","meta":{"footnotes":""},"categories":[65,13],"tags":[],"class_list":["post-514375","post","type-post","status-publish","format-standard","has-post-thumbnail","hentry","category-lajme","category-te-fundit"],"gt_translate_keys":[{"key":"link","format":"url"}],"_links":{"self":[{"href":"https:\/\/www.hashtag.al\/index.php\/wp-json\/wp\/v2\/posts\/514375","targetHints":{"allow":["GET"]}}],"collection":[{"href":"https:\/\/www.hashtag.al\/index.php\/wp-json\/wp\/v2\/posts"}],"about":[{"href":"https:\/\/www.hashtag.al\/index.php\/wp-json\/wp\/v2\/types\/post"}],"author":[{"embeddable":true,"href":"https:\/\/www.hashtag.al\/index.php\/wp-json\/wp\/v2\/users\/32"}],"replies":[{"embeddable":true,"href":"https:\/\/www.hashtag.al\/index.php\/wp-json\/wp\/v2\/comments?post=514375"}],"version-history":[{"count":0,"href":"https:\/\/www.hashtag.al\/index.php\/wp-json\/wp\/v2\/posts\/514375\/revisions"}],"wp:featuredmedia":[{"embeddable":true,"href":"https:\/\/www.hashtag.al\/index.php\/wp-json\/wp\/v2\/media\/514376"}],"wp:attachment":[{"href":"https:\/\/www.hashtag.al\/index.php\/wp-json\/wp\/v2\/media?parent=514375"}],"wp:term":[{"taxonomy":"category","embeddable":true,"href":"https:\/\/www.hashtag.al\/index.php\/wp-json\/wp\/v2\/categories?post=514375"},{"taxonomy":"post_tag","embeddable":true,"href":"https:\/\/www.hashtag.al\/index.php\/wp-json\/wp\/v2\/tags?post=514375"}],"curies":[{"name":"wp","href":"https:\/\/api.w.org\/{rel}","templated":true}]}}