{"id":514349,"date":"2022-03-29T21:45:12","date_gmt":"2022-03-29T19:45:12","guid":{"rendered":"https:\/\/www.hashtag.al\/?p=514349"},"modified":"2022-03-29T21:45:12","modified_gmt":"2022-03-29T19:45:12","slug":"4-vite-pune-intensive-evropa-eshte-ketu-me-shume-se-kurre-soreca-mesazh-pas-largimit-nga-shqiperia","status":"publish","type":"post","link":"https:\/\/www.hashtag.al\/index.php\/2022\/03\/29\/4-vite-pune-intensive-evropa-eshte-ketu-me-shume-se-kurre-soreca-mesazh-pas-largimit-nga-shqiperia\/","title":{"rendered":"\u201c4 vite pun\u00eb intensive. Evropa \u00ebsht\u00eb k\u00ebtu m\u00eb shum\u00eb se kurr\u00eb\u201d-Soreca mesazh pas largimit nga Shqip\u00ebria","gt_translate_keys":[{"key":"rendered","format":"text"}]},"content":{"rendered":"<p style=\"text-align: justify;\"><span style=\"color: #000000;\"><img loading=\"lazy\" decoding=\"async\" class=\"aligncenter size-full wp-image-512132\" src=\"https:\/\/www.hashtag.al\/wp-content\/uploads\/2022\/03\/soreca.png\" alt=\"\" width=\"635\" height=\"450\" srcset=\"https:\/\/www.hashtag.al\/wp-content\/uploads\/2022\/03\/soreca.png 635w, https:\/\/www.hashtag.al\/wp-content\/uploads\/2022\/03\/soreca-300x213.png 300w\" sizes=\"auto, (max-width: 635px) 100vw, 635px\" \/><\/span><\/p>\n<p style=\"text-align: justify;\"><span style=\"color: #000000;\">Luigi Soreca ka dh\u00ebn\u00eb mesazhin e fundit t\u00eb largimit nga Shqip\u00ebria pasi i mbaroi mandati si Ambasador i Bashkimit Evropian.<\/span><\/p>\n<p style=\"text-align: justify;\"><span style=\"color: #000000;\">Soreca shkruan se n\u00eb 4 vite ka pasur pun\u00eb intensive, kriza t\u00eb shumta. Ai shton se Evropa \u00ebsht\u00eb n\u00eb Shqip\u00ebri m\u00eb shum\u00eb se kurr\u00eb.<\/span><\/p>\n<p style=\"text-align: justify;\"><span style=\"color: #000000;\"><em>\u201cTakova sot Kryeministrin Edi Rama, Ministren Olta Xha\u00e7ka dhe Presidentin Ilir Meta n\u00eb fund t\u00eb mandatit tim si Ambasador i BE-s\u00eb n\u00eb Shqip\u00ebri<\/em><\/span><\/p>\n<p style=\"text-align: justify;\"><span style=\"color: #000000;\"><em>4 vite pun\u00eb intensive, kriza t\u00eb shumta, arritje t\u00eb r\u00ebnd\u00ebsishme. Evropa \u00ebsht\u00eb k\u00ebtu, m\u00eb shum\u00eb se kurr\u00eb! Mirupafshim!&#8221;-<\/em>shkruan Soreca n\u00eb mesazhin e tij.<\/span><\/p>\n","protected":false,"gt_translate_keys":[{"key":"rendered","format":"html"}]},"excerpt":{"rendered":"<p>Luigi Soreca ka dh\u00ebn\u00eb mesazhin e fundit t\u00eb largimit nga Shqip\u00ebria pasi i mbaroi mandati si Ambasador i Bashkimit Evropian. Soreca shkruan se n\u00eb 4 vite ka pasur pun\u00eb intensive, kriza t\u00eb shumta. Ai shton se Evropa \u00ebsht\u00eb n\u00eb Shqip\u00ebri m\u00eb shum\u00eb se kurr\u00eb. \u201cTakova sot Kryeministrin Edi Rama, Ministren Olta Xha\u00e7ka dhe Presidentin Ilir [&hellip;]<\/p>\n","protected":false,"gt_translate_keys":[{"key":"rendered","format":"html"}]},"author":32,"featured_media":512132,"comment_status":"closed","ping_status":"closed","sticky":false,"template":"","format":"standard","meta":{"footnotes":""},"categories":[65,13],"tags":[],"class_list":["post-514349","post","type-post","status-publish","format-standard","has-post-thumbnail","hentry","category-lajme","category-te-fundit"],"gt_translate_keys":[{"key":"link","format":"url"}],"_links":{"self":[{"href":"https:\/\/www.hashtag.al\/index.php\/wp-json\/wp\/v2\/posts\/514349","targetHints":{"allow":["GET"]}}],"collection":[{"href":"https:\/\/www.hashtag.al\/index.php\/wp-json\/wp\/v2\/posts"}],"about":[{"href":"https:\/\/www.hashtag.al\/index.php\/wp-json\/wp\/v2\/types\/post"}],"author":[{"embeddable":true,"href":"https:\/\/www.hashtag.al\/index.php\/wp-json\/wp\/v2\/users\/32"}],"replies":[{"embeddable":true,"href":"https:\/\/www.hashtag.al\/index.php\/wp-json\/wp\/v2\/comments?post=514349"}],"version-history":[{"count":0,"href":"https:\/\/www.hashtag.al\/index.php\/wp-json\/wp\/v2\/posts\/514349\/revisions"}],"wp:featuredmedia":[{"embeddable":true,"href":"https:\/\/www.hashtag.al\/index.php\/wp-json\/wp\/v2\/media\/512132"}],"wp:attachment":[{"href":"https:\/\/www.hashtag.al\/index.php\/wp-json\/wp\/v2\/media?parent=514349"}],"wp:term":[{"taxonomy":"category","embeddable":true,"href":"https:\/\/www.hashtag.al\/index.php\/wp-json\/wp\/v2\/categories?post=514349"},{"taxonomy":"post_tag","embeddable":true,"href":"https:\/\/www.hashtag.al\/index.php\/wp-json\/wp\/v2\/tags?post=514349"}],"curies":[{"name":"wp","href":"https:\/\/api.w.org\/{rel}","templated":true}]}}