{"id":514173,"date":"2022-03-29T10:51:05","date_gmt":"2022-03-29T08:51:05","guid":{"rendered":"https:\/\/www.hashtag.al\/?p=514173"},"modified":"2022-03-29T10:57:53","modified_gmt":"2022-03-29T08:57:53","slug":"inceneratoret-zbardhet-vendimi-i-plote-i-gjkko-per-9-personat-nen-hetim-arrest-me-burg-per-7-prej-tyre","status":"publish","type":"post","link":"https:\/\/www.hashtag.al\/index.php\/2022\/03\/29\/inceneratoret-zbardhet-vendimi-i-plote-i-gjkko-per-9-personat-nen-hetim-arrest-me-burg-per-7-prej-tyre\/","title":{"rendered":"Incenerator\u00ebt\/ Zbardhet vendimi i plot\u00eb i GJKKO p\u00ebr 9 personat n\u00ebn hetim, arrest me burg p\u00ebr 7 prej tyre","gt_translate_keys":[{"key":"rendered","format":"text"}]},"content":{"rendered":"<p><span style=\"color: #000000;\"><img loading=\"lazy\" decoding=\"async\" class=\"aligncenter size-full wp-image-514174\" src=\"https:\/\/www.hashtag.al\/wp-content\/uploads\/2022\/03\/inceneratoret-ok.jpg\" alt=\"\" width=\"734\" height=\"377\" srcset=\"https:\/\/www.hashtag.al\/wp-content\/uploads\/2022\/03\/inceneratoret-ok.jpg 734w, https:\/\/www.hashtag.al\/wp-content\/uploads\/2022\/03\/inceneratoret-ok-300x154.jpg 300w\" sizes=\"auto, (max-width: 734px) 100vw, 734px\" \/><\/span><\/p>\n<p><span style=\"color: #000000;\">Zbardhet vendimi i plot\u00eb i gjykat\u00ebs p\u00ebr 9 persona p\u00ebr t\u00eb cil\u00ebt SPAK ka l\u00ebshuar urdh\u00ebr-arrest. Mes personave ndaj t\u00eb cil\u00ebve \u00ebsht\u00eb caktuar masa \u2018arrest me burg\u2019 \u00ebsht\u00eb edhe ish-ministri Lefter Koka dhe biznesmeni Klodian Zoto. Vet\u00ebm p\u00ebr 7 prej tyre esht\u00eb vendosur masa \u2018arrest me burg\u2019.<\/span><\/p>\n<p><span style=\"color: #000000;\">Gazetarja Klodiana Lala n\u00eb nj\u00eb lidhje live p\u00ebr \u2018News24\u2019 tha se p\u00ebr ish-ministrin, prokuroria ka vendosur t\u00eb k\u00ebrkoj\u00eb nj\u00eb tjet\u00ebr mas\u00eb sigurie lidhur me inceneratorin e Fierit.<\/span><\/p>\n<p><span style=\"color: #000000;\"><em>\u201cR\u00ebndohet pozita e ish-ministrit t\u00eb Mjedisit Lefter Koka. Prokuroria ka vendosur t\u00eb k\u00ebrkoj\u00eb nj\u00eb tjet\u00ebr mas\u00eb sigurie lidhur me inceneratorin e Fierit. Ish-ministri i Mjedisit q\u00eb konsiderohet si koka e afer\u00ebs s\u00eb Elbasanit do t\u00eb duhet t\u00eb hetohet edhe p\u00ebr inceneratorin e Fierit. <\/em><\/span><\/p>\n<p><span style=\"color: #000000;\"><em>P\u00ebrve\u00e7 tij \u00ebsht\u00eb edhe P\u00ebllumb Abeshi, gjithashtu \u00ebsht\u00eb vendosur arrest me burg p\u00ebr Azem Shat\u00ebrin dhe Florain Mu\u00e7\u00ebn, aktualisht drejtor i Abetrol. P\u00ebr Klodian Zoton \u00ebsht\u00eb vendosur nj\u00eb tjet\u00ebr mas\u00eb sigurie p\u00ebr ineceneratorin e Fierit, Zoto \u00ebsht\u00eb gjithashtu p\u00ebr inceneratorin e Elbasanit.<\/em><\/span><\/p>\n<p><span style=\"color: #000000;\"><em> Lefter Koka ishte i dyshuar kryesor p\u00ebr inceneratorin e Elbasanit, por tashm\u00eb r\u00ebndojn\u00eb dyshimet edhe p\u00ebr korrupsion. N\u00eb rastin konkret Klodian Zoto \u00ebsht\u00eb i implikuar direkt. nd\u00ebrkoh\u00eb ajo q\u00eb bie n\u00eb sy \u00ebsht\u00eb se mungojn\u00eb emra politik\u00eb. Pra nuk ka nj\u00eb k\u00ebrkes\u00eb pran\u00eb Kuvendit t\u00eb Shqip\u00ebris\u00eb p\u00ebr emra t\u00eb dyshuar.\u201d<\/em>, tha Lala.<\/span><\/p>\n<p><span style=\"color: #000000;\"><strong>Personat n\u00ebn hetim<\/strong><\/span><\/p>\n<p><span style=\"color: #000000;\">Lefter Koka, ish-minist\u00ebr i Mjedisit<\/span><\/p>\n<p><span style=\"color: #000000;\">Azem Shat\u00ebri, ish-kryekomunar, Port\u00ebz<\/span><\/p>\n<p><span style=\"color: #000000;\">P\u00ebllumb Abeshi, ish-an\u00ebtar i komisionit t\u00eb prokurimit t\u00eb koncesineve<\/span><\/p>\n<p><span style=\"color: #000000;\">Florian Mu\u00e7aj, ish-an\u00ebtar i komisionit<\/span><\/p>\n<p><span style=\"color: #000000;\">Erion Murataj, ish-an\u00ebtar i komisionit<\/span><\/p>\n<p><span style=\"color: #000000;\">Sabina Cenoimeri, ish-an\u00ebtare e komisionit<\/span><\/p>\n<p><span style=\"color: #000000;\">Etleva Kondi, ish-an\u00ebtare e komisionit<\/span><\/p>\n<p><span style=\"color: #000000;\">Klodian Zoto, ish-administrator i Integratet technology servises<\/span><\/p>\n<p><span style=\"color: #000000;\">Arenc Myrtezai, ish-adminiatrator i inceneratorit t\u00eb Fierit<\/span><\/p>\n<p><strong><span style=\"color: #000000;\">Vendimi i Gjykat\u00ebs<\/span><\/strong><\/p>\n<p><span style=\"color: #000000;\">Shkurtim vendimi<\/span><\/p>\n<p><span style=\"color: #000000;\">\u201cN\u00eb em\u00ebr t\u00eb Republik\u00ebs\u201d<\/span><\/p>\n<p><span style=\"color: #000000;\">Gjykata e Posa\u00e7me e Shkall\u00ebs s\u00eb Par\u00eb p\u00ebr Korrupsionin dhe Krimin e Organizuar, me trup gjykues t\u00eb p\u00ebrb\u00ebr\u00eb prej:<\/span><\/p>\n<p><span style=\"color: #000000;\">Gjyqtare &#8211; Irena Gjoka<\/span><\/p>\n<p><span style=\"color: #000000;\">asistuar nga sekretare gjyq\u00ebsore Bora Totolaku, sot me dat\u00eb 26.03.2022, mori n\u00eb shqyrtim n\u00eb dhom\u00eb k\u00ebshillimi, k\u00ebrkes\u00ebn penale me nr. 22 Akti q\u00eb i p\u00ebrket:<\/span><\/p>\n<p><span style=\"color: #000000;\">K\u00ebrkues: Prokuroria e Posa\u00e7me Kund\u00ebr Korrupsionit dhe Krimit t\u00eb Organizuar, p\u00ebrfaq\u00ebsuar n\u00eb paraqitjen e k\u00ebrkes\u00ebs nga prokurori Dritan Pren\u00e7i.<\/span><\/p>\n<p><span style=\"color: #000000;\">Objekti: I.Caktimin e masave t\u00eb sigurimit personal sht\u00ebrngues \u201cArresti n\u00eb burg\u201d parashikuar nga neni 238 i K.Pr.Penale<\/span><\/p>\n<p><span style=\"color: #000000;\">Ndaj personave n\u00ebn hetim<\/span><\/p>\n<ol>\n<li><span style=\"color: #000000;\">Lefter Koka<\/span><\/li>\n<\/ol>\n<p><span style=\"color: #000000;\">I DYSHUAR: P\u00ebr kryerjen e veprave penale \u201cShp\u00ebrdorimi i detyr\u00ebs\u201d, n\u00eb bashk\u00ebpunim, \u201cKorrupsioni pasiv i funksionar\u00ebve t\u00eb lart\u00eb shtet\u00ebror\u00eb ose i t\u00eb zgjedhurve vendor\u00eb\u201d dhe \u201cPastrimi i produkteve t\u00eb vepr\u00ebs penale apo i veprimtaris\u00eb kriminale\u201d, kryer n\u00eb rrethan\u00ebn cil\u00ebsuese \u201cn\u00eb bashk\u00ebpunim\u201d, t\u00eb parashikuara p\u00ebrkat\u00ebsisht nga nenet 248 e 25, 260 e 25, 287\/1, g\u00ebrma \u201ca\u201d dhe \u201cb\u201d dhe 278\/2 t\u00eb Kodit Penal.<\/span><\/p>\n<ol start=\"2\">\n<li><span style=\"color: #000000;\">P\u00ebllumb Abeshi<\/span><\/li>\n<\/ol>\n<p><span style=\"color: #000000;\">I DYSHUAR: P\u00ebr kryerjen e vepr\u00ebs penale \u201cShp\u00ebrdorimi i detyr\u00ebs\u201d, n\u00eb bashk\u00ebpunim, parashikuar nga nenet 248 dhe 25 t\u00eb Kodit Penal.<\/span><\/p>\n<ol start=\"3\">\n<li><span style=\"color: #000000;\">Azem Shat\u00ebri<\/span><\/li>\n<\/ol>\n<p><span style=\"color: #000000;\">I DYSHUAR: P\u00ebr kryerjen e vepr\u00ebs penale \u201cShp\u00ebrdorimi i detyr\u00ebs\u201d, n\u00eb bashk\u00ebpunim, parashikuar nga nenet 248 dhe 25 t\u00eb Kodit Penal.<\/span><\/p>\n<ol start=\"4\">\n<li><span style=\"color: #000000;\">Florjan Mu\u00e7aj<\/span><\/li>\n<\/ol>\n<p><span style=\"color: #000000;\">I DYSHUAR: P\u00ebr kryerjen e vepr\u00ebs penale \u201cShp\u00ebrdorimi i detyr\u00ebs\u201d, n\u00eb bashk\u00ebpunim, parashikuar nga nenet 248 dhe 25 t\u00eb Kodit Penal.<\/span><\/p>\n<ol start=\"5\">\n<li><span style=\"color: #000000;\">Erjon Murataj<\/span><\/li>\n<\/ol>\n<p><span style=\"color: #000000;\">I DYSHUAR: P\u00ebr kryerjen e vepr\u00ebs penale \u201cShp\u00ebrdorimi i detyr\u00ebs\u201d, n\u00eb bashk\u00ebpunim, parashikuar nga nenet 248 dhe 25 t\u00eb Kodit Penal.<\/span><\/p>\n<ol start=\"6\">\n<li><span style=\"color: #000000;\">Klodian Zoto<\/span><\/li>\n<\/ol>\n<p><span style=\"color: #000000;\">I DYSHUAR: P\u00ebr kryerjen e veprave penale \u201cKorrupsioni aktiv i funksionar\u00ebve t\u00eb lart\u00eb shtet\u00ebror\u00eb ose i t\u00eb zgjedhurve vendor\u00eb\u201d dhe \u201cPastrimi i produkteve t\u00eb vepr\u00ebs penale apo i veprimtaris\u00eb kriminale\u201d, kryer n\u00eb rrethan\u00ebn cil\u00ebsuese \u201cn\u00eb bashk\u00ebpunim\u201d, t\u00eb parashikuara p\u00ebrkat\u00ebsisht nga nenet 245 e 25 dhe 287\/1, g\u00ebrma \u201ca\u201d dhe \u201cb\u201d dhe 278\/2 t\u00eb Kodit Penal.<\/span><\/p>\n<ol start=\"7\">\n<li><span style=\"color: #000000;\">Arenc Myrtezani<\/span><\/li>\n<\/ol>\n<p><span style=\"color: #000000;\">I DYSHUAR: P\u00ebr kryerjen e veprave penale \u201cKorrupsioni aktiv i funksionar\u00ebve t\u00eb lart\u00eb shtet\u00ebror\u00eb ose i t\u00eb zgjedhurve vendor\u00eb\u201d dhe \u201cPastrimi i produkteve t\u00eb vepr\u00ebs penale apo i veprimtaris\u00eb kriminale\u201d, kryer n\u00eb rrethan\u00ebn cil\u00ebsuese \u201cn\u00eb bashk\u00ebpunim\u201d, t\u00eb parashikuara p\u00ebrkat\u00ebsisht nga nenet 245 e 25 dhe 287\/1, g\u00ebrma \u201ca\u201d dhe \u201cb\u201d dhe 278\/2 t\u00eb Kodit Penal.<\/span><\/p>\n<p><span style=\"color: #000000;\">II.Caktimin e mas\u00ebs s\u00eb sigurimit personal shtr\u00ebngues \u201cArrest n\u00eb sht\u00ebpi\u201d parashikuar nga neni 237 i K.Pr.Penale, ndaj personave n\u00ebn hetim:<\/span><\/p>\n<ol start=\"8\">\n<li><span style=\"color: #000000;\">Sabina Cenameri<\/span><\/li>\n<\/ol>\n<p><span style=\"color: #000000;\">E DYSHUAR: P\u00ebr kryerjen e vepr\u00ebs penale \u201cShp\u00ebrdorimi i detyr\u00ebs\u201d, n\u00eb bashk\u00ebpunim, parashikuar nga nenet 248 dhe 25 t\u00eb Kodit Penal.<\/span><\/p>\n<ol start=\"9\">\n<li><span style=\"color: #000000;\">Etleva Kondi<\/span><\/li>\n<\/ol>\n<p><span style=\"color: #000000;\">E DYSHUAR: P\u00ebr kryerjen e vepr\u00ebs penale \u201cShp\u00ebrdorimi i detyr\u00ebs\u201d, n\u00eb bashk\u00ebpunim, parashikuar nga nenet 248 dhe 25 t\u00eb Kodit Penal.<\/span><\/p>\n<p><span style=\"color: #000000;\">BAZA LIGJORE: Nenet 228, 229, 230, 237, 238 244\/1 t\u00eb K.Pr.Penale.<\/span><\/p>\n<p><span style=\"color: #000000;\">Gjykata, n\u00eb dhom\u00eb k\u00ebshillimi pasi shqyrtoi k\u00ebrkes\u00ebn, mori provat dhe aktet e paraqitura nga prokurori, si dhe pasi vler\u00ebsoi \u00e7\u00ebshtjen n\u00eb t\u00ebr\u00ebsi, bazuar n\u00eb nenet 112\/2, 228, 229, 230, 232, pika 1 g\u00ebrmat \u201c\u201cd\u201d dhe \u201cdh\u201d, 237, 238, 244, 245, 249 dhe 466 t\u00eb Kodit t\u00eb Procedur\u00ebs Penale;<\/span><\/p>\n<p><strong><span style=\"color: #000000;\">Vendosi<\/span><\/strong><\/p>\n<p><span style=\"color: #000000;\">I. Pranimin e k\u00ebrkes\u00ebs s\u00eb paraqitur nga Prokuroria e Posa\u00e7me Kund\u00ebr Korrupsionit dhe Krimit t\u00eb Organizuar.<\/span><\/p>\n<ol>\n<li><span style=\"color: #000000;\">Caktimin e mas\u00ebs s\u00eb sigurimit personal shtr\u00ebngues \u201carrest n\u00eb burg\u201d, e parashikuar nga neni 238 i K.Pr.Penale, ndaj shtetasit n\u00ebn hetim Lefter Koka, i biri i Haki-ut dhe i Lumturie-s, i dat\u00eblindjes 04.08.1964, lindur dhe banues n\u00eb Durr\u00ebs, me gjendje civile i martuar, me komb\u00ebsi dhe shtet\u00ebsi shqiptare, i dyshuar: p\u00ebr kryerjen e veprave penale \u201cShp\u00ebrdorimi i detyr\u00ebs\u201d, n\u00eb bashk\u00ebpunim, \u201cKorrupsioni pasiv i funksionar\u00ebve t\u00eb lart\u00eb shtet\u00ebror\u00eb ose i t\u00eb zgjedhurve vendor\u00eb\u201d dhe \u201cPastrimi i produkteve t\u00eb vepr\u00ebs penale apo i veprimtaris\u00eb kriminale\u201d, kryer n\u00eb rrethan\u00ebn cil\u00ebsuese \u201cn\u00eb bashk\u00ebpunim\u201d, t\u00eb parashikuara p\u00ebrkat\u00ebsisht nga nenet 248 e 25, 260 e 25, 287\/1, g\u00ebrma \u201ca\u201d dhe \u201cb\u201d dhe 278\/2 t\u00eb Kodit Penal.<\/span><\/li>\n<li>Caktimin e mas\u00ebs s\u00eb sigurimit personal shtr\u00ebngues \u201carrest n\u00eb burg\u201d, e parashikuar nga neni 238 i K.Pr.Penale, ndaj shtetasit n\u00ebn hetim P\u00ebllumb Abeshi, i biri i Hamdi-ut dhe i Fatime-s, i dat\u00eblindjes 06.05.1958, lindur n\u00eb Elbasan, banues n\u00eb Tiran\u00eb, me gjendje civile i martuar, me komb\u00ebsi dhe shtet\u00ebsi shqiptare, i dyshuar: p\u00ebr kryerjen e vepr\u00ebs penale \u201cShp\u00ebrdorimi i detyr\u00ebs\u201d, n\u00eb bashk\u00ebpunim, parashikuar nga nenet 248 dhe 25 t\u00eb Kodit Penal.<\/li>\n<li>Caktimin e mas\u00ebs s\u00eb sigurimit personal shtr\u00ebngues \u201carrest n\u00eb burg\u201d, e parashikuar nga neni 238 i K.Pr.Penale, ndaj shtetasit n\u00ebn hetim Azem Shat\u00ebri, i biri i Myftar-it dhe i Fatime-s, i dat\u00eblindjes 29.12.1961, lindur n\u00eb Fier, banues n\u00eb Fier, me gjendje civile i martuar, me komb\u00ebsi dhe shtet\u00ebsi shqiptare, i dyshuar: p\u00ebr kryerjen e vepr\u00ebs penale \u201cShp\u00ebrdorimi i detyr\u00ebs\u201d, n\u00eb bashk\u00ebpunim, parashikuar nga nenet 248 dhe 25 t\u00eb Kodit Penal.<\/li>\n<li>Caktimin e mas\u00ebs s\u00eb sigurimit personal shtr\u00ebngues \u201carrest n\u00eb burg\u201d, e parashikuar nga neni 238 i K.Pr.Penale, ndaj shtetasit n\u00ebn hetim Florjan Mu\u00e7aj, i biri i Islam-it dhe i Shqiponja-s, i dat\u00eblindjes 01.06.1979, lindur dhe banues n\u00eb Fier, me gjendje civile i martuar, me komb\u00ebsi dhe shtet\u00ebsi shqiptare, i dyshuar: p\u00ebr kryerjen e vepr\u00ebs penale \u201cShp\u00ebrdorimi i detyr\u00ebs\u201d, n\u00eb bashk\u00ebpunim, parashikuar nga nenet 248 dhe 25 t\u00eb Kodit Penal.<\/li>\n<li>Caktimin e mas\u00ebs s\u00eb sigurimit personal shtr\u00ebngues \u201carrest n\u00eb burg\u201d, e parashikuar nga neni 238 i K.Pr.Penale, ndaj shtetasit n\u00ebn hetim Erjon Murataj, i biri i Selman-it dhe i Ervehe-s\u00eb, i dat\u00eblindjes 02.08.1982, lindur n\u00eb Sarand\u00eb, banues n\u00eb Tiran\u00eb me gjendje civile i martuar, me komb\u00ebsi dhe shtet\u00ebsi shqiptare, i dyshuar: p\u00ebr kryerjen e vepr\u00ebs penale \u201cShp\u00ebrdorimi i detyr\u00ebs\u201d, n\u00eb bashk\u00ebpunim, parashikuar nga nenet 248 dhe 25 t\u00eb Kodit Penal.<\/li>\n<li>Caktimin e mas\u00ebs s\u00eb sigurimit personal shtr\u00ebngues \u201carrest n\u00eb burg\u201d, e parashikuar nga neni 238 i K.Pr.Penale, ndaj shtetasit n\u00ebn hetim Klodian Zoto, i biri i Agim-it dhe i Valentina-s, i dat\u00eblindjes 24.04.1976, lindur dhe banues n\u00eb Tiran\u00eb, me gjendje civile i martuar, me komb\u00ebsi dhe shtet\u00ebsi shqiptare, i dyshuar: p\u00ebr kryerjen e veprave penale \u201cKorrupsioni aktiv i funksionar\u00ebve t\u00eb lart\u00eb shtet\u00ebror\u00eb ose i t\u00eb zgjedhurve vendor\u00eb\u201d dhe \u201cPastrimi i produkteve t\u00eb vepr\u00ebs penale apo i veprimtaris\u00eb kriminale\u201d, kryer n\u00eb rrethan\u00ebn cil\u00ebsuese \u201cn\u00eb bashk\u00ebpunim\u201d, t\u00eb parashikuara p\u00ebrkat\u00ebsisht nga nenet 245 e 25 dhe 287\/1, g\u00ebrma \u201ca\u201d dhe \u201cb\u201d dhe 278\/2 t\u00eb Kodit Penal.<\/li>\n<li>Caktimin e mas\u00ebs s\u00eb sigurimit personal shtr\u00ebngues \u201carrest n\u00eb burg\u201d, e parashikuar nga neni 238 i K.Pr.Penale, ndaj shtetasit n\u00ebn hetim Arenc Myrtezani, i biri i Bilal-it dhe i Marinaqi-t, i dat\u00eblindjes 12.05.1971, lindur n\u00eb Elbasan, banues n\u00eb Tiran\u00eb, me gjendje civile i martuar, me komb\u00ebsi dhe shtet\u00ebsi shqiptare, i dyshuar: p\u00ebr kryerjen e veprave penale \u201cKorrupsioni aktiv i funksionar\u00ebve t\u00eb lart\u00eb shtet\u00ebror\u00eb ose i t\u00eb zgjedhurve vendor\u00eb\u201d dhe \u201cPastrimi i produkteve t\u00eb vepr\u00ebs penale apo i veprimtaris\u00eb kriminale\u201d, kryer n\u00eb rrethan\u00ebn cil\u00ebsuese \u201cn\u00eb bashk\u00ebpunim\u201d, t\u00eb parashikuara p\u00ebrkat\u00ebsisht nga nenet 245 e 25 dhe 287\/1, g\u00ebrma \u201ca\u201d dhe \u201cb\u201d dhe 278\/2 t\u00eb Kodit Penal.<\/li>\n<li>Caktimin e mas\u00ebs s\u00eb sigurimit personal shtr\u00ebngues \u201carrest n\u00eb sht\u00ebpi\u201d, e parashikuar nga neni 237 i K.Pr.Penale, ndaj shtetases n\u00ebn hetim Sabina Cenameri, e bija e Hysni-ut dhe e Elida-s, e dat\u00eblindjes 09.11.1988, lindur dhe banues n\u00eb Tiran\u00eb, me gjendje civile beqare, me komb\u00ebsi dhe shtet\u00ebsi shqiptare, e dyshuar: p\u00ebr kryerjen e vepr\u00ebs penale \u201cShp\u00ebrdorimi i detyr\u00ebs\u201d, n\u00eb bashk\u00ebpunim, parashikuar nga nenet 248 dhe 25 t\u00eb Kodit Penal.<\/li>\n<li>Caktimin e mas\u00ebs s\u00eb sigurimit personal shtr\u00ebngues \u201carrest n\u00eb sht\u00ebpi\u201d, e parashikuar nga neni 237 i K.Pr.Penale, ndaj shtetases n\u00ebn hetim Etleva Kondi, e bija e Goxho-s dhe e Vitori-es, e dat\u00eblindjes 29.03.1972, lindur n\u00eb Vlor\u00eb, banues n\u00eb Tiran\u00eb, me gjendje civile beqare, me komb\u00ebsi dhe shtet\u00ebsi shqiptare, e dyshuar: p\u00ebr kryerjen e vepr\u00ebs penale \u201cShp\u00ebrdorimi i detyr\u00ebs\u201d, n\u00eb bashk\u00ebpunim, parashikuar nga nenet 248 dhe 25 t\u00eb Kodit Penal.<\/li>\n<\/ol>\n<p><span style=\"color: #000000;\">II. Ngarkohet Prokuroria e Posa\u00e7me kund\u00ebr Korrupsionit dhe Krimit t\u00eb Organizuar, t\u00eb ekzekutoj\u00eb vendimin e gjykat\u00ebs, n\u00ebp\u00ebrmjet sh\u00ebrbimeve t\u00eb policis\u00eb gjyq\u00ebsore n\u00eb Drejtorin\u00eb e P\u00ebrgjithshme t\u00eb Policis\u00eb s\u00eb Shtetit.<\/span><\/p>\n<p><span style=\"color: #000000;\">III. Kund\u00ebr k\u00ebtij vendimi lejohet ankim br\u00ebnda 5 dit\u00ebve n\u00eb Gjykat\u00ebn e Posa\u00e7me t\u00eb Apelit p\u00ebr Korrupsionin dhe Krimin e Organizuar, duke filluar ky afat nga dita e njoftimit t\u00eb k\u00ebtij vendimi.<\/span><\/p>\n<p><span style=\"color: #000000;\">U shpall n\u00eb Tiran\u00eb, sot m\u00eb dat\u00eb 26.03.2022<\/span><\/p>\n<p><span style=\"color: #000000;\">Gjyqtare <\/span><span style=\"color: #000000;\">Irena Gjoka<\/span><\/p>\n<p><span style=\"color: #000000;\"><span style=\"color: #ff0000;\"><strong>VINI RE<\/strong><\/span>: Ky material \u00ebsht\u00eb pron\u00ebsi intelektuale e <a href=\"https:\/\/www.balkanweb.com\/inceneratoret-ja-vendimi-i-plote-i-gjkko-per-9-personat-nen-hetim-arrest-me-burg-per-7-prej-tyre\/\"><span style=\"color: #0000ff;\">BW<\/span><\/a><\/span><\/p>\n","protected":false,"gt_translate_keys":[{"key":"rendered","format":"html"}]},"excerpt":{"rendered":"<p>Zbardhet vendimi i plot\u00eb i gjykat\u00ebs p\u00ebr 9 persona p\u00ebr t\u00eb cil\u00ebt SPAK ka l\u00ebshuar urdh\u00ebr-arrest. Mes personave ndaj t\u00eb cil\u00ebve \u00ebsht\u00eb caktuar masa \u2018arrest me burg\u2019 \u00ebsht\u00eb edhe ish-ministri Lefter Koka dhe biznesmeni Klodian Zoto. Vet\u00ebm p\u00ebr 7 prej tyre esht\u00eb vendosur masa \u2018arrest me burg\u2019. Gazetarja Klodiana Lala n\u00eb nj\u00eb lidhje live p\u00ebr [&hellip;]<\/p>\n","protected":false,"gt_translate_keys":[{"key":"rendered","format":"html"}]},"author":51,"featured_media":514174,"comment_status":"closed","ping_status":"closed","sticky":false,"template":"","format":"standard","meta":{"footnotes":""},"categories":[65,13],"tags":[],"class_list":["post-514173","post","type-post","status-publish","format-standard","has-post-thumbnail","hentry","category-lajme","category-te-fundit"],"gt_translate_keys":[{"key":"link","format":"url"}],"_links":{"self":[{"href":"https:\/\/www.hashtag.al\/index.php\/wp-json\/wp\/v2\/posts\/514173","targetHints":{"allow":["GET"]}}],"collection":[{"href":"https:\/\/www.hashtag.al\/index.php\/wp-json\/wp\/v2\/posts"}],"about":[{"href":"https:\/\/www.hashtag.al\/index.php\/wp-json\/wp\/v2\/types\/post"}],"author":[{"embeddable":true,"href":"https:\/\/www.hashtag.al\/index.php\/wp-json\/wp\/v2\/users\/51"}],"replies":[{"embeddable":true,"href":"https:\/\/www.hashtag.al\/index.php\/wp-json\/wp\/v2\/comments?post=514173"}],"version-history":[{"count":0,"href":"https:\/\/www.hashtag.al\/index.php\/wp-json\/wp\/v2\/posts\/514173\/revisions"}],"wp:featuredmedia":[{"embeddable":true,"href":"https:\/\/www.hashtag.al\/index.php\/wp-json\/wp\/v2\/media\/514174"}],"wp:attachment":[{"href":"https:\/\/www.hashtag.al\/index.php\/wp-json\/wp\/v2\/media?parent=514173"}],"wp:term":[{"taxonomy":"category","embeddable":true,"href":"https:\/\/www.hashtag.al\/index.php\/wp-json\/wp\/v2\/categories?post=514173"},{"taxonomy":"post_tag","embeddable":true,"href":"https:\/\/www.hashtag.al\/index.php\/wp-json\/wp\/v2\/tags?post=514173"}],"curies":[{"name":"wp","href":"https:\/\/api.w.org\/{rel}","templated":true}]}}