{"id":514161,"date":"2022-03-29T10:04:02","date_gmt":"2022-03-29T08:04:02","guid":{"rendered":"https:\/\/www.hashtag.al\/?p=514161"},"modified":"2022-03-29T10:04:02","modified_gmt":"2022-03-29T08:04:02","slug":"pd-seshte-placka-e-askujt-u-takon-vetem-demokrateve-reagimi-i-gazetarit-pas-spastrimit-te-zyres-se-shtypit-te-bashes","status":"publish","type":"post","link":"https:\/\/www.hashtag.al\/index.php\/2022\/03\/29\/pd-seshte-placka-e-askujt-u-takon-vetem-demokrateve-reagimi-i-gazetarit-pas-spastrimit-te-zyres-se-shtypit-te-bashes\/","title":{"rendered":"\u201cPD s\u2019\u00ebsht\u00eb pla\u00e7ka e askujt, u takon vet\u00ebm demokrat\u00ebve\u201d &#8211; Reagimi i gazetarit pas spastrimit t\u00eb zyr\u00ebs s\u00eb shtypit t\u00eb Bash\u00ebs","gt_translate_keys":[{"key":"rendered","format":"text"}]},"content":{"rendered":"<p><span style=\"color: #000000;\"><img loading=\"lazy\" decoding=\"async\" class=\"aligncenter size-full wp-image-514162\" src=\"https:\/\/www.hashtag.al\/wp-content\/uploads\/2022\/03\/sadikaj.jpg\" alt=\"\" width=\"495\" height=\"960\" \/><\/span><\/p>\n<p><span style=\"color: #000000;\">Gazetari Patrik Sadikaj ka reaguar pas aktit t\u00eb djesh\u00ebm t\u00eb spastrimit t\u00eb zyr\u00ebs s\u00eb shtypit t\u00eb Bash\u00ebs n\u00eb WhatsApp-in e PD-s\u00eb nga ana e Foltores.<\/span><\/p>\n<p><span style=\"color: #000000;\">Ai shkruan se reagimi i tij ka t\u00eb b\u00ebj\u00eb me demokrat\u00ebt t\u00eb cil\u00ebt, shkruan Sadikaj, kan\u00eb p\u00ebrfunduar n\u00eb duart e disa njer\u00ebzve q\u00eb nuk kan\u00eb asnj\u00eb lidhje me PD-n\u00eb. <\/span><\/p>\n<p><span style=\"color: #000000;\">Sadikaj shkruan se demokrat\u00ebt jan\u00eb t\u00eb vet\u00ebdijsh\u00ebm se shum\u00eb prej atyre q\u00eb e kan\u00eb fshir\u00eb nga grupi WhatsApp deri dje kan\u00eb qen\u00eb n\u00eb an\u00ebn e kund\u00ebrt me demokrat\u00ebt.<\/span><\/p>\n<p><span style=\"color: #000000;\"><em>\u201cNuk e kisha n\u00eb plan t\u00eb reagoja fare, por heqja ilegale nga grupi i pun\u00ebs n\u00eb \u00cbhats App q\u00eb mund\u00ebsonte komunikimin me median, m\u00eb detyroi t\u00eb them nja dy fjal\u00eb si sqarim. Jo p\u00ebr tu qar\u00eb e as p\u00ebr tu ankuar. Fundja nga PD nuk m\u00eb heqin dot ata q\u00eb me PD kan\u00eb lidhje krejt tjera nga ato politike, shpirt\u00ebrore e morale. Reagimin e kam p\u00ebr gjith\u00eb ata demokrat\u00eb q\u00eb sot kan\u00eb p\u00ebrfunduar n\u00eb dor\u00eb t\u00eb disa njer\u00ebzve q\u00eb nuk kan\u00eb asnj\u00eb lidhje me Partin\u00eb Demokratike. N\u00eb dor\u00eb t\u00eb atyre, q\u00eb kur un\u00eb burgosesha, rrihesha e k\u00ebrc\u00ebnohesha nga policia dhe bandat e pushtetit t\u00eb vitit 98-99, ata i g\u00ebzoheshin benefiteve q\u00eb u jepnin bijt\u00eb e pushtetit. Demokrat\u00ebt e din\u00eb se shum\u00eb prej atyre q\u00eb sot m\u00eb fshijn\u00eb mua n\u00eb m\u00ebnyra komuniste, ilegale, pa th\u00ebn\u00eb asnj\u00eb fjal\u00eb, jan\u00eb aty jo se jan\u00eb demokrat\u00eb. Gjithkush e di se ata skan\u00eb asnj\u00eb lidhje me PD e q\u00eb deri dje ishin n\u00eb barrikad\u00ebn e kund\u00ebrt me demokrat\u00ebt.\u201d<\/em> &#8211; shkruan Sadikaj.<\/span><\/p>\n<p><span style=\"color: #000000;\">Ai shkruan m\u00eb tej se \u00ebsht\u00eb an\u00ebtar i K\u00ebshillit Komb\u00ebtar t\u00eb PD-s\u00eb i zgjedhur me votat e demokrat\u00ebve n\u00eb 2 mandate dhe i ka sh\u00ebrbyer PD-s\u00eb pa asnj\u00eb kursim e pa v\u00ebrejtur se kush ka qen\u00eb kryetar.<\/span><\/p>\n<p><span style=\"color: #000000;\"> Sadikaj thekson se nd\u00ebrsa ai \u00ebsht\u00eb p\u00ebrpjekur e ka punuar vazhdimisht p\u00ebr interesin e PD-s\u00eb e demokrat\u00ebve, shum\u00eb t\u00eb tjer\u00eb q\u00eb jan\u00eb sot n\u00eb PD punonin kund\u00ebr saj.<\/span><\/p>\n<p><span style=\"color: #000000;\"><em>\u201cUn\u00eb jam an\u00ebtar i K\u00ebshillit Komb\u00ebtar t\u00eb PD i votuar nga shumica d\u00ebrmuese e demokrat\u00ebve n\u00eb 2 mandate dhe i kam sh\u00ebrbyer Partis\u00eb Demokratike, pa asnj\u00eb kursim dhe pa e par\u00eb emrin e kryetarit. Madje kam qen\u00eb kritik ndaj tij, kur k\u00ebta q\u00eb sot flasin n\u00eb em\u00ebr t\u00eb PD, l\u00ebpiheshin korridoreve dhe paradhomave p\u00ebr t\u2019i f\u00ebrkuar krah\u00ebt dhe duke m\u00eb sulmuar mua e t\u00eb tjer\u00eb q\u00eb mendonin si un\u00eb. Historia ime n\u00eb PD, \u00ebsht\u00eb m\u00eb e madhe sesa interesi i atyre q\u00eb duan pushtetin e PD, jo t\u00eb mir\u00ebn e PD. Kur un\u00eb punoja p\u00ebr t\u00eb mir\u00ebn e PD, disa prej tyre punonin kund\u00ebr meje e kund\u00ebr PD.\u00a0 E pavar\u00ebsisht k\u00ebsaj, un\u00eb as u b\u00ebra deputet e as minist\u00ebr. Por prap\u00eb isha aty, duke punuar p\u00ebr PD, dhe k\u00ebt\u00eb ata q\u00eb fshihen pas makijazhit t\u00eb bukur t\u00eb ndonj\u00eb fasade, e din\u00eb fort mir\u00eb se me disa prej tyre kam qen\u00eb krah p\u00ebr krah.\u201d<\/em> &#8211; vijon Sadikaj.<\/span><\/p>\n<p><span style=\"color: #000000;\">N\u00eb fund gazetari shkruan se edhe pse e kan\u00eb hequr nga puna nuk e ndalojn\u00eb dot q\u00eb t\u00eb jet\u00eb demokrat. <\/span><\/p>\n<p><span style=\"color: #000000;\">Sadikaj thekson se gjith\u00eb jet\u00ebn ka punuar me djers\u00ebn e ballit dhe se PD-s\u00eb nuk \u00ebsht\u00eb pla\u00e7ka e askujt dhe u takon vet\u00ebm demokrat\u00ebve.<\/span><\/p>\n<p><span style=\"color: #000000;\"><em>\u201cGjithsesi, emrin mund t\u00eb ma fshijn\u00eb nga grupi i \u00ebhatsap, normalisht edhe nga puna mund t\u00eb m\u00eb heqin (n\u00eb fakt e kan\u00eb b\u00ebr\u00eb), por ama nj\u00eb gj\u00eb nuk ma heqin dot: t\u00eb qenurit demokrat. K\u00ebt\u00eb nuk ma merr dot askush, qoft\u00eb edhe nj\u00eb njeri q\u00eb lidhjen e vetme me PD ka di\u00e7ka krejt tjet\u00ebr ve\u00e7se t\u00eb mir\u00ebs s\u00eb PD. Mbase interesa t\u00eb fshehta apo edhe jopolitike. Kush e di. Pasqyra n\u00eb zyr\u00ebn q\u00eb m\u00eb kan\u00eb marr\u00eb besoj do t\u2019u sh\u00ebrbej\u00eb t\u00eb shihen n\u00eb t\u00eb e t\u00eb p\u00ebrballen me fytyr\u00ebn e tyre reale&#8230;Un\u00eb kam jetuar me djers\u00ebn e ballit dhe me asnj\u00eb djers\u00eb q\u00eb del prej pjes\u00ebve t\u00eb tjera t\u00eb trupit dhe ashtu do t\u00eb vazhdoj t\u00eb jetoj p\u00ebr t\u00eb mos i l\u00ebn\u00eb asnj\u00eb hije t\u00eb keqe f\u00ebmij\u00ebve t\u00eb mi, q\u00eb mbase nuk u garantoj asnj\u00eb luks, por ama dinjitet po. PD NUK \u00cbSHT\u00cb PLA\u00c7KA E ASKUJT DHE SI E TILL\u00cb I TAKON VET\u00cbM DEMOKRAT\u00cbVE.\u201d<\/em> &#8211; mbyll reagimin Sadikaj.<\/span><\/p>\n<p>&nbsp;<\/p>\n","protected":false,"gt_translate_keys":[{"key":"rendered","format":"html"}]},"excerpt":{"rendered":"<p>Gazetari Patrik Sadikaj ka reaguar pas aktit t\u00eb djesh\u00ebm t\u00eb spastrimit t\u00eb zyr\u00ebs s\u00eb shtypit t\u00eb Bash\u00ebs n\u00eb WhatsApp-in e PD-s\u00eb nga ana e Foltores. Ai shkruan se reagimi i tij ka t\u00eb b\u00ebj\u00eb me demokrat\u00ebt t\u00eb cil\u00ebt, shkruan Sadikaj, kan\u00eb p\u00ebrfunduar n\u00eb duart e disa njer\u00ebzve q\u00eb nuk kan\u00eb asnj\u00eb lidhje me PD-n\u00eb. Sadikaj [&hellip;]<\/p>\n","protected":false,"gt_translate_keys":[{"key":"rendered","format":"html"}]},"author":51,"featured_media":514162,"comment_status":"closed","ping_status":"closed","sticky":false,"template":"","format":"standard","meta":{"footnotes":""},"categories":[65,13],"tags":[],"class_list":["post-514161","post","type-post","status-publish","format-standard","has-post-thumbnail","hentry","category-lajme","category-te-fundit"],"gt_translate_keys":[{"key":"link","format":"url"}],"_links":{"self":[{"href":"https:\/\/www.hashtag.al\/index.php\/wp-json\/wp\/v2\/posts\/514161","targetHints":{"allow":["GET"]}}],"collection":[{"href":"https:\/\/www.hashtag.al\/index.php\/wp-json\/wp\/v2\/posts"}],"about":[{"href":"https:\/\/www.hashtag.al\/index.php\/wp-json\/wp\/v2\/types\/post"}],"author":[{"embeddable":true,"href":"https:\/\/www.hashtag.al\/index.php\/wp-json\/wp\/v2\/users\/51"}],"replies":[{"embeddable":true,"href":"https:\/\/www.hashtag.al\/index.php\/wp-json\/wp\/v2\/comments?post=514161"}],"version-history":[{"count":0,"href":"https:\/\/www.hashtag.al\/index.php\/wp-json\/wp\/v2\/posts\/514161\/revisions"}],"wp:featuredmedia":[{"embeddable":true,"href":"https:\/\/www.hashtag.al\/index.php\/wp-json\/wp\/v2\/media\/514162"}],"wp:attachment":[{"href":"https:\/\/www.hashtag.al\/index.php\/wp-json\/wp\/v2\/media?parent=514161"}],"wp:term":[{"taxonomy":"category","embeddable":true,"href":"https:\/\/www.hashtag.al\/index.php\/wp-json\/wp\/v2\/categories?post=514161"},{"taxonomy":"post_tag","embeddable":true,"href":"https:\/\/www.hashtag.al\/index.php\/wp-json\/wp\/v2\/tags?post=514161"}],"curies":[{"name":"wp","href":"https:\/\/api.w.org\/{rel}","templated":true}]}}