{"id":513678,"date":"2022-03-26T19:32:52","date_gmt":"2022-03-26T18:32:52","guid":{"rendered":"https:\/\/www.hashtag.al\/?p=513678"},"modified":"2022-03-26T19:32:52","modified_gmt":"2022-03-26T18:32:52","slug":"mediet-qarkullojne-foton-e-vjeter-te-bashes-ku-ndodhet-ai","status":"publish","type":"post","link":"https:\/\/www.hashtag.al\/index.php\/2022\/03\/26\/mediet-qarkullojne-foton-e-vjeter-te-bashes-ku-ndodhet-ai\/","title":{"rendered":"Mediet qarkullojn\u00eb foton e vjet\u00ebr t\u00eb Bash\u00ebs, ku ndodhet ai","gt_translate_keys":[{"key":"rendered","format":"text"}]},"content":{"rendered":"<p><span style=\"color: #000000;\"><img loading=\"lazy\" decoding=\"async\" class=\"aligncenter size-full wp-image-513679\" src=\"https:\/\/www.hashtag.al\/wp-content\/uploads\/2022\/03\/bashaaeroport.jpg\" alt=\"\" width=\"2000\" height=\"1000\" srcset=\"https:\/\/www.hashtag.al\/wp-content\/uploads\/2022\/03\/bashaaeroport.jpg 2000w, https:\/\/www.hashtag.al\/wp-content\/uploads\/2022\/03\/bashaaeroport-300x150.jpg 300w, https:\/\/www.hashtag.al\/wp-content\/uploads\/2022\/03\/bashaaeroport-1024x512.jpg 1024w, https:\/\/www.hashtag.al\/wp-content\/uploads\/2022\/03\/bashaaeroport-768x384.jpg 768w, https:\/\/www.hashtag.al\/wp-content\/uploads\/2022\/03\/bashaaeroport-1536x768.jpg 1536w\" sizes=\"auto, (max-width: 2000px) 100vw, 2000px\" \/><\/span><\/p>\n<p><span style=\"color: #000000;\">Disa medie n\u00eb vend kan\u00eb qarkulluar sot nj\u00eb foto t\u00eb Lulzim Bash\u00ebs q\u00eb zhvillon nj\u00eb takim n\u00eb Ndroq.<\/span><\/p>\n<p><span style=\"color: #000000;\"> Foto \u00ebsht\u00eb hedhur sot nd\u00ebrkoh\u00eb q\u00eb takimi \u00ebsht\u00eb zhvilluar para disa dit\u00ebsh. <\/span><\/p>\n<p><span style=\"color: #000000;\">Ish-kreu i PD-s\u00eb \u00ebsht\u00eb fotografuar sot n\u00eb nj\u00eb aeroport duke u larguar nga vendi. <\/span><\/p>\n<p><span style=\"color: #000000;\">Nuk dihet destinacioni i udh\u00ebtimit t\u00eb tij nd\u00ebrsa largimi vjen nj\u00eb dit\u00eb pasi gjykata pranoi ndryshimet n\u00eb statutin e PD-s\u00eb t\u00eb miratuara n\u00eb Kuvendin e thirrur nga Berisha m\u00eb 11 dhjetor.<\/span><\/p>\n<p><span style=\"color: #000000;\"> Basha \u00ebsht\u00eb dor\u00ebhequr si kryetar i PD-s\u00eb para pak dit\u00ebsh nd\u00ebrsa ia ka deleguar postin n\u00ebnkryetarit Alibeaj.<\/span><\/p>\n","protected":false,"gt_translate_keys":[{"key":"rendered","format":"html"}]},"excerpt":{"rendered":"<p>Disa medie n\u00eb vend kan\u00eb qarkulluar sot nj\u00eb foto t\u00eb Lulzim Bash\u00ebs q\u00eb zhvillon nj\u00eb takim n\u00eb Ndroq. Foto \u00ebsht\u00eb hedhur sot nd\u00ebrkoh\u00eb q\u00eb takimi \u00ebsht\u00eb zhvilluar para disa dit\u00ebsh. Ish-kreu i PD-s\u00eb \u00ebsht\u00eb fotografuar sot n\u00eb nj\u00eb aeroport duke u larguar nga vendi. Nuk dihet destinacioni i udh\u00ebtimit t\u00eb tij nd\u00ebrsa largimi vjen nj\u00eb [&hellip;]<\/p>\n","protected":false,"gt_translate_keys":[{"key":"rendered","format":"html"}]},"author":51,"featured_media":513679,"comment_status":"closed","ping_status":"closed","sticky":false,"template":"","format":"standard","meta":{"footnotes":""},"categories":[65,13],"tags":[],"class_list":["post-513678","post","type-post","status-publish","format-standard","has-post-thumbnail","hentry","category-lajme","category-te-fundit"],"gt_translate_keys":[{"key":"link","format":"url"}],"_links":{"self":[{"href":"https:\/\/www.hashtag.al\/index.php\/wp-json\/wp\/v2\/posts\/513678","targetHints":{"allow":["GET"]}}],"collection":[{"href":"https:\/\/www.hashtag.al\/index.php\/wp-json\/wp\/v2\/posts"}],"about":[{"href":"https:\/\/www.hashtag.al\/index.php\/wp-json\/wp\/v2\/types\/post"}],"author":[{"embeddable":true,"href":"https:\/\/www.hashtag.al\/index.php\/wp-json\/wp\/v2\/users\/51"}],"replies":[{"embeddable":true,"href":"https:\/\/www.hashtag.al\/index.php\/wp-json\/wp\/v2\/comments?post=513678"}],"version-history":[{"count":0,"href":"https:\/\/www.hashtag.al\/index.php\/wp-json\/wp\/v2\/posts\/513678\/revisions"}],"wp:featuredmedia":[{"embeddable":true,"href":"https:\/\/www.hashtag.al\/index.php\/wp-json\/wp\/v2\/media\/513679"}],"wp:attachment":[{"href":"https:\/\/www.hashtag.al\/index.php\/wp-json\/wp\/v2\/media?parent=513678"}],"wp:term":[{"taxonomy":"category","embeddable":true,"href":"https:\/\/www.hashtag.al\/index.php\/wp-json\/wp\/v2\/categories?post=513678"},{"taxonomy":"post_tag","embeddable":true,"href":"https:\/\/www.hashtag.al\/index.php\/wp-json\/wp\/v2\/tags?post=513678"}],"curies":[{"name":"wp","href":"https:\/\/api.w.org\/{rel}","templated":true}]}}