{"id":513588,"date":"2022-03-26T10:26:48","date_gmt":"2022-03-26T09:26:48","guid":{"rendered":"https:\/\/www.hashtag.al\/?p=513588"},"modified":"2022-03-26T10:26:48","modified_gmt":"2022-03-26T09:26:48","slug":"pd-reagon-per-tritolin-ne-pronen-e-xhemal-bushatit-siguria-ne-shkoder-vetem-perkeqesohet-nga-aleanca-e-qeverise-me-krimin-demokratet-nuk-perkulen-nga-sulmet","status":"publish","type":"post","link":"https:\/\/www.hashtag.al\/index.php\/2022\/03\/26\/pd-reagon-per-tritolin-ne-pronen-e-xhemal-bushatit-siguria-ne-shkoder-vetem-perkeqesohet-nga-aleanca-e-qeverise-me-krimin-demokratet-nuk-perkulen-nga-sulmet\/","title":{"rendered":"PD reagon p\u00ebr tritolin n\u00eb pron\u00ebn e Xhemal Bushatit: Siguria n\u00eb Shkod\u00ebr vet\u00ebm p\u00ebrkeq\u00ebsohet nga aleanca e qeveris\u00eb me krimin. Demokrat\u00ebt nuk p\u00ebrkulen nga sulmet","gt_translate_keys":[{"key":"rendered","format":"text"}]},"content":{"rendered":"<p style=\"text-align: justify;\"><span style=\"color: #000000;\"><img loading=\"lazy\" decoding=\"async\" class=\"aligncenter size-full wp-image-513589\" src=\"https:\/\/www.hashtag.al\/wp-content\/uploads\/2022\/03\/bushati-tritol.jpg\" alt=\"\" width=\"2000\" height=\"1000\" srcset=\"https:\/\/www.hashtag.al\/wp-content\/uploads\/2022\/03\/bushati-tritol.jpg 2000w, https:\/\/www.hashtag.al\/wp-content\/uploads\/2022\/03\/bushati-tritol-300x150.jpg 300w, https:\/\/www.hashtag.al\/wp-content\/uploads\/2022\/03\/bushati-tritol-1024x512.jpg 1024w, https:\/\/www.hashtag.al\/wp-content\/uploads\/2022\/03\/bushati-tritol-768x384.jpg 768w, https:\/\/www.hashtag.al\/wp-content\/uploads\/2022\/03\/bushati-tritol-1536x768.jpg 1536w\" sizes=\"auto, (max-width: 2000px) 100vw, 2000px\" \/><\/span><\/p>\n<p style=\"text-align: justify;\"><span style=\"color: #000000;\">Partia Demokratike ka d\u00ebnuar sulmin e eksploziv ndaj biznesit n\u00eb pron\u00ebsi t\u00eb ish-kandidatit t\u00eb saj p\u00ebr Bashkin\u00eb e Shkodr\u00ebs, Xhemal Bushati.<\/span><\/p>\n<p style=\"text-align: justify;\"><span style=\"color: #000000;\">PD-ja k\u00ebrkon zbulimin e autor\u00ebve t\u00eb ngjarjes nga autoritetet ligjzbatuese.<\/span><\/p>\n<p style=\"text-align: justify;\"><span style=\"color: #000000;\">M\u00eb tej selia blu thot\u00eb se sulmet direkte apo indirekte nuk i p\u00ebrkulin demokrat\u00ebt.<\/span><\/p>\n<p style=\"text-align: justify;\"><span style=\"color: #000000;\">\u201cDemokratike d\u00ebnon me ashp\u00ebrsi sulmin me eksploziv ndaj pron\u00ebs s\u00eb kandidatit demokrat p\u00ebr bashkin\u00eb e Shkodr\u00ebs Xhemal Bushati.<\/span><\/p>\n<p style=\"text-align: justify;\"><span style=\"color: #000000;\">P\u00ebr fat t\u00eb mir\u00eb, familja e zotit Bushati, q\u00eb banon n\u00eb t\u00eb nj\u00ebjt\u00ebn godin\u00eb, nuk ka l\u00ebndime fizike, por ngjarja \u00ebsht\u00eb trondit\u00ebse p\u00ebr ta dhe p\u00ebr qytetar\u00ebt e Shkodr\u00ebs. P\u00ebr fat t\u00eb keq, gjendja e siguris\u00eb n\u00eb Shkod\u00ebr ka vet\u00ebm p\u00ebrkeq\u00ebsim p\u00ebr shkak t\u00eb aleanc\u00ebs s\u00eb qeveris\u00eb me krimin.<\/span><\/p>\n<p style=\"text-align: justify;\"><span style=\"color: #000000;\">Partia Demokratike u k\u00ebrkon organeve ligjzbatuese t\u00eb zbulojn\u00eb p\u00ebrgjegj\u00ebsit e k\u00ebtij agresioni, q\u00eb prek drejtp\u00ebrs\u00ebdrejti zotin Xhemal Bushati, nj\u00eb nga personalitetet m\u00eb t\u00eb respektuar t\u00eb qytetit t\u00eb Shkodr\u00ebs.<\/span><\/p>\n<p style=\"text-align: justify;\"><span style=\"color: #000000;\">Kush mendon se mund t\u00eb p\u00ebrkul\u00eb demokrat\u00ebt me sulme direkte ose indirekte, i ka b\u00ebr\u00eb llogarit\u00eb gabim!\u201d-thuhet n\u00eb deklarat\u00eb.<\/span><\/p>\n","protected":false,"gt_translate_keys":[{"key":"rendered","format":"html"}]},"excerpt":{"rendered":"<p>Partia Demokratike ka d\u00ebnuar sulmin e eksploziv ndaj biznesit n\u00eb pron\u00ebsi t\u00eb ish-kandidatit t\u00eb saj p\u00ebr Bashkin\u00eb e Shkodr\u00ebs, Xhemal Bushati. PD-ja k\u00ebrkon zbulimin e autor\u00ebve t\u00eb ngjarjes nga autoritetet ligjzbatuese. M\u00eb tej selia blu thot\u00eb se sulmet direkte apo indirekte nuk i p\u00ebrkulin demokrat\u00ebt. \u201cDemokratike d\u00ebnon me ashp\u00ebrsi sulmin me eksploziv ndaj pron\u00ebs s\u00eb [&hellip;]<\/p>\n","protected":false,"gt_translate_keys":[{"key":"rendered","format":"html"}]},"author":32,"featured_media":513589,"comment_status":"closed","ping_status":"closed","sticky":false,"template":"","format":"standard","meta":{"footnotes":""},"categories":[65,13],"tags":[],"class_list":["post-513588","post","type-post","status-publish","format-standard","has-post-thumbnail","hentry","category-lajme","category-te-fundit"],"gt_translate_keys":[{"key":"link","format":"url"}],"_links":{"self":[{"href":"https:\/\/www.hashtag.al\/index.php\/wp-json\/wp\/v2\/posts\/513588","targetHints":{"allow":["GET"]}}],"collection":[{"href":"https:\/\/www.hashtag.al\/index.php\/wp-json\/wp\/v2\/posts"}],"about":[{"href":"https:\/\/www.hashtag.al\/index.php\/wp-json\/wp\/v2\/types\/post"}],"author":[{"embeddable":true,"href":"https:\/\/www.hashtag.al\/index.php\/wp-json\/wp\/v2\/users\/32"}],"replies":[{"embeddable":true,"href":"https:\/\/www.hashtag.al\/index.php\/wp-json\/wp\/v2\/comments?post=513588"}],"version-history":[{"count":0,"href":"https:\/\/www.hashtag.al\/index.php\/wp-json\/wp\/v2\/posts\/513588\/revisions"}],"wp:featuredmedia":[{"embeddable":true,"href":"https:\/\/www.hashtag.al\/index.php\/wp-json\/wp\/v2\/media\/513589"}],"wp:attachment":[{"href":"https:\/\/www.hashtag.al\/index.php\/wp-json\/wp\/v2\/media?parent=513588"}],"wp:term":[{"taxonomy":"category","embeddable":true,"href":"https:\/\/www.hashtag.al\/index.php\/wp-json\/wp\/v2\/categories?post=513588"},{"taxonomy":"post_tag","embeddable":true,"href":"https:\/\/www.hashtag.al\/index.php\/wp-json\/wp\/v2\/tags?post=513588"}],"curies":[{"name":"wp","href":"https:\/\/api.w.org\/{rel}","templated":true}]}}