{"id":513424,"date":"2022-03-25T14:49:23","date_gmt":"2022-03-25T13:49:23","guid":{"rendered":"https:\/\/www.hashtag.al\/?p=513424"},"modified":"2022-03-25T15:01:46","modified_gmt":"2022-03-25T14:01:46","slug":"gjykata-njohu-11-dhjetorin-komisioni-i-rithemelimit-shkon-ne-seline-e-pd-se","status":"publish","type":"post","link":"https:\/\/www.hashtag.al\/index.php\/2022\/03\/25\/gjykata-njohu-11-dhjetorin-komisioni-i-rithemelimit-shkon-ne-seline-e-pd-se\/","title":{"rendered":"Gjykata njohu &#8220;11 Dhjetorin&#8221;, Komisioni i Rithemelimit shkon n\u00eb selin\u00eb e PD-s\u00eb","gt_translate_keys":[{"key":"rendered","format":"text"}]},"content":{"rendered":"<p><span style=\"color: #000000;\"><a href=\"https:\/\/www.hashtag.al\/wp-content\/uploads\/2022\/03\/seli.jpg\"><img loading=\"lazy\" decoding=\"async\" class=\"aligncenter size-full wp-image-513425\" src=\"https:\/\/www.hashtag.al\/wp-content\/uploads\/2022\/03\/seli.jpg\" alt=\"\" width=\"749\" height=\"335\" srcset=\"https:\/\/www.hashtag.al\/wp-content\/uploads\/2022\/03\/seli.jpg 749w, https:\/\/www.hashtag.al\/wp-content\/uploads\/2022\/03\/seli-300x134.jpg 300w\" sizes=\"auto, (max-width: 749px) 100vw, 749px\" \/><\/a><\/span><\/p>\n<p><span style=\"color: #000000;\">Grupi i Rithemelimit \u00ebsht\u00eb nisur q\u00eb t\u00eb shkoj\u00eb drejt selis\u00eb s\u00eb PD-s\u00eb.<\/span><\/p>\n<p><span style=\"color: #000000;\">Ky vendim <\/span><span style=\"color: #000000;\">erdhi pas mbledhjes q\u00eb Komisioni i Rithemelimit b\u00ebri p\u00ebr pak \u00e7aste n\u00eb zyrat pran\u00eb RTSH-s\u00eb, pasi Gjykata e Tiran\u00ebs njohu sot statutin e 11 dhjetorit, t\u00eb thirrur nga ish-kryeministri Sali Berisha.<\/span><\/p>\n<p><span style=\"color: #000000;\">Pas mbledhjes s\u00eb sotme, disa prej an\u00ebtar\u00ebve t\u00eb k\u00ebtij komisioni, Edmond Spaho, Belind K\u00eblli\u00e7i, Flamur Noka, Elda Hoti, Albana Vokshi, Ivi Kaso, iu drejtuan selis\u00eb blu. Ata m\u00ebsohet se po zhvillojn\u00eb nj\u00eb takim me kryetarin e komanduar Enkelejd Alibeajn dhe Gazment Bardhin.<\/span><\/p>\n<p><span style=\"color: #000000;\">Pak m\u00eb her\u00ebt, ish-kryeministri Berisha reagoi p\u00ebr her\u00eb t\u00eb par\u00eb n\u00eb lidhje me vendimin e sot\u00ebm t\u00eb gjykat\u00ebs s\u00eb Tiran\u00ebs duke th\u00ebn\u00eb se ka vet\u00ebm nj\u00eb mesazh bashkimi p\u00ebr demokrat\u00ebt.<\/span><\/p>\n<p><span style=\"color: #000000;\"><em>\u201cVendim i cili n\u00eb vler\u00ebsimin e \u00e7do shqiptari nuk mund t\u00eb ishte ndryshe, por ti thuhet t\u00eb e drejt\u00ebs, e drejt\u00eb. Mesazhi i tij p\u00ebr gjith\u00eb demokrat\u00ebt \u00ebsht\u00eb nj\u00eb dhe vet\u00ebm nj\u00eb: bashkim, bashkim, bashkim. Do t\u00eb dal n\u00eb nj\u00eb takim t\u00eb shkurt\u00ebr prap\u00eb.\u201d-<\/em> tha Berisha.<\/span><\/p>\n<div style=\"width: 704px;\" class=\"wp-video\"><video class=\"wp-video-shortcode\" id=\"video-513424-1\" width=\"704\" height=\"360\" preload=\"metadata\" controls=\"controls\"><source type=\"video\/mp4\" src=\"https:\/\/www.hashtag.al\/wp-content\/uploads\/2022\/03\/video_3182072508703630.mp4?_=1\" \/><a href=\"https:\/\/www.hashtag.al\/wp-content\/uploads\/2022\/03\/video_3182072508703630.mp4\">https:\/\/www.hashtag.al\/wp-content\/uploads\/2022\/03\/video_3182072508703630.mp4<\/a><\/video><\/div>\n","protected":false,"gt_translate_keys":[{"key":"rendered","format":"html"}]},"excerpt":{"rendered":"<p>Grupi i Rithemelimit \u00ebsht\u00eb nisur q\u00eb t\u00eb shkoj\u00eb drejt selis\u00eb s\u00eb PD-s\u00eb. Ky vendim erdhi pas mbledhjes q\u00eb Komisioni i Rithemelimit b\u00ebri p\u00ebr pak \u00e7aste n\u00eb zyrat pran\u00eb RTSH-s\u00eb, pasi Gjykata e Tiran\u00ebs njohu sot statutin e 11 dhjetorit, t\u00eb thirrur nga ish-kryeministri Sali Berisha. Pas mbledhjes s\u00eb sotme, disa prej an\u00ebtar\u00ebve t\u00eb k\u00ebtij komisioni, [&hellip;]<\/p>\n","protected":false,"gt_translate_keys":[{"key":"rendered","format":"html"}]},"author":30,"featured_media":513425,"comment_status":"closed","ping_status":"closed","sticky":false,"template":"","format":"standard","meta":{"footnotes":""},"categories":[22,65,13],"tags":[],"class_list":["post-513424","post","type-post","status-publish","format-standard","has-post-thumbnail","hentry","category-ballina","category-lajme","category-te-fundit"],"gt_translate_keys":[{"key":"link","format":"url"}],"_links":{"self":[{"href":"https:\/\/www.hashtag.al\/index.php\/wp-json\/wp\/v2\/posts\/513424","targetHints":{"allow":["GET"]}}],"collection":[{"href":"https:\/\/www.hashtag.al\/index.php\/wp-json\/wp\/v2\/posts"}],"about":[{"href":"https:\/\/www.hashtag.al\/index.php\/wp-json\/wp\/v2\/types\/post"}],"author":[{"embeddable":true,"href":"https:\/\/www.hashtag.al\/index.php\/wp-json\/wp\/v2\/users\/30"}],"replies":[{"embeddable":true,"href":"https:\/\/www.hashtag.al\/index.php\/wp-json\/wp\/v2\/comments?post=513424"}],"version-history":[{"count":0,"href":"https:\/\/www.hashtag.al\/index.php\/wp-json\/wp\/v2\/posts\/513424\/revisions"}],"wp:featuredmedia":[{"embeddable":true,"href":"https:\/\/www.hashtag.al\/index.php\/wp-json\/wp\/v2\/media\/513425"}],"wp:attachment":[{"href":"https:\/\/www.hashtag.al\/index.php\/wp-json\/wp\/v2\/media?parent=513424"}],"wp:term":[{"taxonomy":"category","embeddable":true,"href":"https:\/\/www.hashtag.al\/index.php\/wp-json\/wp\/v2\/categories?post=513424"},{"taxonomy":"post_tag","embeddable":true,"href":"https:\/\/www.hashtag.al\/index.php\/wp-json\/wp\/v2\/tags?post=513424"}],"curies":[{"name":"wp","href":"https:\/\/api.w.org\/{rel}","templated":true}]}}