{"id":513403,"date":"2022-03-25T13:27:42","date_gmt":"2022-03-25T12:27:42","guid":{"rendered":"https:\/\/www.hashtag.al\/?p=513403"},"modified":"2022-03-25T13:27:42","modified_gmt":"2022-03-25T12:27:42","slug":"kremlini-asgje-fatale-nuk-do-te-ndodhe-nese-perjashtohemi-nga-g20-ta","status":"publish","type":"post","link":"https:\/\/www.hashtag.al\/index.php\/2022\/03\/25\/kremlini-asgje-fatale-nuk-do-te-ndodhe-nese-perjashtohemi-nga-g20-ta\/","title":{"rendered":"Kremlini: Asgj\u00eb fatale nuk do t\u00eb ndodh\u00eb n\u00ebse p\u00ebrjashtohemi nga G20-ta","gt_translate_keys":[{"key":"rendered","format":"text"}]},"content":{"rendered":"<p><a href=\"https:\/\/www.hashtag.al\/wp-content\/uploads\/2022\/03\/PESKOV-2.jpg\"><img loading=\"lazy\" decoding=\"async\" class=\"size-full wp-image-510987\" src=\"https:\/\/www.hashtag.al\/wp-content\/uploads\/2022\/03\/PESKOV-2.jpg\" alt=\"\" width=\"1020\" height=\"651\" srcset=\"https:\/\/www.hashtag.al\/wp-content\/uploads\/2022\/03\/PESKOV-2.jpg 1020w, https:\/\/www.hashtag.al\/wp-content\/uploads\/2022\/03\/PESKOV-2-300x191.jpg 300w, https:\/\/www.hashtag.al\/wp-content\/uploads\/2022\/03\/PESKOV-2-768x490.jpg 768w\" sizes=\"auto, (max-width: 1020px) 100vw, 1020px\" \/><\/a><\/p>\n<p><span style=\"color: #000000;\">Z\u00ebdh\u00ebn\u00ebsi i Kremlinit, Dmitry Peskov, ka folur p\u00ebr mund\u00ebsin\u00eb e p\u00ebrjashtimit t\u00eb Rusis\u00eb nga formati i G20-\u00ebs.<\/span><\/p>\n<p><span style=\"color: #000000;\">K\u00ebt\u00eb t\u00eb premte ai u tha gazetar\u00ebve se n\u00eb kushtet aktuale, p\u00ebrjashtimi nga G 20 nuk do t\u00eb ishte &#8220;fatale&#8221; p\u00ebr Rusin\u00eb.<\/span><\/p>\n<p><span style=\"color: #000000;\"><em>\u201cSa i p\u00ebrket formatit G20, ai \u00ebsht\u00eb i r\u00ebnd\u00ebsish\u00ebm. Por, nga ana tjet\u00ebr, n\u00eb kushtet aktuale, kur shumi\u00e7a e pjes\u00ebmarr\u00ebsve n\u00eb k\u00ebt\u00eb format jan\u00eb realisht n\u00eb gjendje lufte ekonomike me ne, me ini\u00e7iativ\u00ebn e tyre nuk do t\u00eb ndodh\u00eb asgj\u00eb fatale. Por n\u00eb \u00e7do rast, Rusia ende udh\u00ebhiqet nga opinioni i pjes\u00ebmarr\u00ebsve t\u00eb tjer\u00eb n\u00eb k\u00ebt\u00eb format dhe do t\u00eb jet\u00eb e gatshme, n\u00ebse \u00ebsht\u00eb e mundur, t\u00eb marr\u00eb pjes\u00eb n\u00eb t\u00eb.<\/em>\u201d- theksoi z\u00ebdh\u00ebn\u00ebsi i Kremlinit sipas <span style=\"color: #0000ff;\"><a style=\"color: #0000ff;\" href=\"https:\/\/tass.com\/politics\/1427347?utm_source=google.com&amp;utm_medium=organic&amp;utm_campaign=google.com&amp;utm_referrer=google.com\">TASS<\/a><\/span>.<\/span><\/p>\n<p><span style=\"color: #000000;\">Peskov p\u00ebrs\u00ebriti se n\u00ebse pjes\u00ebmarrja n\u00eb G20 nuk \u00ebsht\u00eb m\u00eb e mundur, asgj\u00eb fatale nuk do t\u00eb ndodh\u00eb.<\/span><\/p>\n<p><span style=\"color: #000000;\"><em>&#8220;\u00cbsht\u00eb e qart\u00eb se n\u00eb kushtet kur shkelen t\u00eb gjitha rregullat e OBT-s\u00eb, ligji nd\u00ebrkomb\u00ebtar, ne duhet t\u00eb nd\u00ebrtojm\u00eb lloje t\u00eb reja marr\u00ebdh\u00ebniesh n\u00eb t\u00eb gjitha fushat. Kjo \u00ebsht\u00eb ajo q\u00eb ne do t\u00eb b\u00ebjm\u00eb.&#8221;-<\/em> p\u00ebrfundoi Peskov.<\/span><\/p>\n<p><span style=\"color: #000000;\">Zyrtari i Kremlinit vuri n\u00eb dukje se SHBA-t\u00eb po vazhdojn\u00eb n\u00eb m\u00ebnyr\u00eb mjaft agresive politik\u00ebn e izolimit t\u00eb Rusis\u00eb.<\/span><\/p>\n<p><span style=\"color: #000000;\"><em>&#8220;Deri m\u00eb tani, kjo linj\u00eb mund t\u00eb ishte vet\u00ebm pjes\u00ebrisht efektive, bota \u00ebsht\u00eb ende shum\u00eb m\u00eb e larmishme se Shtetet e Bashkuara dhe vendet evropiane.&#8221;<\/em>&#8211; tha sekretari i shtypit i Presidentit.<\/span><\/p>\n<p><span style=\"color: #000000;\">Kujtojm\u00eb se m\u00eb her\u00ebt, presidenti amerikan Joe Biden u shpreh pro p\u00ebrjashtimit t\u00eb Rusis\u00eb nga G20, megjithat\u00eb pranoi se disa vende t\u00eb tjera nuk ishin dakord me nj\u00eb l\u00ebvizje t\u00eb till\u00eb.<\/span><\/p>\n","protected":false,"gt_translate_keys":[{"key":"rendered","format":"html"}]},"excerpt":{"rendered":"<p>Z\u00ebdh\u00ebn\u00ebsi i Kremlinit, Dmitry Peskov, ka folur p\u00ebr mund\u00ebsin\u00eb e p\u00ebrjashtimit t\u00eb Rusis\u00eb nga formati i G20-\u00ebs. K\u00ebt\u00eb t\u00eb premte ai u tha gazetar\u00ebve se n\u00eb kushtet aktuale, p\u00ebrjashtimi nga G 20 nuk do t\u00eb ishte &#8220;fatale&#8221; p\u00ebr Rusin\u00eb. \u201cSa i p\u00ebrket formatit G20, ai \u00ebsht\u00eb i r\u00ebnd\u00ebsish\u00ebm. Por, nga ana tjet\u00ebr, n\u00eb kushtet aktuale, [&hellip;]<\/p>\n","protected":false,"gt_translate_keys":[{"key":"rendered","format":"html"}]},"author":30,"featured_media":510987,"comment_status":"closed","ping_status":"closed","sticky":false,"template":"","format":"standard","meta":{"footnotes":""},"categories":[6,13],"tags":[],"class_list":["post-513403","post","type-post","status-publish","format-standard","has-post-thumbnail","hentry","category-nderkombetare","category-te-fundit"],"gt_translate_keys":[{"key":"link","format":"url"}],"_links":{"self":[{"href":"https:\/\/www.hashtag.al\/index.php\/wp-json\/wp\/v2\/posts\/513403","targetHints":{"allow":["GET"]}}],"collection":[{"href":"https:\/\/www.hashtag.al\/index.php\/wp-json\/wp\/v2\/posts"}],"about":[{"href":"https:\/\/www.hashtag.al\/index.php\/wp-json\/wp\/v2\/types\/post"}],"author":[{"embeddable":true,"href":"https:\/\/www.hashtag.al\/index.php\/wp-json\/wp\/v2\/users\/30"}],"replies":[{"embeddable":true,"href":"https:\/\/www.hashtag.al\/index.php\/wp-json\/wp\/v2\/comments?post=513403"}],"version-history":[{"count":0,"href":"https:\/\/www.hashtag.al\/index.php\/wp-json\/wp\/v2\/posts\/513403\/revisions"}],"wp:featuredmedia":[{"embeddable":true,"href":"https:\/\/www.hashtag.al\/index.php\/wp-json\/wp\/v2\/media\/510987"}],"wp:attachment":[{"href":"https:\/\/www.hashtag.al\/index.php\/wp-json\/wp\/v2\/media?parent=513403"}],"wp:term":[{"taxonomy":"category","embeddable":true,"href":"https:\/\/www.hashtag.al\/index.php\/wp-json\/wp\/v2\/categories?post=513403"},{"taxonomy":"post_tag","embeddable":true,"href":"https:\/\/www.hashtag.al\/index.php\/wp-json\/wp\/v2\/tags?post=513403"}],"curies":[{"name":"wp","href":"https:\/\/api.w.org\/{rel}","templated":true}]}}