{"id":513400,"date":"2022-03-25T13:13:28","date_gmt":"2022-03-25T12:13:28","guid":{"rendered":"https:\/\/www.hashtag.al\/?p=513400"},"modified":"2022-03-25T13:13:28","modified_gmt":"2022-03-25T12:13:28","slug":"arrestimet-ne-kadastren-e-sarandes-reagon-ulsi-manja-asnje-zyrtar-dhe-ish-zyrtar-mos-ta-beje-gjumin-e-qete","status":"publish","type":"post","link":"https:\/\/www.hashtag.al\/index.php\/2022\/03\/25\/arrestimet-ne-kadastren-e-sarandes-reagon-ulsi-manja-asnje-zyrtar-dhe-ish-zyrtar-mos-ta-beje-gjumin-e-qete\/","title":{"rendered":"Arrestimet n\u00eb Kadastr\u00ebn e Sarand\u00ebs, reagon Ulsi Manja: Asnj\u00eb zyrtar dhe ish-zyrtar mos ta b\u00ebj\u00eb gjumin e qet\u00eb","gt_translate_keys":[{"key":"rendered","format":"text"}]},"content":{"rendered":"<p><span style=\"color: #000000;\"><a href=\"https:\/\/www.hashtag.al\/wp-content\/uploads\/2022\/03\/Manja-1.jpg\"><img loading=\"lazy\" decoding=\"async\" class=\"aligncenter size-full wp-image-513401\" src=\"https:\/\/www.hashtag.al\/wp-content\/uploads\/2022\/03\/Manja-1.jpg\" alt=\"\" width=\"956\" height=\"475\" srcset=\"https:\/\/www.hashtag.al\/wp-content\/uploads\/2022\/03\/Manja-1.jpg 956w, https:\/\/www.hashtag.al\/wp-content\/uploads\/2022\/03\/Manja-1-300x149.jpg 300w, https:\/\/www.hashtag.al\/wp-content\/uploads\/2022\/03\/Manja-1-768x382.jpg 768w\" sizes=\"auto, (max-width: 956px) 100vw, 956px\" \/><\/a><\/span><\/p>\n<p><span style=\"color: #000000;\">Ministri i Drejt\u00ebsis\u00eb, Ulsi Manja ka reaguar p\u00ebr operacionin n\u00eb Kadastr\u00ebn e Sarand\u00ebs, ku pati disa arrestime.<\/span><\/p>\n<p><span style=\"color: #000000;\">Gjat\u00eb fjal\u00ebs s\u00eb tij n\u00eb nj\u00eb deklarat\u00eb p\u00ebr mediet, Manja tha se hetimi p\u00ebrfshin ish-zyrtar\u00eb dhe zyrtar\u00eb t\u00eb Kadastr\u00ebs dhe ka ardhur pas denoncimit t\u00eb nj\u00eb qytetari.<\/span><\/p>\n<p><span style=\"color: #000000;\">Ai paralajm\u00ebroi zyrtar\u00ebt dhe ish-zyrtar\u00ebt e administrat\u00ebs shtet\u00ebrore q\u00eb\u00a0 mmos t\u00eb ndihen t\u00eb sigurt\u00eb dhe \u201cas ta b\u00ebjn\u00eb gjumin e qet\u00eb\u201d n\u00ebse kan\u00eb abuzuar me detyr\u00ebn.<\/span><\/p>\n<p><em><span style=\"color: #000000;\">&#8220;Dje n\u00eb Sarand\u00eb Forcat Ligjzbatuese kan\u00eb v\u00ebn\u00eb n\u00eb pranga disa zyrtar\u00eb dhe ish-zyrtar\u00eb abusues t\u00eb Kadastr\u00ebs. Gjith\u00e7ka pas nj\u00eb kall\u00ebzimi vet\u00ebm pak dit\u00eb m\u00eb par\u00eb nga Drejtoria Antikorrupsion, pran\u00eb Ministris\u00eb s\u00eb Drejt\u00ebsis\u00eb dhe q\u00eb ne e kemi b\u00ebr\u00eb publik edhe k\u00ebtu p\u00ebrpara jush.<\/span><\/em><\/p>\n<p><em><span style=\"color: #000000;\">M\u00eb lejoni t\u00eb uroj Prokurorin\u00eb e Sarand\u00ebs p\u00ebr shpejt\u00ebsin\u00eb dhe efektivitetin. \u00cbsht\u00eb i dyti rast ky pas arrestimit t\u00eb zyrtar\u00ebve t\u00eb AKU-s\u00eb n\u00eb Fier. Besoj dhe shpresoj fort se ka nisur nj\u00eb er\u00eb e r\u00eb n\u00eb bashk\u00ebpunimin dhe bashk\u00ebveprimin e agjencive ligjzbatuese n\u00eb vend me oerganet e reja t\u00eb drejt\u00ebsis\u00eb n\u00eb Shqip\u00ebri. Un\u00eb e nxis Prokurorin\u00eb t\u00eb vazhdoj\u00eb t\u00eb rris\u00eb performanc\u00ebn e saj p\u00ebr t\u00eb tjera kall\u00ebzime q\u00eb jan\u00eb dor\u00ebzuar nga Drejtoria Antikorrupsion.<\/span><\/em><\/p>\n<p><em><span style=\"color: #000000;\">Asnj\u00eb zyrtar dhe ish-zyrtar abuzues me detyr\u00ebn e shtetit, tashm\u00eb nuk duhet t\u00eb ndihet i sigurt\u00eb dhe as ta b\u00ebj\u00eb gjumin e qet\u00eb.<\/span><\/em><\/p>\n<p><span style=\"color: #000000;\"><em>S\u00eb dyti dua t\u00eb falenderoj qytetar\u00ebt q\u00eb denoncojn\u00eb. Hetimi, kall\u00ebzimi dhe aksioni i djesh\u00ebm ka ardhur pas denoncimit t\u00eb nj\u00eb qytetari. Por dua gjithashtu t\u00eb ftoj qytetar\u00ebt q\u00eb denoncimet nuk duhet t\u2019i b\u00ebjn\u00eb vet\u00ebm kur ata nuk zgjidhin hall, por menj\u00ebher\u00eb sapo zyrtar\u00ebt i shtyjn\u00eb n\u00eb korrupsion apo nuk iu japin sh\u00ebrbimet q\u00eb u takojn\u00eb sipas ligjit.&#8221;<\/em>&#8211; tha Manja.<\/span><\/p>\n","protected":false,"gt_translate_keys":[{"key":"rendered","format":"html"}]},"excerpt":{"rendered":"<p>Ministri i Drejt\u00ebsis\u00eb, Ulsi Manja ka reaguar p\u00ebr operacionin n\u00eb Kadastr\u00ebn e Sarand\u00ebs, ku pati disa arrestime. Gjat\u00eb fjal\u00ebs s\u00eb tij n\u00eb nj\u00eb deklarat\u00eb p\u00ebr mediet, Manja tha se hetimi p\u00ebrfshin ish-zyrtar\u00eb dhe zyrtar\u00eb t\u00eb Kadastr\u00ebs dhe ka ardhur pas denoncimit t\u00eb nj\u00eb qytetari. Ai paralajm\u00ebroi zyrtar\u00ebt dhe ish-zyrtar\u00ebt e administrat\u00ebs shtet\u00ebrore q\u00eb\u00a0 mmos t\u00eb [&hellip;]<\/p>\n","protected":false,"gt_translate_keys":[{"key":"rendered","format":"html"}]},"author":30,"featured_media":513401,"comment_status":"closed","ping_status":"closed","sticky":false,"template":"","format":"standard","meta":{"footnotes":""},"categories":[65,13],"tags":[],"class_list":["post-513400","post","type-post","status-publish","format-standard","has-post-thumbnail","hentry","category-lajme","category-te-fundit"],"gt_translate_keys":[{"key":"link","format":"url"}],"_links":{"self":[{"href":"https:\/\/www.hashtag.al\/index.php\/wp-json\/wp\/v2\/posts\/513400","targetHints":{"allow":["GET"]}}],"collection":[{"href":"https:\/\/www.hashtag.al\/index.php\/wp-json\/wp\/v2\/posts"}],"about":[{"href":"https:\/\/www.hashtag.al\/index.php\/wp-json\/wp\/v2\/types\/post"}],"author":[{"embeddable":true,"href":"https:\/\/www.hashtag.al\/index.php\/wp-json\/wp\/v2\/users\/30"}],"replies":[{"embeddable":true,"href":"https:\/\/www.hashtag.al\/index.php\/wp-json\/wp\/v2\/comments?post=513400"}],"version-history":[{"count":0,"href":"https:\/\/www.hashtag.al\/index.php\/wp-json\/wp\/v2\/posts\/513400\/revisions"}],"wp:featuredmedia":[{"embeddable":true,"href":"https:\/\/www.hashtag.al\/index.php\/wp-json\/wp\/v2\/media\/513401"}],"wp:attachment":[{"href":"https:\/\/www.hashtag.al\/index.php\/wp-json\/wp\/v2\/media?parent=513400"}],"wp:term":[{"taxonomy":"category","embeddable":true,"href":"https:\/\/www.hashtag.al\/index.php\/wp-json\/wp\/v2\/categories?post=513400"},{"taxonomy":"post_tag","embeddable":true,"href":"https:\/\/www.hashtag.al\/index.php\/wp-json\/wp\/v2\/tags?post=513400"}],"curies":[{"name":"wp","href":"https:\/\/api.w.org\/{rel}","templated":true}]}}