{"id":513302,"date":"2022-03-24T20:58:40","date_gmt":"2022-03-24T19:58:40","guid":{"rendered":"https:\/\/www.hashtag.al\/?p=513302"},"modified":"2022-03-24T20:59:32","modified_gmt":"2022-03-24T19:59:32","slug":"gjyqtari-zhukri-nuk-shqyrton-dot-kerkesen-per-ndryshimet-ne-statutin-e-pd-se-apeli-nuk-i-jep-aktet","status":"publish","type":"post","link":"https:\/\/www.hashtag.al\/index.php\/2022\/03\/24\/gjyqtari-zhukri-nuk-shqyrton-dot-kerkesen-per-ndryshimet-ne-statutin-e-pd-se-apeli-nuk-i-jep-aktet\/","title":{"rendered":"Gjyqtari Zhukri nuk shqyrton dot k\u00ebrkes\u00ebn p\u00ebr ndryshimet n\u00eb statutin e PD-s\u00eb, Apeli nuk i jep aktet","gt_translate_keys":[{"key":"rendered","format":"text"}]},"content":{"rendered":"<p style=\"text-align: justify;\"><span style=\"color: #000000;\"><img loading=\"lazy\" decoding=\"async\" class=\"aligncenter size-full wp-image-501124\" src=\"https:\/\/www.hashtag.al\/wp-content\/uploads\/2022\/01\/berisha9.jpg\" alt=\"\" width=\"842\" height=\"454\" srcset=\"https:\/\/www.hashtag.al\/wp-content\/uploads\/2022\/01\/berisha9.jpg 842w, https:\/\/www.hashtag.al\/wp-content\/uploads\/2022\/01\/berisha9-300x162.jpg 300w, https:\/\/www.hashtag.al\/wp-content\/uploads\/2022\/01\/berisha9-768x414.jpg 768w\" sizes=\"auto, (max-width: 842px) 100vw, 842px\" \/><\/span><\/p>\n<p style=\"text-align: justify;\"><span style=\"color: #000000;\">Konflikti i brendsh\u00ebm n\u00eb Partin\u00eb Demokratike rrezikon t\u00eb kthej\u00eb gjykat\u00ebn e Tiran\u00ebs n\u00eb nj\u00eb institucion ku nuk b\u00ebhet drejt\u00ebsi, por politike.<\/span><\/p>\n<p style=\"text-align: justify;\"><span style=\"color: #000000;\">Gjyqtari Agron Zhukri ka caktuar nes\u00ebr dat\u00ebn e zhvillimit t\u00eb procesit gjyq\u00ebsor p\u00ebr ndryshimet statutore q\u00eb Komisioni i Rithemelimit b\u00ebri n\u00eb at\u00eb q\u00eb njihet si Kuvendi i 11 dhjetorit.<\/span><\/p>\n<p style=\"text-align: justify;\"><span style=\"color: #000000;\">Por burimet p\u00ebr gazetaren Anila Hoxha pran\u00eb gjykat\u00ebs s\u00eb apelit thon\u00eb se seanca gjyq\u00ebsore e gjyqtarit Zhukri u caktua n\u00eb nj\u00eb koh\u00eb kur kjo dosje dhe nj\u00eb k\u00ebrkes\u00eb e Partis\u00eb Demokratike zyrtare ndodhet n\u00eb Gjykat\u00ebn e Apelit, raporton <span style=\"color: #0000ff;\"><a style=\"color: #0000ff;\" href=\"https:\/\/top-channel.tv\/2022\/03\/24\/ndryshimet-ne-statutin-e-pd-gjyqtari-zhukri-nuk-shqyrton-dot-kerkesen-apeli-nuk-i-jep-aktet\/\">Top Channel<\/a><\/span>.<\/span><\/p>\n<p style=\"text-align: justify;\"><span style=\"color: #000000;\">Pra praktikisht, sipas burimeve nes\u00ebr\u00a0 gjykohet me shum\u00eb mund\u00ebsi pa pasur asnj\u00eb dokument p\u00ebr t\u00eb, pasi fashikulli ndodhet n\u00eb Apel.<\/span><\/p>\n<p style=\"text-align: justify;\"><span style=\"color: #000000;\">Burimet jo zyrtare i than\u00eb gazetares Hoxha se ky do t\u00eb ishte nj\u00eb rast i paprecedent\u00eb n\u00eb historin\u00eb e drejt\u00ebsis\u00eb, ku nis gjykimi p\u00ebr nj\u00eb \u00e7\u00ebshtje kur duhet t\u00eb mbetej n\u00eb pritje t\u00eb asaj q\u00eb do shpall\u00eb apeli.<\/span><\/p>\n<p style=\"text-align: justify;\"><span style=\"color: #000000;\">Nd\u00ebrkoh\u00eb dosja e ndryshimeve statutore t\u00eb PD ndodhet n\u00eb Apel, pasi PD kund\u00ebrshtoi vendimin e nd\u00ebrmjet\u00ebm t\u00eb gjyqtares p\u00ebrkat\u00ebse p\u00ebr t\u00eb bashkuar n\u00eb nj\u00eb \u00e7\u00ebshtje ndryshimet statutore t\u00eb Kuvendit t\u00eb 17 Korrikut dhe ndryshimet statutore t\u00eb 11 Dhjetorit.<\/span><\/p>\n<p style=\"text-align: justify;\"><span style=\"color: #000000;\">K\u00ebto t\u00eb fundit i p\u00ebrkasin Komisionit t\u00eb Rithemelimit, q\u00eb ka shkarkuar \u00e7do struktur\u00eb drejtuese t\u00eb PD.<\/span><\/p>\n<p style=\"text-align: justify;\">\n","protected":false,"gt_translate_keys":[{"key":"rendered","format":"html"}]},"excerpt":{"rendered":"<p>Konflikti i brendsh\u00ebm n\u00eb Partin\u00eb Demokratike rrezikon t\u00eb kthej\u00eb gjykat\u00ebn e Tiran\u00ebs n\u00eb nj\u00eb institucion ku nuk b\u00ebhet drejt\u00ebsi, por politike. Gjyqtari Agron Zhukri ka caktuar nes\u00ebr dat\u00ebn e zhvillimit t\u00eb procesit gjyq\u00ebsor p\u00ebr ndryshimet statutore q\u00eb Komisioni i Rithemelimit b\u00ebri n\u00eb at\u00eb q\u00eb njihet si Kuvendi i 11 dhjetorit. Por burimet p\u00ebr gazetaren Anila [&hellip;]<\/p>\n","protected":false,"gt_translate_keys":[{"key":"rendered","format":"html"}]},"author":32,"featured_media":501124,"comment_status":"closed","ping_status":"closed","sticky":false,"template":"","format":"standard","meta":{"footnotes":""},"categories":[65,13],"tags":[],"class_list":["post-513302","post","type-post","status-publish","format-standard","has-post-thumbnail","hentry","category-lajme","category-te-fundit"],"gt_translate_keys":[{"key":"link","format":"url"}],"_links":{"self":[{"href":"https:\/\/www.hashtag.al\/index.php\/wp-json\/wp\/v2\/posts\/513302","targetHints":{"allow":["GET"]}}],"collection":[{"href":"https:\/\/www.hashtag.al\/index.php\/wp-json\/wp\/v2\/posts"}],"about":[{"href":"https:\/\/www.hashtag.al\/index.php\/wp-json\/wp\/v2\/types\/post"}],"author":[{"embeddable":true,"href":"https:\/\/www.hashtag.al\/index.php\/wp-json\/wp\/v2\/users\/32"}],"replies":[{"embeddable":true,"href":"https:\/\/www.hashtag.al\/index.php\/wp-json\/wp\/v2\/comments?post=513302"}],"version-history":[{"count":0,"href":"https:\/\/www.hashtag.al\/index.php\/wp-json\/wp\/v2\/posts\/513302\/revisions"}],"wp:featuredmedia":[{"embeddable":true,"href":"https:\/\/www.hashtag.al\/index.php\/wp-json\/wp\/v2\/media\/501124"}],"wp:attachment":[{"href":"https:\/\/www.hashtag.al\/index.php\/wp-json\/wp\/v2\/media?parent=513302"}],"wp:term":[{"taxonomy":"category","embeddable":true,"href":"https:\/\/www.hashtag.al\/index.php\/wp-json\/wp\/v2\/categories?post=513302"},{"taxonomy":"post_tag","embeddable":true,"href":"https:\/\/www.hashtag.al\/index.php\/wp-json\/wp\/v2\/tags?post=513302"}],"curies":[{"name":"wp","href":"https:\/\/api.w.org\/{rel}","templated":true}]}}