{"id":513137,"date":"2022-03-24T11:18:33","date_gmt":"2022-03-24T10:18:33","guid":{"rendered":"https:\/\/www.hashtag.al\/?p=513137"},"modified":"2022-03-24T11:18:33","modified_gmt":"2022-03-24T10:18:33","slug":"procedohen-penalisht-nente-persona-ne-vlore","status":"publish","type":"post","link":"https:\/\/www.hashtag.al\/index.php\/2022\/03\/24\/procedohen-penalisht-nente-persona-ne-vlore\/","title":{"rendered":"Procedohen penalisht n\u00ebnt\u00eb persona n\u00eb Vlor\u00eb","gt_translate_keys":[{"key":"rendered","format":"text"}]},"content":{"rendered":"<p><span style=\"color: #000000;\"><img loading=\"lazy\" decoding=\"async\" class=\"aligncenter size-full wp-image-513138\" src=\"https:\/\/www.hashtag.al\/wp-content\/uploads\/2022\/03\/policiavloe.jpg\" alt=\"\" width=\"892\" height=\"499\" srcset=\"https:\/\/www.hashtag.al\/wp-content\/uploads\/2022\/03\/policiavloe.jpg 892w, https:\/\/www.hashtag.al\/wp-content\/uploads\/2022\/03\/policiavloe-300x168.jpg 300w, https:\/\/www.hashtag.al\/wp-content\/uploads\/2022\/03\/policiavloe-768x430.jpg 768w\" sizes=\"auto, (max-width: 892px) 100vw, 892px\" \/><\/span><\/p>\n<p><span style=\"color: #000000;\">N\u00ebnt\u00eb persona jan\u00eb proceduar penalisht n\u00eb Vlor\u00eb. <\/span><\/p>\n<p><span style=\"color: #000000;\">Ata akuzohen p\u00ebr vepra t\u00eb ndryshme penale si falsifikim dokumentesh, shp\u00ebrdorim detyre, fshehje t\u00eb ardhurash, zjarrv\u00ebnie t\u00eb q\u00ebllimshme e kanosje.<\/span><\/p>\n<p><span style=\"color: #000000;\"><strong>Njoftimi<\/strong><\/span><\/p>\n<p><span style=\"color: #000000;\"><em>\u201cN\u00ebnt\u00eb shtetas jan\u00eb v\u00ebn\u00eb n\u00eb hetim n\u00eb Vlor\u00eb p\u00ebr vepra t\u00eb ndryshme penale.<\/em><\/span><\/p>\n<p><span style=\"color: #000000;\"><em>Punonj\u00ebsja e kompanis\u00eb p\u00ebr prodhimin e dokumenteve t\u00eb identifikimit, 34-vje\u00e7arja me iniciale E.B. \u00ebsht\u00eb proceduar penalisht p\u00ebr \u201cFalsifikim t\u00eb let\u00ebrnjoftimeve, pasaportave ose vizave\u201d. Ajo dyshohet se ka kryer n\u00eb m\u00ebnyr\u00eb t\u00eb parregullt procedur\u00ebn e aplikimit t\u00eb pajisjes me pasaport\u00eb p\u00ebr nj\u00eb shtetas.<\/em><\/span><\/p>\n<p><span style=\"color: #000000;\"><em>P\u00ebr \u201cFalsifikim t\u00eb dokumenteve\u201d dhe \u201cShp\u00ebrdorim t\u00eb\u00a0 detyr\u00ebs\u201d u vu n\u00ebn hetim administratore e Nj\u00ebsis\u00eb Administrative Qend\u00ebr Vlor\u00eb, 51-vje\u00e7arja me iniciale M.K. nj\u00eb shtetas e ka denoncuar, pasi pretendon se M.K. ka futur dokumente t\u00eb falsifikuara, n\u00eb dosjen e pron\u00ebsis\u00eb s\u00eb tij.<\/em><\/span><\/p>\n<p><span style=\"color: #000000;\"><em>Po nga k\u00ebto sh\u00ebrbime u proceduan penalisht p\u00ebr veprat penale \u201cFshehja e t\u00eb ardhurave\u201d dhe \u201cMospagimi i taksave dhe tatimeve\u201d, shtetasit: B. C., 47 vje\u00e7, banues n\u00eb lagjen \u201cPavar\u00ebsia\u201d, E. A., 38 vje\u00e7e, banuese n\u00eb lagjen \u201cIsa Boletini\u201d dhe B. Xh., 56 vje\u00e7, banues n\u00eb lagjen \u201c24 Maji\u201d, Vlor\u00eb, pasi ushtronin aktivitete tregtare n\u00eb subjekte t\u00eb paregjistruara n\u00eb organet tatimore dhe nuk kryenin deklarimet e t\u00eb ardhurave.<\/em><\/span><\/p>\n<p><span style=\"color: #000000;\"><em>P\u00ebr zjarrv\u00ebnie t\u00eb q\u00ebllimshme jan\u00eb proceduar shtetasit\u00a0 L. L., 40 vje\u00e7, D. B., 47 vje\u00e7 dhe A. J., 41 vje\u00e7, pasi kan\u00eb ndezur zjarre n\u00eb vende t\u00eb ndryshme dhe p\u00ebr pasoj\u00eb jan\u00eb djegur bim\u00ebsi dhe shkurre.<\/em><\/span><\/p>\n<p><span style=\"color: #000000;\"><em>Specialist\u00ebt e Hetimit t\u00eb Krimit n\u00eb Komisariatin e Policis\u00eb Himar\u00eb proceduan penalisht p\u00ebr vepr\u00ebn penale \u201cKanosja\u201d, shtetasin F. Z., 42 vje\u00e7, banues n\u00eb fshatin Borsh, Himar\u00eb, pasi ka b\u00ebr\u00eb kall\u00ebzim shtetasi S. G., 61 vje\u00e7, banues n\u00eb fshatin Borsh, Himar\u00eb, se 42-vje\u00e7ari e ka k\u00ebrc\u00ebnuar.\u201d<\/em><\/span><\/p>\n","protected":false,"gt_translate_keys":[{"key":"rendered","format":"html"}]},"excerpt":{"rendered":"<p>N\u00ebnt\u00eb persona jan\u00eb proceduar penalisht n\u00eb Vlor\u00eb. Ata akuzohen p\u00ebr vepra t\u00eb ndryshme penale si falsifikim dokumentesh, shp\u00ebrdorim detyre, fshehje t\u00eb ardhurash, zjarrv\u00ebnie t\u00eb q\u00ebllimshme e kanosje. Njoftimi \u201cN\u00ebnt\u00eb shtetas jan\u00eb v\u00ebn\u00eb n\u00eb hetim n\u00eb Vlor\u00eb p\u00ebr vepra t\u00eb ndryshme penale. Punonj\u00ebsja e kompanis\u00eb p\u00ebr prodhimin e dokumenteve t\u00eb identifikimit, 34-vje\u00e7arja me iniciale E.B. \u00ebsht\u00eb [&hellip;]<\/p>\n","protected":false,"gt_translate_keys":[{"key":"rendered","format":"html"}]},"author":51,"featured_media":513138,"comment_status":"closed","ping_status":"closed","sticky":false,"template":"","format":"standard","meta":{"footnotes":""},"categories":[65,13],"tags":[],"class_list":["post-513137","post","type-post","status-publish","format-standard","has-post-thumbnail","hentry","category-lajme","category-te-fundit"],"gt_translate_keys":[{"key":"link","format":"url"}],"_links":{"self":[{"href":"https:\/\/www.hashtag.al\/index.php\/wp-json\/wp\/v2\/posts\/513137","targetHints":{"allow":["GET"]}}],"collection":[{"href":"https:\/\/www.hashtag.al\/index.php\/wp-json\/wp\/v2\/posts"}],"about":[{"href":"https:\/\/www.hashtag.al\/index.php\/wp-json\/wp\/v2\/types\/post"}],"author":[{"embeddable":true,"href":"https:\/\/www.hashtag.al\/index.php\/wp-json\/wp\/v2\/users\/51"}],"replies":[{"embeddable":true,"href":"https:\/\/www.hashtag.al\/index.php\/wp-json\/wp\/v2\/comments?post=513137"}],"version-history":[{"count":0,"href":"https:\/\/www.hashtag.al\/index.php\/wp-json\/wp\/v2\/posts\/513137\/revisions"}],"wp:featuredmedia":[{"embeddable":true,"href":"https:\/\/www.hashtag.al\/index.php\/wp-json\/wp\/v2\/media\/513138"}],"wp:attachment":[{"href":"https:\/\/www.hashtag.al\/index.php\/wp-json\/wp\/v2\/media?parent=513137"}],"wp:term":[{"taxonomy":"category","embeddable":true,"href":"https:\/\/www.hashtag.al\/index.php\/wp-json\/wp\/v2\/categories?post=513137"},{"taxonomy":"post_tag","embeddable":true,"href":"https:\/\/www.hashtag.al\/index.php\/wp-json\/wp\/v2\/tags?post=513137"}],"curies":[{"name":"wp","href":"https:\/\/api.w.org\/{rel}","templated":true}]}}