{"id":513032,"date":"2022-03-23T18:07:38","date_gmt":"2022-03-23T17:07:38","guid":{"rendered":"https:\/\/www.hashtag.al\/?p=513032"},"modified":"2022-03-23T18:09:43","modified_gmt":"2022-03-23T17:09:43","slug":"von-der-leyen-putini-eshte-bere-armiku-me-i-keq-i-ruseve-po-bllokon-anijet-me-grure-ne-detin-e-zi","status":"publish","type":"post","link":"https:\/\/www.hashtag.al\/index.php\/2022\/03\/23\/von-der-leyen-putini-eshte-bere-armiku-me-i-keq-i-ruseve-po-bllokon-anijet-me-grure-ne-detin-e-zi\/","title":{"rendered":"Von der Leyen: Putini \u00ebsht\u00eb b\u00ebr\u00eb armiku m\u00eb i keq i rus\u00ebve, po bllokon anijet me grur\u00eb n\u00eb Detin e Zi","gt_translate_keys":[{"key":"rendered","format":"text"}]},"content":{"rendered":"<p><span style=\"color: #000000;\"><a href=\"https:\/\/www.hashtag.al\/wp-content\/uploads\/2022\/03\/623b445f6dfc19e92c580dec3345491826e788430cd1c9d64bec8-1594744243-5f0dddb3-960x640-1.jpg\"><img loading=\"lazy\" decoding=\"async\" class=\"aligncenter size-full wp-image-513033\" src=\"https:\/\/www.hashtag.al\/wp-content\/uploads\/2022\/03\/623b445f6dfc19e92c580dec3345491826e788430cd1c9d64bec8-1594744243-5f0dddb3-960x640-1.jpg\" alt=\"\" width=\"960\" height=\"640\" srcset=\"https:\/\/www.hashtag.al\/wp-content\/uploads\/2022\/03\/623b445f6dfc19e92c580dec3345491826e788430cd1c9d64bec8-1594744243-5f0dddb3-960x640-1.jpg 960w, https:\/\/www.hashtag.al\/wp-content\/uploads\/2022\/03\/623b445f6dfc19e92c580dec3345491826e788430cd1c9d64bec8-1594744243-5f0dddb3-960x640-1-300x200.jpg 300w, https:\/\/www.hashtag.al\/wp-content\/uploads\/2022\/03\/623b445f6dfc19e92c580dec3345491826e788430cd1c9d64bec8-1594744243-5f0dddb3-960x640-1-768x512.jpg 768w\" sizes=\"auto, (max-width: 960px) 100vw, 960px\" \/><\/a><\/span><\/p>\n<p><span style=\"color: #000000;\">Presidentja e Komisionit Evropian, Ursula von der Leyen gjat\u00eb nj\u00eb <span style=\"color: #0000ff;\"><a style=\"color: #0000ff;\" href=\"https:\/\/ec.europa.eu\/commission\/presscorner\/detail\/en\/speech_22_1968\">fjalimi<\/a> <\/span>t\u00eb mbajtur n\u00eb Parlamentin Evropian e ka quajtur presidentin rus Vladimir Putin \u201carmikun m\u00eb t\u00eb keq\u201d t\u00eb rus\u00ebve. <\/span><\/p>\n<p><span style=\"color: #000000;\">Gjat\u00eb fjal\u00ebs s\u00eb saj, Von der Leyen e akuzoi Putinin se duke pushtuar Ukrain\u00ebn ka d\u00ebmtuar jo vet\u00ebm ekonomin\u00eb e vendeve Per\u00ebndimore, por sipas saj edhe Rusin\u00eb.<\/span><\/p>\n<p><span style=\"color: #000000;\"><em>\u201cQindra kompani globale po largohen nga Rusia, sepse nuk duan t\u00eb ushqejn\u00eb luft\u00ebn e zgjedhur t\u00eb Putinit. Kjo, t\u00eb nderuar an\u00ebtar\u00eb, \u00ebsht\u00eb trash\u00ebgimia q\u00eb Putini do t\u00eb l\u00ebr\u00eb pas n\u00eb Rusi. Ai \u00ebsht\u00eb b\u00ebr\u00eb edhe armiku m\u00eb i keq i popullit rus. Por para s\u00eb gjithash, ai \u00ebsht\u00eb p\u00ebrgjegj\u00ebs p\u00ebr tragjedin\u00eb njer\u00ebzore n\u00eb Ukrain\u00eb. Deri m\u00eb tani, m\u00eb shum\u00eb se tre milion\u00eb njer\u00ebz jan\u00eb larguar nga Ukraina. Gjysma e tyre f\u00ebmij\u00eb. \u00c7do sekond\u00eb, nj\u00eb f\u00ebmij\u00eb nga Ukraina mb\u00ebrrin n\u00eb Unionin ton\u00eb. \u00c7do sekond\u00eb. Pra, nd\u00ebrsa un\u00eb po ju flas, k\u00ebtu n\u00eb zem\u00ebr t\u00eb demokracis\u00eb evropiane, 800 f\u00ebmij\u00eb po largohen nga Ukraina \u2013 t\u00eb guximsh\u00ebm, t\u00eb traumatizuar dhe n\u00eb nevoj\u00eb p\u00ebr ndihm\u00eb. Ata l\u00ebn\u00eb pas v\u00ebllez\u00ebrit dhe baballar\u00ebt e tyre, duke mos ditur n\u00ebse do t&#8217;i shohin p\u00ebrs\u00ebri.\u201d-<\/em> tha Von der Leyen.<\/span><\/p>\n<p><span style=\"color: #000000;\">Ajo thot\u00eb gjithashtu se presidenti rus po bllokon qindra anije me drith\u00eb n\u00eb Detin e Zi. Von Der Leyen i bn thirrje atij q\u00eb t\u2019i l\u00ebr\u00eb anijet t\u00eb kalojn\u00eb.<\/span><\/p>\n<p><span style=\"color: #000000;\"><em>\u201cP\u00ebr m\u00eb tep\u00ebr, Putini po bllokon qindra anije t\u00eb mbushura me grur\u00eb n\u00eb Detin e Zi. Pra, pasojat do t\u00eb ndihen nga Libani, Egjipti dhe Tunizia, n\u00eb Afrik\u00eb dhe Lindjen e Larg\u00ebt. I b\u00ebj thirrje Putinit q\u00eb t&#8217;i lejoj\u00eb ato anije. P\u00ebrndryshe, ai nuk do t\u00eb jet\u00eb p\u00ebrgjegj\u00ebs vet\u00ebm p\u00ebr nj\u00eb luft\u00eb dhe vdekje, por edhe p\u00ebr zin\u00eb dhe dhe urin\u00eb. L\u00ebrini k\u00ebto anije t\u00eb shkojn\u00eb.\u201d-<\/em> tha ajo.<\/span><\/p>\n","protected":false,"gt_translate_keys":[{"key":"rendered","format":"html"}]},"excerpt":{"rendered":"<p>Presidentja e Komisionit Evropian, Ursula von der Leyen gjat\u00eb nj\u00eb fjalimi t\u00eb mbajtur n\u00eb Parlamentin Evropian e ka quajtur presidentin rus Vladimir Putin \u201carmikun m\u00eb t\u00eb keq\u201d t\u00eb rus\u00ebve. Gjat\u00eb fjal\u00ebs s\u00eb saj, Von der Leyen e akuzoi Putinin se duke pushtuar Ukrain\u00ebn ka d\u00ebmtuar jo vet\u00ebm ekonomin\u00eb e vendeve Per\u00ebndimore, por sipas saj edhe [&hellip;]<\/p>\n","protected":false,"gt_translate_keys":[{"key":"rendered","format":"html"}]},"author":30,"featured_media":513033,"comment_status":"closed","ping_status":"closed","sticky":false,"template":"","format":"standard","meta":{"footnotes":""},"categories":[6,13],"tags":[],"class_list":["post-513032","post","type-post","status-publish","format-standard","has-post-thumbnail","hentry","category-nderkombetare","category-te-fundit"],"gt_translate_keys":[{"key":"link","format":"url"}],"_links":{"self":[{"href":"https:\/\/www.hashtag.al\/index.php\/wp-json\/wp\/v2\/posts\/513032","targetHints":{"allow":["GET"]}}],"collection":[{"href":"https:\/\/www.hashtag.al\/index.php\/wp-json\/wp\/v2\/posts"}],"about":[{"href":"https:\/\/www.hashtag.al\/index.php\/wp-json\/wp\/v2\/types\/post"}],"author":[{"embeddable":true,"href":"https:\/\/www.hashtag.al\/index.php\/wp-json\/wp\/v2\/users\/30"}],"replies":[{"embeddable":true,"href":"https:\/\/www.hashtag.al\/index.php\/wp-json\/wp\/v2\/comments?post=513032"}],"version-history":[{"count":0,"href":"https:\/\/www.hashtag.al\/index.php\/wp-json\/wp\/v2\/posts\/513032\/revisions"}],"wp:featuredmedia":[{"embeddable":true,"href":"https:\/\/www.hashtag.al\/index.php\/wp-json\/wp\/v2\/media\/513033"}],"wp:attachment":[{"href":"https:\/\/www.hashtag.al\/index.php\/wp-json\/wp\/v2\/media?parent=513032"}],"wp:term":[{"taxonomy":"category","embeddable":true,"href":"https:\/\/www.hashtag.al\/index.php\/wp-json\/wp\/v2\/categories?post=513032"},{"taxonomy":"post_tag","embeddable":true,"href":"https:\/\/www.hashtag.al\/index.php\/wp-json\/wp\/v2\/tags?post=513032"}],"curies":[{"name":"wp","href":"https:\/\/api.w.org\/{rel}","templated":true}]}}