{"id":513003,"date":"2022-03-23T16:08:06","date_gmt":"2022-03-23T15:08:06","guid":{"rendered":"https:\/\/www.hashtag.al\/?p=513003"},"modified":"2022-03-23T16:08:06","modified_gmt":"2022-03-23T15:08:06","slug":"u-shty-per-shkak-te-zgjedhjeve-lokale-zbulohet-kur-do-te-mblidhet-kongresi-i-ps-se","status":"publish","type":"post","link":"https:\/\/www.hashtag.al\/index.php\/2022\/03\/23\/u-shty-per-shkak-te-zgjedhjeve-lokale-zbulohet-kur-do-te-mblidhet-kongresi-i-ps-se\/","title":{"rendered":"U shty p\u00ebr shkak t\u00eb zgjedhjeve lokale, zbulohet kur do t\u00eb mblidhet Kongresi i PS-s\u00eb","gt_translate_keys":[{"key":"rendered","format":"text"}]},"content":{"rendered":"<p><span style=\"color: #000000;\"><a href=\"https:\/\/www.hashtag.al\/wp-content\/uploads\/2022\/03\/erama-3.jpg\"><img loading=\"lazy\" decoding=\"async\" class=\"aligncenter size-full wp-image-513004\" src=\"https:\/\/www.hashtag.al\/wp-content\/uploads\/2022\/03\/erama-3.jpg\" alt=\"\" width=\"800\" height=\"450\" srcset=\"https:\/\/www.hashtag.al\/wp-content\/uploads\/2022\/03\/erama-3.jpg 800w, https:\/\/www.hashtag.al\/wp-content\/uploads\/2022\/03\/erama-3-300x169.jpg 300w, https:\/\/www.hashtag.al\/wp-content\/uploads\/2022\/03\/erama-3-768x432.jpg 768w\" sizes=\"auto, (max-width: 800px) 100vw, 800px\" \/><\/a><\/span><\/p>\n<p><span style=\"color: #000000;\">Data p\u00ebr mbajtjen e Kongresit t\u00eb Partis\u00eb Socialiste \u00ebsht\u00eb zgjedhur 9 Prilli. T\u00eb pakt\u00ebn k\u00ebshtu raporton sot \u201cReport TV\u201d.<\/span><\/p>\n<p><span style=\"color: #000000;\">Kongresi i PS-s\u00eb ishte parashikuar t\u00eb mbahej n\u00eb dat\u00ebn 29 Janar t\u00eb k\u00ebtij viti, mir\u00ebpo u shty p\u00ebr shkak t\u00eb zgjedhjeve t\u00eb pjesshme lokale t\u00eb 6 Marsit si dhe p\u00ebr shkak t\u00eb Formularit t\u00eb K\u00ebshillimit Komb\u00ebtar.\u00a0<\/span><\/p>\n","protected":false,"gt_translate_keys":[{"key":"rendered","format":"html"}]},"excerpt":{"rendered":"<p>Data p\u00ebr mbajtjen e Kongresit t\u00eb Partis\u00eb Socialiste \u00ebsht\u00eb zgjedhur 9 Prilli. T\u00eb pakt\u00ebn k\u00ebshtu raporton sot \u201cReport TV\u201d. Kongresi i PS-s\u00eb ishte parashikuar t\u00eb mbahej n\u00eb dat\u00ebn 29 Janar t\u00eb k\u00ebtij viti, mir\u00ebpo u shty p\u00ebr shkak t\u00eb zgjedhjeve t\u00eb pjesshme lokale t\u00eb 6 Marsit si dhe p\u00ebr shkak t\u00eb Formularit t\u00eb K\u00ebshillimit Komb\u00ebtar.\u00a0<\/p>\n","protected":false,"gt_translate_keys":[{"key":"rendered","format":"html"}]},"author":30,"featured_media":513004,"comment_status":"closed","ping_status":"closed","sticky":false,"template":"","format":"standard","meta":{"footnotes":""},"categories":[65,13],"tags":[],"class_list":["post-513003","post","type-post","status-publish","format-standard","has-post-thumbnail","hentry","category-lajme","category-te-fundit"],"gt_translate_keys":[{"key":"link","format":"url"}],"_links":{"self":[{"href":"https:\/\/www.hashtag.al\/index.php\/wp-json\/wp\/v2\/posts\/513003","targetHints":{"allow":["GET"]}}],"collection":[{"href":"https:\/\/www.hashtag.al\/index.php\/wp-json\/wp\/v2\/posts"}],"about":[{"href":"https:\/\/www.hashtag.al\/index.php\/wp-json\/wp\/v2\/types\/post"}],"author":[{"embeddable":true,"href":"https:\/\/www.hashtag.al\/index.php\/wp-json\/wp\/v2\/users\/30"}],"replies":[{"embeddable":true,"href":"https:\/\/www.hashtag.al\/index.php\/wp-json\/wp\/v2\/comments?post=513003"}],"version-history":[{"count":0,"href":"https:\/\/www.hashtag.al\/index.php\/wp-json\/wp\/v2\/posts\/513003\/revisions"}],"wp:featuredmedia":[{"embeddable":true,"href":"https:\/\/www.hashtag.al\/index.php\/wp-json\/wp\/v2\/media\/513004"}],"wp:attachment":[{"href":"https:\/\/www.hashtag.al\/index.php\/wp-json\/wp\/v2\/media?parent=513003"}],"wp:term":[{"taxonomy":"category","embeddable":true,"href":"https:\/\/www.hashtag.al\/index.php\/wp-json\/wp\/v2\/categories?post=513003"},{"taxonomy":"post_tag","embeddable":true,"href":"https:\/\/www.hashtag.al\/index.php\/wp-json\/wp\/v2\/tags?post=513003"}],"curies":[{"name":"wp","href":"https:\/\/api.w.org\/{rel}","templated":true}]}}