{"id":512888,"date":"2022-03-23T09:12:52","date_gmt":"2022-03-23T08:12:52","guid":{"rendered":"https:\/\/www.hashtag.al\/?p=512888"},"modified":"2022-03-23T09:12:52","modified_gmt":"2022-03-23T08:12:52","slug":"qyteti-i-madh-kinez-futet-ne-karantine-per-shkak-te-covid-19","status":"publish","type":"post","link":"https:\/\/www.hashtag.al\/index.php\/2022\/03\/23\/qyteti-i-madh-kinez-futet-ne-karantine-per-shkak-te-covid-19\/","title":{"rendered":"Qyteti i madh kinez futet n\u00eb karantin\u00eb p\u00ebr shkak t\u00eb Covid-19","gt_translate_keys":[{"key":"rendered","format":"text"}]},"content":{"rendered":"<p><span style=\"color: #000000;\"><img loading=\"lazy\" decoding=\"async\" class=\"aligncenter size-full wp-image-512889\" src=\"https:\/\/www.hashtag.al\/wp-content\/uploads\/2022\/03\/kine-5.jpg\" alt=\"\" width=\"768\" height=\"432\" srcset=\"https:\/\/www.hashtag.al\/wp-content\/uploads\/2022\/03\/kine-5.jpg 768w, https:\/\/www.hashtag.al\/wp-content\/uploads\/2022\/03\/kine-5-300x169.jpg 300w\" sizes=\"auto, (max-width: 768px) 100vw, 768px\" \/><\/span><\/p>\n<p><span style=\"color: #000000;\">Rreth 4.5 milion\u00eb banor\u00eb t\u00eb qytetit verilindor t\u00eb Kin\u00ebs, Jilin, do t\u00eb duhet t\u00eb futen n\u00eb karantin\u00eb, nd\u00ebrsa Kina njofton nj\u00eb bllokim treditor p\u00ebr t\u00eb frenuar p\u00ebrhapjen e virusit, mes shp\u00ebrthimit m\u00eb t\u00eb madh t\u00eb Covid-19 n\u00eb vend n\u00eb dy vjet.<\/span><\/p>\n<p><span style=\"color: #000000;\">Kina regjistroi n\u00eb fundjav\u00eb mbi kat\u00ebr mij\u00eb raste t\u00eb reja me Covid, numri m\u00eb i lart\u00eb q\u00eb nga shp\u00ebrthimi i pandemis\u00eb dy vjet m\u00eb par\u00eb. Dy t\u00eb tretat e vdekjeve t\u00eb regjistruara ndodh\u00ebn n\u00eb provinc\u00ebn Jilin t\u00eb Kin\u00ebs, e cila kufizohet me Rusin\u00eb dhe Koren\u00eb e Veriut.<\/span><\/p>\n<p><span style=\"color: #000000;\">T\u00eb shtun\u00ebn, Pekini raportoi vdekjen e dy pacient\u00ebve q\u00eb ishin pozitiv me Covid n\u00eb provinc\u00ebn Jilin. T\u00eb dy viktimat, sipas autoriteteve kineze, kishin probleme t\u00eb tjera sh\u00ebndet\u00ebsore dhe nuk vdiq\u00ebn p\u00ebr shkak t\u00eb infeksionit t\u00eb tyre me koronavirus. Para k\u00ebsaj, asnj\u00eb vdekje e vetme e lidhur me Covid nuk ishte regjistruar n\u00eb Kin\u00eb n\u00eb m\u00eb shum\u00eb se nj\u00eb vit.<\/span><\/p>\n<p><span style=\"color: #000000;\">Q\u00eb nga 11 marsi, Changchun, kryeqyteti i provinc\u00ebs Jilin, ka qen\u00eb gjithashtu n\u00ebn kufizime. N\u00ebnt\u00eb milion\u00eb banor\u00ebt e tij lejohen t\u00eb largohen nga sht\u00ebpit\u00eb e tyre vet\u00ebm p\u00ebr t\u00eb bler\u00eb sende ushqimore, dhe jo m\u00eb shpesh se nj\u00eb her\u00eb n\u00eb dy dit\u00eb.<\/span><\/p>\n<p><span style=\"color: #000000;\">Nd\u00ebrkoh\u00eb, Pekini ka leht\u00ebsuar kufizimet n\u00eb jug t\u00eb vendit. Qendra e teknologjis\u00eb e Kin\u00ebs Shenzhen do t\u00eb heq\u00eb pjes\u00ebrisht bllokimin e saj, t\u00eb vendosur jav\u00ebn e kaluar. Transporti publik i qytetit rifilloi plot\u00ebsisht t\u00eb h\u00ebn\u00ebn, por disa biznese jo thelb\u00ebsore mbeten t\u00eb mbyllura.<\/span><\/p>\n<p><span style=\"color: #000000;\">Nd\u00ebrsa Kina po regjistron rritje t\u00eb rasteve me Covid, Pekini ka reaguar duke shkarkuar disa zyrtar\u00eb t\u00eb rangut t\u00eb lart\u00eb n\u00eb provinc\u00ebn Jilin, p\u00ebrfshir\u00eb kryetarin e bashkis\u00eb s\u00eb qytetit Jilin. <\/span><\/p>\n<p><span style=\"color: #000000;\">Zhang Lifeng, sekretari i Partis\u00eb Komuniste dhe administratori kryesor n\u00eb Universitetin e Shkenc\u00ebs dhe Teknologjis\u00eb Bujq\u00ebsore Jilin, u pushua nga puna pas nj\u00eb shp\u00ebrthimi n\u00eb kampus. Gazeta shtet\u00ebrore Global Times tha se ai u pushua nga puna p\u00ebr \u2018pakujdesi dhe p\u00ebrgjigje joefektive\u2019 ndaj infeksionit. <\/span><\/p>\n<p><span style=\"color: #000000;\">N\u00eb m\u00ebnyr\u00eb t\u00eb ngjashme, gjasht\u00eb zyrtar\u00eb u pushuan nga puna n\u00eb provinc\u00ebn bregdetare jugore t\u00eb Guangdong, duke p\u00ebrfshir\u00eb nj\u00eb z\u00ebvend\u00ebsdrejtor t\u00eb departamentit provincial t\u00eb siguris\u00eb publike.<\/span><\/p>\n","protected":false,"gt_translate_keys":[{"key":"rendered","format":"html"}]},"excerpt":{"rendered":"<p>Rreth 4.5 milion\u00eb banor\u00eb t\u00eb qytetit verilindor t\u00eb Kin\u00ebs, Jilin, do t\u00eb duhet t\u00eb futen n\u00eb karantin\u00eb, nd\u00ebrsa Kina njofton nj\u00eb bllokim treditor p\u00ebr t\u00eb frenuar p\u00ebrhapjen e virusit, mes shp\u00ebrthimit m\u00eb t\u00eb madh t\u00eb Covid-19 n\u00eb vend n\u00eb dy vjet. Kina regjistroi n\u00eb fundjav\u00eb mbi kat\u00ebr mij\u00eb raste t\u00eb reja me Covid, numri m\u00eb [&hellip;]<\/p>\n","protected":false,"gt_translate_keys":[{"key":"rendered","format":"html"}]},"author":51,"featured_media":512889,"comment_status":"closed","ping_status":"closed","sticky":false,"template":"","format":"standard","meta":{"footnotes":""},"categories":[53],"tags":[],"class_list":["post-512888","post","type-post","status-publish","format-standard","has-post-thumbnail","hentry","category-fast-foodi"],"gt_translate_keys":[{"key":"link","format":"url"}],"_links":{"self":[{"href":"https:\/\/www.hashtag.al\/index.php\/wp-json\/wp\/v2\/posts\/512888","targetHints":{"allow":["GET"]}}],"collection":[{"href":"https:\/\/www.hashtag.al\/index.php\/wp-json\/wp\/v2\/posts"}],"about":[{"href":"https:\/\/www.hashtag.al\/index.php\/wp-json\/wp\/v2\/types\/post"}],"author":[{"embeddable":true,"href":"https:\/\/www.hashtag.al\/index.php\/wp-json\/wp\/v2\/users\/51"}],"replies":[{"embeddable":true,"href":"https:\/\/www.hashtag.al\/index.php\/wp-json\/wp\/v2\/comments?post=512888"}],"version-history":[{"count":0,"href":"https:\/\/www.hashtag.al\/index.php\/wp-json\/wp\/v2\/posts\/512888\/revisions"}],"wp:featuredmedia":[{"embeddable":true,"href":"https:\/\/www.hashtag.al\/index.php\/wp-json\/wp\/v2\/media\/512889"}],"wp:attachment":[{"href":"https:\/\/www.hashtag.al\/index.php\/wp-json\/wp\/v2\/media?parent=512888"}],"wp:term":[{"taxonomy":"category","embeddable":true,"href":"https:\/\/www.hashtag.al\/index.php\/wp-json\/wp\/v2\/categories?post=512888"},{"taxonomy":"post_tag","embeddable":true,"href":"https:\/\/www.hashtag.al\/index.php\/wp-json\/wp\/v2\/tags?post=512888"}],"curies":[{"name":"wp","href":"https:\/\/api.w.org\/{rel}","templated":true}]}}