{"id":512883,"date":"2022-03-23T09:10:36","date_gmt":"2022-03-23T08:10:36","guid":{"rendered":"https:\/\/www.hashtag.al\/?p=512883"},"modified":"2022-03-23T11:13:38","modified_gmt":"2022-03-23T10:13:38","slug":"tenisti-spanjoll-nadal-probleme-me-shendetin-mezi-mbushem-me-fryme-eshte-sikur-me-kane-ngulur-nje-gjilpere-ne-gjoks","status":"publish","type":"post","link":"https:\/\/www.hashtag.al\/index.php\/2022\/03\/23\/tenisti-spanjoll-nadal-probleme-me-shendetin-mezi-mbushem-me-fryme-eshte-sikur-me-kane-ngulur-nje-gjilpere-ne-gjoks\/","title":{"rendered":"Tenisti spanjoll Nadal probleme me sh\u00ebndetin: Mezi mbushem me frym\u00eb, \u00ebsht\u00eb sikur m\u00eb kan\u00eb ngulur nj\u00eb gjilp\u00ebr\u00eb n\u00eb gjoks","gt_translate_keys":[{"key":"rendered","format":"text"}]},"content":{"rendered":"<p><span style=\"color: #000000;\"><img loading=\"lazy\" decoding=\"async\" class=\"aligncenter size-full wp-image-512884\" src=\"https:\/\/www.hashtag.al\/wp-content\/uploads\/2022\/03\/nadal1.jpg\" alt=\"\" width=\"1131\" height=\"735\" srcset=\"https:\/\/www.hashtag.al\/wp-content\/uploads\/2022\/03\/nadal1.jpg 1131w, https:\/\/www.hashtag.al\/wp-content\/uploads\/2022\/03\/nadal1-300x195.jpg 300w, https:\/\/www.hashtag.al\/wp-content\/uploads\/2022\/03\/nadal1-1024x665.jpg 1024w, https:\/\/www.hashtag.al\/wp-content\/uploads\/2022\/03\/nadal1-768x499.jpg 768w\" sizes=\"auto, (max-width: 1131px) 100vw, 1131px\" \/><\/span><\/p>\n<p><span style=\"color: #000000;\">Tenisti spanjoll Rafael Nadal, i cili humbi finalen e \u2018Indian Wells\u2019 ndaj amerikanit Taylor Fritz t\u00eb diel\u00ebn, tha pas ndeshjes se problemet fizike n\u00eb gjoks q\u00eb p\u00ebsoi po e pengojn\u00eb t\u00eb marr\u00eb frym\u00eb normalisht.<\/span><\/p>\n<p><span style=\"color: #000000;\"><em>&#8220;Gjith\u00e7ka q\u00eb mund t\u00eb them \u00ebsht\u00eb se frym\u00ebmarrja \u00ebsht\u00eb e v\u00ebshtir\u00eb p\u00ebr mua. Nuk e di, kur p\u00ebrpiqem t\u00eb marr frym\u00eb \u00ebsht\u00eb e dhimbshme dhe shum\u00eb e pak\u00ebndshme. M\u00eb dhemb brinja, nuk e di ende \u00e7far\u00eb \u00ebsht\u00eb.,&#8221;<\/em> u tha gazetar\u00ebve 35-vje\u00e7ari.<\/span><\/p>\n<p><span style=\"color: #000000;\"><em>&#8220;Nuk e di n\u00ebse \u00ebsht\u00eb di\u00e7ka n\u00eb brinj\u00eb, nuk e di ende. Kur marr frym\u00eb dhe kur l\u00ebviz \u00ebsht\u00eb sikur t\u00eb kem nj\u00eb gjilp\u00ebr\u00eb brenda gjith\u00eb koh\u00ebs. M\u00eb b\u00ebn t\u00eb ndihem pak i trullosur sepse \u00ebsht\u00eb e dhimbshme. \u00cbsht\u00eb nj\u00eb lloj dhimbjeje q\u00eb m\u00eb kufizon, shum\u00eb. Nuk \u00ebsht\u00eb vet\u00ebm p\u00ebr shkak t\u00eb dhimbjes: nuk ndihem shum\u00eb mir\u00eb sepse m\u00eb ndikon n\u00eb frym\u00ebmarrje\u201d<\/em>, shtoi ai.<\/span><\/p>\n<p><span style=\"color: #000000;\">P\u00ebrve\u00eb dhimbjes s\u00eb gjoksit, Nadal ka probleme edhe me k\u00ebmb\u00ebn e majt\u00eb. Pas kryerjes s\u00eb kontrolleve mjek\u00ebsore Nadal pritet t\u00eb q\u00ebndroj\u00eb jasht\u00eb garave p\u00ebr 4 deri n\u00eb 6 jav\u00eb. <\/span><\/p>\n<p><span style=\"color: #000000;\">Vet\u00eb tenisti u shpreh se ndihej i trishtuar lidhur me k\u00ebt\u00eb gj\u00eb, megjithat\u00eb pohoi se do zbatoj\u00eb t\u00eb gjith\u00eb k\u00ebshillat e mjek\u00ebvve.<\/span><\/p>\n<p><span style=\"color: #000000;\"><img loading=\"lazy\" decoding=\"async\" class=\"aligncenter size-full wp-image-512885\" src=\"https:\/\/www.hashtag.al\/wp-content\/uploads\/2022\/03\/nadal.jpg\" alt=\"\" width=\"727\" height=\"312\" srcset=\"https:\/\/www.hashtag.al\/wp-content\/uploads\/2022\/03\/nadal.jpg 727w, https:\/\/www.hashtag.al\/wp-content\/uploads\/2022\/03\/nadal-300x129.jpg 300w\" sizes=\"auto, (max-width: 727px) 100vw, 727px\" \/><\/span><\/p>\n","protected":false,"gt_translate_keys":[{"key":"rendered","format":"html"}]},"excerpt":{"rendered":"<p>Tenisti spanjoll Rafael Nadal, i cili humbi finalen e \u2018Indian Wells\u2019 ndaj amerikanit Taylor Fritz t\u00eb diel\u00ebn, tha pas ndeshjes se problemet fizike n\u00eb gjoks q\u00eb p\u00ebsoi po e pengojn\u00eb t\u00eb marr\u00eb frym\u00eb normalisht. &#8220;Gjith\u00e7ka q\u00eb mund t\u00eb them \u00ebsht\u00eb se frym\u00ebmarrja \u00ebsht\u00eb e v\u00ebshtir\u00eb p\u00ebr mua. Nuk e di, kur p\u00ebrpiqem t\u00eb marr frym\u00eb [&hellip;]<\/p>\n","protected":false,"gt_translate_keys":[{"key":"rendered","format":"html"}]},"author":51,"featured_media":512884,"comment_status":"closed","ping_status":"closed","sticky":false,"template":"","format":"standard","meta":{"footnotes":""},"categories":[53,134],"tags":[],"class_list":["post-512883","post","type-post","status-publish","format-standard","has-post-thumbnail","hentry","category-fast-foodi","category-sport"],"gt_translate_keys":[{"key":"link","format":"url"}],"_links":{"self":[{"href":"https:\/\/www.hashtag.al\/index.php\/wp-json\/wp\/v2\/posts\/512883","targetHints":{"allow":["GET"]}}],"collection":[{"href":"https:\/\/www.hashtag.al\/index.php\/wp-json\/wp\/v2\/posts"}],"about":[{"href":"https:\/\/www.hashtag.al\/index.php\/wp-json\/wp\/v2\/types\/post"}],"author":[{"embeddable":true,"href":"https:\/\/www.hashtag.al\/index.php\/wp-json\/wp\/v2\/users\/51"}],"replies":[{"embeddable":true,"href":"https:\/\/www.hashtag.al\/index.php\/wp-json\/wp\/v2\/comments?post=512883"}],"version-history":[{"count":0,"href":"https:\/\/www.hashtag.al\/index.php\/wp-json\/wp\/v2\/posts\/512883\/revisions"}],"wp:featuredmedia":[{"embeddable":true,"href":"https:\/\/www.hashtag.al\/index.php\/wp-json\/wp\/v2\/media\/512884"}],"wp:attachment":[{"href":"https:\/\/www.hashtag.al\/index.php\/wp-json\/wp\/v2\/media?parent=512883"}],"wp:term":[{"taxonomy":"category","embeddable":true,"href":"https:\/\/www.hashtag.al\/index.php\/wp-json\/wp\/v2\/categories?post=512883"},{"taxonomy":"post_tag","embeddable":true,"href":"https:\/\/www.hashtag.al\/index.php\/wp-json\/wp\/v2\/tags?post=512883"}],"curies":[{"name":"wp","href":"https:\/\/api.w.org\/{rel}","templated":true}]}}