{"id":512783,"date":"2022-03-22T17:06:57","date_gmt":"2022-03-22T16:06:57","guid":{"rendered":"https:\/\/www.hashtag.al\/?p=512783"},"modified":"2022-03-22T17:06:57","modified_gmt":"2022-03-22T16:06:57","slug":"justin-trudeau-arrin-marreveshjen-qe-do-e-mbaje-ne-pushtet-deri-ne-vitin-2025","status":"publish","type":"post","link":"https:\/\/www.hashtag.al\/index.php\/2022\/03\/22\/justin-trudeau-arrin-marreveshjen-qe-do-e-mbaje-ne-pushtet-deri-ne-vitin-2025\/","title":{"rendered":"Justin Trudeau arrin marr\u00ebveshjen q\u00eb do e mbaj\u00eb n\u00eb pushtet deri n\u00eb vitin 2025","gt_translate_keys":[{"key":"rendered","format":"text"}]},"content":{"rendered":"<p><span style=\"color: #000000;\"><a href=\"https:\/\/www.hashtag.al\/wp-content\/uploads\/2022\/03\/Trudeau.jpg\"><img loading=\"lazy\" decoding=\"async\" class=\"aligncenter size-full wp-image-512784\" src=\"https:\/\/www.hashtag.al\/wp-content\/uploads\/2022\/03\/Trudeau.jpg\" alt=\"\" width=\"976\" height=\"549\" srcset=\"https:\/\/www.hashtag.al\/wp-content\/uploads\/2022\/03\/Trudeau.jpg 976w, https:\/\/www.hashtag.al\/wp-content\/uploads\/2022\/03\/Trudeau-300x169.jpg 300w, https:\/\/www.hashtag.al\/wp-content\/uploads\/2022\/03\/Trudeau-768x432.jpg 768w\" sizes=\"auto, (max-width: 976px) 100vw, 976px\" \/><\/a><\/span><\/p>\n<p><span style=\"color: #000000;\">Qeveria e pakic\u00ebs liberale e kryeministrit kanadez Justin Trudeau ka arritur nj\u00eb marr\u00ebveshje me Partin\u00eb e Re Demokratike (NDP) p\u00ebr t\u00eb q\u00ebndruar n\u00eb pushtet deri n\u00eb vitin 2025.<\/span><\/p>\n<p><span style=\"color: #000000;\">N\u00eb k\u00ebmbim, liberal\u00ebt do t\u00eb mb\u00ebshtesin NDP-n\u00eb e majt\u00eb n\u00eb disa nga prioritetet kryesore t\u00eb k\u00ebsaj force politike n\u00eb parlament.<\/span><\/p>\n<p><span style=\"color: #000000;\">Trudeau tha t\u00eb mart\u00ebn se ai beson se kjo marr\u00ebveshje do t\u00eb siguroj\u00eb &#8220;<em>stabilitet<\/em>&#8221; p\u00ebr kanadez\u00ebt.<\/span><\/p>\n<p><span style=\"color: #000000;\">Ky veprim megjithat\u00eb sipas <span style=\"color: #0000ff;\"><a style=\"color: #0000ff;\" href=\"https:\/\/www.bbc.com\/news\/world-us-canada-60837941\">BBC<\/a><\/span>-s\u00eb \u00ebsht\u00eb kritikuar ashp\u00ebr nga Partia Konservatore e Kanadas\u00eb.<\/span><\/p>\n<p><span style=\"color: #000000;\">Duke folur n\u00eb nj\u00eb konferenc\u00eb shtypi t\u00eb mart\u00ebn, Trudeau tha se marr\u00ebveshja, fillon sot dhe do t\u00eb vazhdoj\u00eb deri n\u00eb fund t\u00eb parlamentit aktual t\u00eb Kanadas\u00eb n\u00eb 2025.<\/span><\/p>\n<p><span style=\"color: #000000;\"><em>&#8220;Kjo do t\u00eb thot\u00eb se gjat\u00eb k\u00ebsaj kohe t\u00eb pasigurt, qeveria mund t\u00eb funksionoj\u00eb me parashikueshm\u00ebri dhe stabilitet, t\u00eb paraqes\u00eb dhe zbatoj\u00eb buxhete dhe t\u00eb b\u00ebj\u00eb gj\u00ebrat p\u00ebr kanadez\u00ebt.&#8221;<\/em>&#8211; tha ai sipas <span style=\"color: #0000ff;\"><a style=\"color: #0000ff;\" href=\"https:\/\/www.bbc.com\/news\/world-us-canada-60837941\">BBC<\/a><\/span>-s\u00eb.<\/span><\/p>\n<p><span style=\"color: #000000;\">Marr\u00ebveshja ndryshon nga nj\u00eb koalicion, ku partit\u00eb ndajn\u00eb pushtetin. N\u00eb vend t\u00eb k\u00ebsaj, Liberal\u00ebt, t\u00eb cil\u00ebt nuk arrit\u00ebn t\u00eb fitojn\u00eb shumic\u00ebn n\u00eb dy zgjedhjet e kaluara do t\u00eb vazhdojn\u00eb t\u00eb qeverisin si pakic\u00eb, por me garanci se PHD do t&#8217;i mb\u00ebshtes\u00eb ata n\u00eb vot\u00ebbesimin.<\/span><\/p>\n<p><span style=\"color: #000000;\">Nd\u00ebrsa Trudeau parashikoi se t\u00eb dy pal\u00ebt do t\u00eb vazhdonin t\u00eb mos pajtoheshin n\u00eb disa fusha, ai tha se ata kishin identifikuar disa fusha ky\u00e7e t\u00eb politikave n\u00eb t\u00eb cilat ata ndajn\u00eb objektiva t\u00eb ngjash\u00ebm, duke p\u00ebrfshir\u00eb kujdesin sh\u00ebndet\u00ebsor, strehimin dhe mjedisin.<\/span><\/p>\n<p><span style=\"color: #000000;\"><em>&#8220;K\u00ebto jan\u00eb gj\u00ebra q\u00eb p\u00ebrshtaten brenda universit ton\u00eb t\u00eb prioriteteve, por jan\u00eb t\u00eb lehta p\u00ebr t\u00eb ecur p\u00ebrpara n\u00eb nj\u00eb m\u00ebnyr\u00eb konstruktive q\u00eb siguron q\u00eb, n\u00eb nj\u00eb gam\u00eb t\u00eb gjer\u00eb \u00e7\u00ebshtjesh, arlamenti duhet t\u00eb fokusohet n\u00eb ofrimin e kanadez\u00ebve.&#8221;-<\/em> shtoi ai.<\/span><\/p>\n<p><span style=\"color: #000000;\">Liderja e Partis\u00eb Konservatore t\u00eb Kanadas\u00eb, e kritikoi marr\u00ebveshjen si nj\u00eb<em> &#8220;p\u00ebrpjekje e pahijshme e Trudeau p\u00ebr t\u00eb mbajtur pushtetin&#8221;.<\/em><\/span><\/p>\n<p><span style=\"color: #000000;\"><em>&#8220;Ky \u00ebsht\u00eb pak m\u00eb shum\u00eb se socializ\u00ebm i prapambetur&#8221;-<\/em> tha ajo n\u00eb nj\u00eb deklarat\u00eb. <em>&#8220;Kjo \u00ebsht\u00eb nj\u00eb p\u00ebrpjekje NDP-Liberale ndaj qeveris\u00eb me shantazh. Nd\u00ebrtimi i kombit z\u00ebvend\u00ebsohet me blerjen e votave; marr\u00ebveshjet sekrete mbi debatin parlamentar; dhe oportunizmi mbi llogaridh\u00ebnien.&#8221;<\/em><\/span><\/p>\n<p><span style=\"color: #000000;\">Jagmeet Singh pritet t&#8217;i drejtohet mediave m\u00eb von\u00eb t\u00eb mart\u00ebn.<\/span><\/p>\n","protected":false,"gt_translate_keys":[{"key":"rendered","format":"html"}]},"excerpt":{"rendered":"<p>Qeveria e pakic\u00ebs liberale e kryeministrit kanadez Justin Trudeau ka arritur nj\u00eb marr\u00ebveshje me Partin\u00eb e Re Demokratike (NDP) p\u00ebr t\u00eb q\u00ebndruar n\u00eb pushtet deri n\u00eb vitin 2025. N\u00eb k\u00ebmbim, liberal\u00ebt do t\u00eb mb\u00ebshtesin NDP-n\u00eb e majt\u00eb n\u00eb disa nga prioritetet kryesore t\u00eb k\u00ebsaj force politike n\u00eb parlament. Trudeau tha t\u00eb mart\u00ebn se ai beson [&hellip;]<\/p>\n","protected":false,"gt_translate_keys":[{"key":"rendered","format":"html"}]},"author":30,"featured_media":512784,"comment_status":"closed","ping_status":"closed","sticky":false,"template":"","format":"standard","meta":{"footnotes":""},"categories":[6,13],"tags":[],"class_list":["post-512783","post","type-post","status-publish","format-standard","has-post-thumbnail","hentry","category-nderkombetare","category-te-fundit"],"gt_translate_keys":[{"key":"link","format":"url"}],"_links":{"self":[{"href":"https:\/\/www.hashtag.al\/index.php\/wp-json\/wp\/v2\/posts\/512783","targetHints":{"allow":["GET"]}}],"collection":[{"href":"https:\/\/www.hashtag.al\/index.php\/wp-json\/wp\/v2\/posts"}],"about":[{"href":"https:\/\/www.hashtag.al\/index.php\/wp-json\/wp\/v2\/types\/post"}],"author":[{"embeddable":true,"href":"https:\/\/www.hashtag.al\/index.php\/wp-json\/wp\/v2\/users\/30"}],"replies":[{"embeddable":true,"href":"https:\/\/www.hashtag.al\/index.php\/wp-json\/wp\/v2\/comments?post=512783"}],"version-history":[{"count":0,"href":"https:\/\/www.hashtag.al\/index.php\/wp-json\/wp\/v2\/posts\/512783\/revisions"}],"wp:featuredmedia":[{"embeddable":true,"href":"https:\/\/www.hashtag.al\/index.php\/wp-json\/wp\/v2\/media\/512784"}],"wp:attachment":[{"href":"https:\/\/www.hashtag.al\/index.php\/wp-json\/wp\/v2\/media?parent=512783"}],"wp:term":[{"taxonomy":"category","embeddable":true,"href":"https:\/\/www.hashtag.al\/index.php\/wp-json\/wp\/v2\/categories?post=512783"},{"taxonomy":"post_tag","embeddable":true,"href":"https:\/\/www.hashtag.al\/index.php\/wp-json\/wp\/v2\/tags?post=512783"}],"curies":[{"name":"wp","href":"https:\/\/api.w.org\/{rel}","templated":true}]}}