{"id":512592,"date":"2022-03-21T20:43:47","date_gmt":"2022-03-21T19:43:47","guid":{"rendered":"https:\/\/www.hashtag.al\/?p=512592"},"modified":"2022-03-21T20:43:47","modified_gmt":"2022-03-21T19:43:47","slug":"vokshi-deklarata-e-alibeajt-skema-e-fundit-per-te-mbajtur-peng-bashkimin-e-pd-se","status":"publish","type":"post","link":"https:\/\/www.hashtag.al\/index.php\/2022\/03\/21\/vokshi-deklarata-e-alibeajt-skema-e-fundit-per-te-mbajtur-peng-bashkimin-e-pd-se\/","title":{"rendered":"Vokshi: Deklarata e Alibeajt skema e fundit p\u00ebr t\u00eb mbajtur peng bashkimin e PD-s\u00eb","gt_translate_keys":[{"key":"rendered","format":"text"}]},"content":{"rendered":"<p style=\"text-align: justify;\"><span style=\"color: #000000;\"><img loading=\"lazy\" decoding=\"async\" class=\"aligncenter size-full wp-image-492235\" src=\"https:\/\/www.hashtag.al\/wp-content\/uploads\/2021\/12\/vokshi-2.jpg\" alt=\"\" width=\"840\" height=\"440\" srcset=\"https:\/\/www.hashtag.al\/wp-content\/uploads\/2021\/12\/vokshi-2.jpg 840w, https:\/\/www.hashtag.al\/wp-content\/uploads\/2021\/12\/vokshi-2-300x157.jpg 300w, https:\/\/www.hashtag.al\/wp-content\/uploads\/2021\/12\/vokshi-2-768x402.jpg 768w\" sizes=\"auto, (max-width: 840px) 100vw, 840px\" \/><\/span><\/p>\n<p style=\"text-align: justify;\"><span style=\"color: #000000;\">Deputetja e PD-s\u00eb Albana Vokshi ka komentuar n\u00eb nj\u00eb intervist\u00eb p\u00ebr Syri TV dor\u00ebheqjen e Lulzim Bash\u00ebs dhe rezolut\u00ebn e grupit parlamentar t\u00eb prezantuar nga deputeti Enkelejd Alibeaj.<\/span><\/p>\n<p style=\"text-align: justify;\"><span style=\"color: #000000;\">Vokshi ka theksuar se Basha \u00ebsht\u00eb shkarkuar n\u00eb 11 dhjetor me votat e 4446 delegat\u00ebve dhe i ratifikuar nga vota e 44 mij\u00eb demokrat\u00ebve n\u00eb referendumin e 18 dhjetorit.<\/span><\/p>\n<p style=\"text-align: justify;\"><span style=\"color: #000000;\">Deputetja e PD-s\u00eb ka sqaruar se edhe deklarata e zotit Alibeaj \u00ebsht\u00eb ai litari i l\u00ebn\u00eb jasht\u00eb p\u00ebr t\u00eb mbajtur peng bashkimin e partis\u00eb.<\/span><\/p>\n<p style=\"text-align: justify;\"><span style=\"color: #000000;\"><strong>\u201c<\/strong><em>Flitet p\u00ebr dor\u00ebheqje por un\u00eb nuk e di se nga \u00e7far\u00eb \u00ebsht\u00eb dor\u00ebhequr Lulzim Basha. Lulzim Basha n\u00eb 11 dhjetor \u00ebsht\u00eb shkarkuar me vot\u00ebn e 4446 delegat\u00ebve. Vota \u00ebsht\u00eb ajo q\u00eb vendos, Nuk e vendos as grupi parlamentar as nj\u00eb an\u00ebtar apo dy an\u00ebtar por sipas statutit \u00ebsht\u00eb organizuar Kuvendi dhe n\u00eb 11 dhjetor \u00ebsht\u00eb shkarkuar me 4446 delegat\u00eb dhe n\u00eb 18 dhjetor u ratifikua nga an\u00ebtar\u00ebsia n\u00eb referendumin ku mor\u00ebn pjes\u00eb 44 mij\u00eb an\u00ebtar\u00eb t\u00eb PD-s\u00eb. Pra \u00ebsht\u00eb shkarkuar.<\/em><\/span><\/p>\n<p style=\"text-align: justify;\"><span style=\"color: #000000;\"><em>Lulzim Basha sot vet\u00ebm duhet t\u00eb lironte at\u00eb karrige n\u00eb at\u00eb selin\u00eb q\u00eb e blindoi. Ka iku pa nder pa lavdi dhe me turp por ka l\u00ebn\u00eb at\u00eb litarin p\u00ebrjashta q\u00eb v\u00ebrehet edhe n\u00eb deklarat\u00ebn e zotit Alibeaj. Jan\u00eb ato skemat e fundit p\u00ebr t\u00eb mbajtur peng bashkimin e PD-s\u00eb. Vota \u00ebsht\u00eb p\u00ebrcaktuese si bashkuese e PD-s\u00eb dhe se kush e drejton partin\u00eb. Kjo nuk funksionon n\u00ebse ti ik\u00ebn por t\u00eb ik\u00eb edhe Berisha. Edhe zoti Alibeaj t\u00eb fliste m\u00eb mir\u00eb si n\u00ebnkryetari i fundit q\u00eb \u00ebsht\u00eb pran\u00eb Lulzim Bash\u00ebs.<\/em><\/span><\/p>\n<p style=\"text-align: justify;\">\n","protected":false,"gt_translate_keys":[{"key":"rendered","format":"html"}]},"excerpt":{"rendered":"<p>Deputetja e PD-s\u00eb Albana Vokshi ka komentuar n\u00eb nj\u00eb intervist\u00eb p\u00ebr Syri TV dor\u00ebheqjen e Lulzim Bash\u00ebs dhe rezolut\u00ebn e grupit parlamentar t\u00eb prezantuar nga deputeti Enkelejd Alibeaj. Vokshi ka theksuar se Basha \u00ebsht\u00eb shkarkuar n\u00eb 11 dhjetor me votat e 4446 delegat\u00ebve dhe i ratifikuar nga vota e 44 mij\u00eb demokrat\u00ebve n\u00eb referendumin e [&hellip;]<\/p>\n","protected":false,"gt_translate_keys":[{"key":"rendered","format":"html"}]},"author":32,"featured_media":492235,"comment_status":"closed","ping_status":"closed","sticky":false,"template":"","format":"standard","meta":{"footnotes":""},"categories":[65,13],"tags":[],"class_list":["post-512592","post","type-post","status-publish","format-standard","has-post-thumbnail","hentry","category-lajme","category-te-fundit"],"gt_translate_keys":[{"key":"link","format":"url"}],"_links":{"self":[{"href":"https:\/\/www.hashtag.al\/index.php\/wp-json\/wp\/v2\/posts\/512592","targetHints":{"allow":["GET"]}}],"collection":[{"href":"https:\/\/www.hashtag.al\/index.php\/wp-json\/wp\/v2\/posts"}],"about":[{"href":"https:\/\/www.hashtag.al\/index.php\/wp-json\/wp\/v2\/types\/post"}],"author":[{"embeddable":true,"href":"https:\/\/www.hashtag.al\/index.php\/wp-json\/wp\/v2\/users\/32"}],"replies":[{"embeddable":true,"href":"https:\/\/www.hashtag.al\/index.php\/wp-json\/wp\/v2\/comments?post=512592"}],"version-history":[{"count":0,"href":"https:\/\/www.hashtag.al\/index.php\/wp-json\/wp\/v2\/posts\/512592\/revisions"}],"wp:featuredmedia":[{"embeddable":true,"href":"https:\/\/www.hashtag.al\/index.php\/wp-json\/wp\/v2\/media\/492235"}],"wp:attachment":[{"href":"https:\/\/www.hashtag.al\/index.php\/wp-json\/wp\/v2\/media?parent=512592"}],"wp:term":[{"taxonomy":"category","embeddable":true,"href":"https:\/\/www.hashtag.al\/index.php\/wp-json\/wp\/v2\/categories?post=512592"},{"taxonomy":"post_tag","embeddable":true,"href":"https:\/\/www.hashtag.al\/index.php\/wp-json\/wp\/v2\/tags?post=512592"}],"curies":[{"name":"wp","href":"https:\/\/api.w.org\/{rel}","templated":true}]}}