{"id":511791,"date":"2022-03-18T10:56:29","date_gmt":"2022-03-18T09:56:29","guid":{"rendered":"https:\/\/www.hashtag.al\/?p=511791"},"modified":"2022-03-18T10:59:28","modified_gmt":"2022-03-18T09:59:28","slug":"kerkoi-daljen-nga-regjimi-41-biss-gjykata-kushtetuese-merr-vendimin-per-emiljano-shullazin","status":"publish","type":"post","link":"https:\/\/www.hashtag.al\/index.php\/2022\/03\/18\/kerkoi-daljen-nga-regjimi-41-biss-gjykata-kushtetuese-merr-vendimin-per-emiljano-shullazin\/","title":{"rendered":"K\u00ebrkoi daljen nga regjimi &#8220;41 biss&#8221;, Gjykata Kushtetuese merr vendimin p\u00ebr Emiljano Shullazin","gt_translate_keys":[{"key":"rendered","format":"text"}]},"content":{"rendered":"<p><span style=\"color: #000000;\"><a href=\"https:\/\/www.hashtag.al\/wp-content\/uploads\/2020\/07\/1583692059_SHULLAZI.jpg\"><img loading=\"lazy\" decoding=\"async\" class=\"aligncenter size-full wp-image-384680\" src=\"https:\/\/www.hashtag.al\/wp-content\/uploads\/2020\/07\/1583692059_SHULLAZI.jpg\" alt=\"\" width=\"780\" height=\"440\" srcset=\"https:\/\/www.hashtag.al\/wp-content\/uploads\/2020\/07\/1583692059_SHULLAZI.jpg 780w, https:\/\/www.hashtag.al\/wp-content\/uploads\/2020\/07\/1583692059_SHULLAZI-300x169.jpg 300w, https:\/\/www.hashtag.al\/wp-content\/uploads\/2020\/07\/1583692059_SHULLAZI-768x433.jpg 768w\" sizes=\"auto, (max-width: 780px) 100vw, 780px\" \/><\/a><\/span><\/p>\n<p><span style=\"color: #000000;\">Gjykata Kushtetuese ka pranuar k\u00ebrkes\u00ebn e Emiljano Shullazit, i cili kishte k\u00ebrkuar q\u00eb t\u00eb cil\u00ebsohej antikushtetues vendimi per mbajtjen e tij n\u00eb regjimin \u201c41 biss\u201d.\u00a0<\/span><\/p>\n<p><span style=\"color: #000000;\">K\u00ebshtu, Kushtetuesja ka konstatuar se Emiljano Shullazit i \u00ebsht\u00eb c\u00ebnuar e drejta p\u00ebr proces t\u00eb rregullt ligjor.<\/span><\/p>\n<p><span style=\"color: #000000;\"><em>\u201cShfuqizimi i vendimeve nr. 2, dat\u00eb 12.01.2021 t\u00eb Gjykat\u00ebs s\u00eb Posa\u00e7me t\u00eb Shkall\u00ebs s\u00eb Par\u00eb p\u00ebr Korrupsionin dhe Krimin e Organizuar; nr. 63, dat\u00eb 03.03.2021 t\u00eb Gjykat\u00ebs s\u00eb Posa\u00e7me t\u00eb Apelit p\u00ebr Korrupsionin dhe Krimin e Organizuar dhe nr. 00-2021-360, dat\u00eb 25.05.2021 t\u00eb Kolegjit Penal t\u00eb Gjykat\u00ebs s\u00eb Lart\u00eb, si t\u00eb papajtueshme me Kushtetut\u00ebn e Republik\u00ebs s\u00eb Shqip\u00ebris\u00eb.\u201d-<\/em> thuhet vendim.<\/span><\/p>\n<p><span style=\"color: #000000;\">Shullazi ankimoi n\u00eb Gjykat\u00ebn Kushtetuese vendimin p\u00ebr q\u00ebndrimin e tij n\u00eb regjimin e izolimit \u201c41 biss\u201d, pasi Gjykata e Lart\u00eb rr\u00ebzoi pretendimet e tij p\u00ebr t\u00eb dal\u00eb nga ky regjim i siguris\u00eb s\u00eb rrept\u00eb.<\/span><\/p>\n<p><span style=\"color: #000000;\">Megjithat\u00eb vendimi nuk do t\u00eb thot\u00eb se Shullazi do t\u00eb dal\u00eb nga regjimi \u201c41 <em>biss<\/em>\u201d por i detyron gjykatat q\u00eb t\u00eb shqyrtojn\u00eb aktet sekrete mbi baz\u00ebn e t\u00eb cilave Ministria e Drejt\u00ebsis\u00eb ka marr\u00eb vendim p\u00ebr ta izoluar Shullazin, sepse gjykatat refuzonin t\u00eb shqyrtonin aktet me argumentin se \u00ebsht\u00eb sekret.<\/span><\/p>\n<p><span style=\"color: #000000;\">Shullazi \u00ebsht\u00eb n\u00eb vitin e dyt\u00eb t\u00eb q\u00ebndrimit n\u00eb k\u00ebt\u00eb regjim d\u00ebnimi. Vendimi p\u00ebr izolimin e tij n\u00eb \u201c41 biss\u201d\u00a0u miratua nga Ministria e Drejt\u00ebsis\u00eb.<\/span><\/p>\n<p>&nbsp;<\/p>\n<p><a href=\"https:\/\/www.hashtag.al\/wp-content\/uploads\/2022\/03\/vendimi-i-plote.jpg\"><img loading=\"lazy\" decoding=\"async\" class=\"aligncenter size-full wp-image-511794\" src=\"https:\/\/www.hashtag.al\/wp-content\/uploads\/2022\/03\/vendimi-i-plote.jpg\" alt=\"\" width=\"1885\" height=\"722\" srcset=\"https:\/\/www.hashtag.al\/wp-content\/uploads\/2022\/03\/vendimi-i-plote.jpg 1885w, https:\/\/www.hashtag.al\/wp-content\/uploads\/2022\/03\/vendimi-i-plote-300x115.jpg 300w, https:\/\/www.hashtag.al\/wp-content\/uploads\/2022\/03\/vendimi-i-plote-1024x392.jpg 1024w, https:\/\/www.hashtag.al\/wp-content\/uploads\/2022\/03\/vendimi-i-plote-768x294.jpg 768w, https:\/\/www.hashtag.al\/wp-content\/uploads\/2022\/03\/vendimi-i-plote-1536x588.jpg 1536w\" sizes=\"auto, (max-width: 1885px) 100vw, 1885px\" \/><\/a><\/p>\n","protected":false,"gt_translate_keys":[{"key":"rendered","format":"html"}]},"excerpt":{"rendered":"<p>Gjykata Kushtetuese ka pranuar k\u00ebrkes\u00ebn e Emiljano Shullazit, i cili kishte k\u00ebrkuar q\u00eb t\u00eb cil\u00ebsohej antikushtetues vendimi per mbajtjen e tij n\u00eb regjimin \u201c41 biss\u201d.\u00a0 K\u00ebshtu, Kushtetuesja ka konstatuar se Emiljano Shullazit i \u00ebsht\u00eb c\u00ebnuar e drejta p\u00ebr proces t\u00eb rregullt ligjor. \u201cShfuqizimi i vendimeve nr. 2, dat\u00eb 12.01.2021 t\u00eb Gjykat\u00ebs s\u00eb Posa\u00e7me t\u00eb Shkall\u00ebs [&hellip;]<\/p>\n","protected":false,"gt_translate_keys":[{"key":"rendered","format":"html"}]},"author":30,"featured_media":384680,"comment_status":"closed","ping_status":"closed","sticky":false,"template":"","format":"standard","meta":{"footnotes":""},"categories":[65,13],"tags":[],"class_list":["post-511791","post","type-post","status-publish","format-standard","has-post-thumbnail","hentry","category-lajme","category-te-fundit"],"gt_translate_keys":[{"key":"link","format":"url"}],"_links":{"self":[{"href":"https:\/\/www.hashtag.al\/index.php\/wp-json\/wp\/v2\/posts\/511791","targetHints":{"allow":["GET"]}}],"collection":[{"href":"https:\/\/www.hashtag.al\/index.php\/wp-json\/wp\/v2\/posts"}],"about":[{"href":"https:\/\/www.hashtag.al\/index.php\/wp-json\/wp\/v2\/types\/post"}],"author":[{"embeddable":true,"href":"https:\/\/www.hashtag.al\/index.php\/wp-json\/wp\/v2\/users\/30"}],"replies":[{"embeddable":true,"href":"https:\/\/www.hashtag.al\/index.php\/wp-json\/wp\/v2\/comments?post=511791"}],"version-history":[{"count":0,"href":"https:\/\/www.hashtag.al\/index.php\/wp-json\/wp\/v2\/posts\/511791\/revisions"}],"wp:featuredmedia":[{"embeddable":true,"href":"https:\/\/www.hashtag.al\/index.php\/wp-json\/wp\/v2\/media\/384680"}],"wp:attachment":[{"href":"https:\/\/www.hashtag.al\/index.php\/wp-json\/wp\/v2\/media?parent=511791"}],"wp:term":[{"taxonomy":"category","embeddable":true,"href":"https:\/\/www.hashtag.al\/index.php\/wp-json\/wp\/v2\/categories?post=511791"},{"taxonomy":"post_tag","embeddable":true,"href":"https:\/\/www.hashtag.al\/index.php\/wp-json\/wp\/v2\/tags?post=511791"}],"curies":[{"name":"wp","href":"https:\/\/api.w.org\/{rel}","templated":true}]}}