{"id":511290,"date":"2022-03-15T16:49:43","date_gmt":"2022-03-15T15:49:43","guid":{"rendered":"https:\/\/www.hashtag.al\/?p=511290"},"modified":"2022-03-15T16:49:43","modified_gmt":"2022-03-15T15:49:43","slug":"ministri-gjerman-nderprerja-e-menjehershme-e-furnizimit-me-energji-nga-rusia-do-trondiste-ekonomine","status":"publish","type":"post","link":"https:\/\/www.hashtag.al\/index.php\/2022\/03\/15\/ministri-gjerman-nderprerja-e-menjehershme-e-furnizimit-me-energji-nga-rusia-do-trondiste-ekonomine\/","title":{"rendered":"Ministri gjerman: Nd\u00ebrprerja e menj\u00ebhershme e furnizimit me energji nga Rusia do trondiste ekonomin\u00eb","gt_translate_keys":[{"key":"rendered","format":"text"}]},"content":{"rendered":"<p><span style=\"color: #000000;\"><img loading=\"lazy\" decoding=\"async\" class=\"aligncenter size-full wp-image-511291\" src=\"https:\/\/www.hashtag.al\/wp-content\/uploads\/2022\/03\/habeck.jpg\" alt=\"\" width=\"2560\" height=\"1707\" \/><\/span><\/p>\n<p><span style=\"color: #000000;\">Ministri gjerman i Ekonomis\u00eb, Robert Habeck, ka th\u00ebn\u00eb se nd\u00ebrprerja e furnizimit me energji nga Rusia do trondis\u00eb ekonomin\u00eb dhe e v\u00ebhtir\u00ebsoj\u00eb edhe m\u00eb shum\u00eb jet\u00ebn e njer\u00ebzve t\u00eb zakonsh\u00ebm.<\/span><\/p>\n<p><span style=\"color: #000000;\">Var\u00ebsia nga l\u00ebnd\u00ebt djeg\u00ebse fosile ruse mbetet \u2018krahasisht e lart\u00eb\u2019, tha Habeck p\u00ebr ARD t\u00eb diel\u00ebn.<\/span><\/p>\n<p><span style=\"color: #000000;\"><em>&#8220;N\u00ebse e fikim \u00e7el\u00ebsin menj\u00ebher\u00eb, do t\u00eb ket\u00eb munges\u00eb furnizimi, madje edhe ndalesa t\u00eb furnizimit, papun\u00ebsi masive, varf\u00ebri.&#8221;<\/em> &#8211; paralajm\u00ebroi Habeck, duke shtuar se do t\u00eb ket\u00eb \u2018njer\u00ebz q\u00eb nuk do t\u00eb jen\u00eb m\u00eb n\u00eb gjendje t\u00eb ngrohin sht\u00ebpit\u00eb e tyre\u2019.<\/span><\/p>\n<p><span style=\"color: #000000;\"><em>\u201cMe qymyrin, naft\u00ebn, madje edhe gazin, ne jemi hap pas hapi n\u00eb procesin e pavar\u00ebsimit\u201d<\/em>, theksoi ministri.<\/span><\/p>\n<p><span style=\"color: #000000;\"><em>\u201cPor ne nuk mund ta b\u00ebjm\u00eb at\u00eb n\u00eb nj\u00eb \u00e7ast. Kjo \u00ebsht\u00eb e hidhur dhe nuk \u00ebsht\u00eb nj\u00eb gj\u00eb e mir\u00eb moralisht p\u00ebr t&#8217;u rr\u00ebfyer, por ne nuk mund ta b\u00ebjm\u00eb ende.&#8221;<\/em> &#8211; tha ai.<\/span><\/p>\n<p><span style=\"color: #000000;\">N\u00eb t\u00eb nj\u00ebjt\u00ebn koh\u00eb, Habeck tha se Gjermania ka vazhduar t\u00eb b\u00ebhet m\u00eb e pavarur nga energjia ruse.<\/span><\/p>\n<p><span style=\"color: #000000;\">Evropa ka qen\u00eb n\u00ebn presion p\u00ebr t\u00eb vendosur m\u00eb shum\u00eb sanksione ndaj Rusis\u00eb n\u00eb p\u00ebrgjigje t\u00eb fushat\u00ebs s\u00eb saj t\u00eb vazhdueshme ushtarake n\u00eb Ukrain\u00eb. <\/span><\/p>\n<p><span style=\"color: #000000;\">Komisioni Evropian tha jav\u00ebn e kaluar se do t\u00eb heq\u00eb gradualisht var\u00ebsin\u00eb e tij nga nafta, gazi dhe qymyri rus deri n\u00eb vitin 2030, por, ndryshe nga SHBA dhe Britania e Madhe, e bllokoi nj\u00eb ndalim t\u00eb menj\u00ebhersh\u00ebm t\u00eb importit t\u00eb energjis\u00eb nga Rusia.<\/span><\/p>\n<p><span style=\"color: #000000;\"> Zyrtar\u00ebt e BE-s\u00eb than\u00eb se vendet an\u00ebtare duhet t\u00eb merren me rritjen e \u00e7mimeve t\u00eb energjis\u00eb dhe t\u00eb rimbushin rezervat e gazit p\u00ebrpara dimrit.<\/span><\/p>\n<p><span style=\"color: #000000;\">Z\u00ebvend\u00ebskryeministri rus Alexander Novak tha jav\u00ebn e kaluar se sektori energjetik i vendit ishte i p\u00ebrgatitur p\u00ebr sanksione, nd\u00ebrsa qeveria po punonte p\u00ebr m\u00ebnyrat p\u00ebr t\u00eb zbutur ndikimin.<\/span><\/p>\n","protected":false,"gt_translate_keys":[{"key":"rendered","format":"html"}]},"excerpt":{"rendered":"<p>Ministri gjerman i Ekonomis\u00eb, Robert Habeck, ka th\u00ebn\u00eb se nd\u00ebrprerja e furnizimit me energji nga Rusia do trondis\u00eb ekonomin\u00eb dhe e v\u00ebhtir\u00ebsoj\u00eb edhe m\u00eb shum\u00eb jet\u00ebn e njer\u00ebzve t\u00eb zakonsh\u00ebm. Var\u00ebsia nga l\u00ebnd\u00ebt djeg\u00ebse fosile ruse mbetet \u2018krahasisht e lart\u00eb\u2019, tha Habeck p\u00ebr ARD t\u00eb diel\u00ebn. &#8220;N\u00ebse e fikim \u00e7el\u00ebsin menj\u00ebher\u00eb, do t\u00eb ket\u00eb munges\u00eb [&hellip;]<\/p>\n","protected":false,"gt_translate_keys":[{"key":"rendered","format":"html"}]},"author":51,"featured_media":0,"comment_status":"closed","ping_status":"closed","sticky":false,"template":"","format":"standard","meta":{"footnotes":""},"categories":[53],"tags":[],"class_list":["post-511290","post","type-post","status-publish","format-standard","hentry","category-fast-foodi"],"gt_translate_keys":[{"key":"link","format":"url"}],"_links":{"self":[{"href":"https:\/\/www.hashtag.al\/index.php\/wp-json\/wp\/v2\/posts\/511290","targetHints":{"allow":["GET"]}}],"collection":[{"href":"https:\/\/www.hashtag.al\/index.php\/wp-json\/wp\/v2\/posts"}],"about":[{"href":"https:\/\/www.hashtag.al\/index.php\/wp-json\/wp\/v2\/types\/post"}],"author":[{"embeddable":true,"href":"https:\/\/www.hashtag.al\/index.php\/wp-json\/wp\/v2\/users\/51"}],"replies":[{"embeddable":true,"href":"https:\/\/www.hashtag.al\/index.php\/wp-json\/wp\/v2\/comments?post=511290"}],"version-history":[{"count":0,"href":"https:\/\/www.hashtag.al\/index.php\/wp-json\/wp\/v2\/posts\/511290\/revisions"}],"wp:attachment":[{"href":"https:\/\/www.hashtag.al\/index.php\/wp-json\/wp\/v2\/media?parent=511290"}],"wp:term":[{"taxonomy":"category","embeddable":true,"href":"https:\/\/www.hashtag.al\/index.php\/wp-json\/wp\/v2\/categories?post=511290"},{"taxonomy":"post_tag","embeddable":true,"href":"https:\/\/www.hashtag.al\/index.php\/wp-json\/wp\/v2\/tags?post=511290"}],"curies":[{"name":"wp","href":"https:\/\/api.w.org\/{rel}","templated":true}]}}