{"id":511142,"date":"2022-03-15T09:11:16","date_gmt":"2022-03-15T08:11:16","guid":{"rendered":"https:\/\/www.hashtag.al\/?p=511142"},"modified":"2022-03-15T09:11:16","modified_gmt":"2022-03-15T08:11:16","slug":"rusia-kemi-marre-nen-kontroll-te-gjithe-territorin-e-rajonit-kherson","status":"publish","type":"post","link":"https:\/\/www.hashtag.al\/index.php\/2022\/03\/15\/rusia-kemi-marre-nen-kontroll-te-gjithe-territorin-e-rajonit-kherson\/","title":{"rendered":"Rusia: Kemi marr\u00eb n\u00ebn kontroll t\u00eb gjith\u00eb territorin e rajonit Kherson","gt_translate_keys":[{"key":"rendered","format":"text"}]},"content":{"rendered":"<p><span style=\"color: #000000;\"><a href=\"https:\/\/www.hashtag.al\/wp-content\/uploads\/2022\/03\/igor.jpg\"><img loading=\"lazy\" decoding=\"async\" class=\"aligncenter size-full wp-image-511143\" src=\"https:\/\/www.hashtag.al\/wp-content\/uploads\/2022\/03\/igor.jpg\" alt=\"\" width=\"600\" height=\"338\" srcset=\"https:\/\/www.hashtag.al\/wp-content\/uploads\/2022\/03\/igor.jpg 600w, https:\/\/www.hashtag.al\/wp-content\/uploads\/2022\/03\/igor-300x169.jpg 300w\" sizes=\"auto, (max-width: 600px) 100vw, 600px\" \/><\/a><\/span><\/p>\n<p><span style=\"color: #000000;\">Forcat e armatosura ruse kan\u00eb marr\u00eb n\u00ebn kontroll t\u00eb plot\u00eb t\u00eb gjith\u00eb territorin e rajonit Kherson n\u00eb Ukrain\u00eb.<\/span><\/p>\n<p><span style=\"color: #000000;\">T\u00eb pakt\u00ebn k\u00ebshtu deklaroi t\u00eb mart\u00ebn p\u00ebrfaq\u00ebsuesi zyrtar i Ministris\u00eb s\u00eb Mbrojtjes ruse, gjeneralmajor Igor Konashenkov.<\/span><\/p>\n<p><span style=\"color: #000000;\"><em>\u201cForcat e armatosura t\u00eb Federat\u00ebs Ruse kan\u00eb marr\u00eb kontrollin e plot\u00eb t\u00eb t\u00eb gjith\u00eb territorit t\u00eb rajonit Kherson.<\/em>\u201d- tha ai sipas agjencis\u00eb s\u00eb lajmeve ruse <span style=\"color: #0000ff;\"><a style=\"color: #0000ff;\" href=\"https:\/\/tass.ru\/armiya-i-opk\/14070773\">TASS<\/a><\/span>.<\/span><\/p>\n<p><span style=\"color: #000000;\">Sipas tij, grupimi i trupave t\u00eb Republik\u00ebs Popullore t\u00eb Donetsk, duke vazhduar operacionet sulmuese, dep\u00ebrtoi n\u00eb mbrojtjen e nacionalist\u00ebve ukrainas, mori kontrollin e vendbanimit Panteleymonovka dhe arriti n\u00eb vij\u00ebn Verkhnetoretskoye-Novoselovka-2.<\/span><\/p>\n","protected":false,"gt_translate_keys":[{"key":"rendered","format":"html"}]},"excerpt":{"rendered":"<p>Forcat e armatosura ruse kan\u00eb marr\u00eb n\u00ebn kontroll t\u00eb plot\u00eb t\u00eb gjith\u00eb territorin e rajonit Kherson n\u00eb Ukrain\u00eb. T\u00eb pakt\u00ebn k\u00ebshtu deklaroi t\u00eb mart\u00ebn p\u00ebrfaq\u00ebsuesi zyrtar i Ministris\u00eb s\u00eb Mbrojtjes ruse, gjeneralmajor Igor Konashenkov. \u201cForcat e armatosura t\u00eb Federat\u00ebs Ruse kan\u00eb marr\u00eb kontrollin e plot\u00eb t\u00eb t\u00eb gjith\u00eb territorit t\u00eb rajonit Kherson.\u201d- tha ai sipas [&hellip;]<\/p>\n","protected":false,"gt_translate_keys":[{"key":"rendered","format":"html"}]},"author":30,"featured_media":511143,"comment_status":"closed","ping_status":"closed","sticky":false,"template":"","format":"standard","meta":{"footnotes":""},"categories":[6,13],"tags":[],"class_list":["post-511142","post","type-post","status-publish","format-standard","has-post-thumbnail","hentry","category-nderkombetare","category-te-fundit"],"gt_translate_keys":[{"key":"link","format":"url"}],"_links":{"self":[{"href":"https:\/\/www.hashtag.al\/index.php\/wp-json\/wp\/v2\/posts\/511142","targetHints":{"allow":["GET"]}}],"collection":[{"href":"https:\/\/www.hashtag.al\/index.php\/wp-json\/wp\/v2\/posts"}],"about":[{"href":"https:\/\/www.hashtag.al\/index.php\/wp-json\/wp\/v2\/types\/post"}],"author":[{"embeddable":true,"href":"https:\/\/www.hashtag.al\/index.php\/wp-json\/wp\/v2\/users\/30"}],"replies":[{"embeddable":true,"href":"https:\/\/www.hashtag.al\/index.php\/wp-json\/wp\/v2\/comments?post=511142"}],"version-history":[{"count":0,"href":"https:\/\/www.hashtag.al\/index.php\/wp-json\/wp\/v2\/posts\/511142\/revisions"}],"wp:featuredmedia":[{"embeddable":true,"href":"https:\/\/www.hashtag.al\/index.php\/wp-json\/wp\/v2\/media\/511143"}],"wp:attachment":[{"href":"https:\/\/www.hashtag.al\/index.php\/wp-json\/wp\/v2\/media?parent=511142"}],"wp:term":[{"taxonomy":"category","embeddable":true,"href":"https:\/\/www.hashtag.al\/index.php\/wp-json\/wp\/v2\/categories?post=511142"},{"taxonomy":"post_tag","embeddable":true,"href":"https:\/\/www.hashtag.al\/index.php\/wp-json\/wp\/v2\/tags?post=511142"}],"curies":[{"name":"wp","href":"https:\/\/api.w.org\/{rel}","templated":true}]}}