{"id":511061,"date":"2022-03-14T20:07:31","date_gmt":"2022-03-14T19:07:31","guid":{"rendered":"https:\/\/www.hashtag.al\/?p=511061"},"modified":"2022-03-14T20:07:31","modified_gmt":"2022-03-14T19:07:31","slug":"kina-paralajmeron-lideret-e-tajvanit-sdo-lejojme-asnje-levizje-separatiste","status":"publish","type":"post","link":"https:\/\/www.hashtag.al\/index.php\/2022\/03\/14\/kina-paralajmeron-lideret-e-tajvanit-sdo-lejojme-asnje-levizje-separatiste\/","title":{"rendered":"Kina paralajm\u00ebron lider\u00ebt e Tajvanit: S\u2019do lejojm\u00eb asnj\u00eb l\u00ebvizje separatiste","gt_translate_keys":[{"key":"rendered","format":"text"}]},"content":{"rendered":"<p><span style=\"color: #000000;\"><img loading=\"lazy\" decoding=\"async\" class=\"aligncenter size-full wp-image-511062\" src=\"https:\/\/www.hashtag.al\/wp-content\/uploads\/2022\/03\/kine-2.jpg\" alt=\"\" width=\"768\" height=\"432\" srcset=\"https:\/\/www.hashtag.al\/wp-content\/uploads\/2022\/03\/kine-2.jpg 768w, https:\/\/www.hashtag.al\/wp-content\/uploads\/2022\/03\/kine-2-300x169.jpg 300w\" sizes=\"auto, (max-width: 768px) 100vw, 768px\" \/><\/span><\/p>\n<p><span style=\"color: #000000;\">Ushtria e Kin\u00ebs tha se \u00ebsht\u00eb e gatshme t\u00eb kund\u00ebrshtoj\u00eb nd\u00ebrhyrjen e huaj dhe p\u00ebrpjekjet p\u00ebr t\u00eb shpallur ishullin nj\u00eb komb t\u00eb pavarur, tha z\u00ebdh\u00ebn\u00ebsi i saj.<\/span><\/p>\n<p><span style=\"color: #000000;\"><em>\u201cSa m\u00eb shum\u00eb q\u00eb SHBA-ja e Japonia b\u00ebjn\u00eb zhurm\u00eb p\u00ebr \u00e7\u00ebshtjen e Tajvanit, aq m\u00eb t\u00eb ashpra do t\u00eb jen\u00eb reagime q\u00eb do nd\u00ebrmarrim p\u00ebr t\u00eb mbrojtur sovranitetin komb\u00ebtar dhe integritetin territorial\u201d<\/em>, tha z\u00ebdh\u00ebn\u00ebsi ushtarak, Wu Qian, p\u00ebr mediat kineze.<\/span><\/p>\n<p><span style=\"color: #000000;\">Ai tha se ushtria mb\u00ebshteti q\u00ebllimin e ribashkimit paq\u00ebsor me ishullin, por \u2018nuk do t\u00eb toleroj\u00eb kurr\u00eb q\u00eb forcat separatiste t\u00eb Tajvanit&#8217; t\u00eb ndajn\u00eb atdheun\u2019. Zyrtari faj\u00ebsoi udh\u00ebheqjen e Tajvanit p\u00ebr p\u00ebrshkall\u00ebzimin e vazhduesh\u00ebm t\u00eb tensioneve rreth tij.<\/span><\/p>\n<p><span style=\"color: #000000;\">Duke folur p\u00ebr potencialin p\u00ebr nj\u00eb konflikt t\u00eb armatosur n\u00eb Tajvan t\u00eb enjten, ministri i tij i Mbrojtjes Chiu Kuo-cheng parashikoi se pas nj\u00eb lufte t\u00eb till\u00eb, \u2018t\u00eb gjith\u00eb do t\u00eb jen\u00eb t\u00eb mjer\u00eb, madje edhe fituesit\u2019.<\/span><\/p>\n<p><span style=\"color: #000000;\">M\u00eb her\u00ebt gjat\u00eb jav\u00ebs, ministri i Jasht\u00ebm kinez Wang Yi p\u00ebrs\u00ebriti planet e Pekinit p\u00ebr t\u00eb riintegruar Tajvanin n\u00eb m\u00ebnyr\u00eb paq\u00ebsore n\u00eb vend q\u00eb ta pushtoj\u00eb at\u00eb. <\/span><\/p>\n<p><span style=\"color: #000000;\">Duke folur p\u00ebr mediat gjat\u00eb nj\u00eb konference vjetore p\u00ebr shtyp t\u00eb h\u00ebn\u00ebn, ai theksoi se si pjes\u00eb integrale e Kin\u00ebs, Tajvani ishte thelb\u00ebsisht i ndrysh\u00ebm nga Ukraina, nj\u00eb komb i pavarur.<\/span><\/p>\n","protected":false,"gt_translate_keys":[{"key":"rendered","format":"html"}]},"excerpt":{"rendered":"<p>Ushtria e Kin\u00ebs tha se \u00ebsht\u00eb e gatshme t\u00eb kund\u00ebrshtoj\u00eb nd\u00ebrhyrjen e huaj dhe p\u00ebrpjekjet p\u00ebr t\u00eb shpallur ishullin nj\u00eb komb t\u00eb pavarur, tha z\u00ebdh\u00ebn\u00ebsi i saj. \u201cSa m\u00eb shum\u00eb q\u00eb SHBA-ja e Japonia b\u00ebjn\u00eb zhurm\u00eb p\u00ebr \u00e7\u00ebshtjen e Tajvanit, aq m\u00eb t\u00eb ashpra do t\u00eb jen\u00eb reagime q\u00eb do nd\u00ebrmarrim p\u00ebr t\u00eb mbrojtur sovranitetin [&hellip;]<\/p>\n","protected":false,"gt_translate_keys":[{"key":"rendered","format":"html"}]},"author":51,"featured_media":511062,"comment_status":"closed","ping_status":"closed","sticky":false,"template":"","format":"standard","meta":{"footnotes":""},"categories":[53],"tags":[],"class_list":["post-511061","post","type-post","status-publish","format-standard","has-post-thumbnail","hentry","category-fast-foodi"],"gt_translate_keys":[{"key":"link","format":"url"}],"_links":{"self":[{"href":"https:\/\/www.hashtag.al\/index.php\/wp-json\/wp\/v2\/posts\/511061","targetHints":{"allow":["GET"]}}],"collection":[{"href":"https:\/\/www.hashtag.al\/index.php\/wp-json\/wp\/v2\/posts"}],"about":[{"href":"https:\/\/www.hashtag.al\/index.php\/wp-json\/wp\/v2\/types\/post"}],"author":[{"embeddable":true,"href":"https:\/\/www.hashtag.al\/index.php\/wp-json\/wp\/v2\/users\/51"}],"replies":[{"embeddable":true,"href":"https:\/\/www.hashtag.al\/index.php\/wp-json\/wp\/v2\/comments?post=511061"}],"version-history":[{"count":0,"href":"https:\/\/www.hashtag.al\/index.php\/wp-json\/wp\/v2\/posts\/511061\/revisions"}],"wp:featuredmedia":[{"embeddable":true,"href":"https:\/\/www.hashtag.al\/index.php\/wp-json\/wp\/v2\/media\/511062"}],"wp:attachment":[{"href":"https:\/\/www.hashtag.al\/index.php\/wp-json\/wp\/v2\/media?parent=511061"}],"wp:term":[{"taxonomy":"category","embeddable":true,"href":"https:\/\/www.hashtag.al\/index.php\/wp-json\/wp\/v2\/categories?post=511061"},{"taxonomy":"post_tag","embeddable":true,"href":"https:\/\/www.hashtag.al\/index.php\/wp-json\/wp\/v2\/tags?post=511061"}],"curies":[{"name":"wp","href":"https:\/\/api.w.org\/{rel}","templated":true}]}}