{"id":510981,"date":"2022-03-14T16:17:01","date_gmt":"2022-03-14T15:17:01","guid":{"rendered":"https:\/\/www.hashtag.al\/?p=510981"},"modified":"2022-03-14T16:17:01","modified_gmt":"2022-03-14T15:17:01","slug":"hiqet-detyrimi-per-mbajtjen-e-maskave-te-fytyres-ne-moske","status":"publish","type":"post","link":"https:\/\/www.hashtag.al\/index.php\/2022\/03\/14\/hiqet-detyrimi-per-mbajtjen-e-maskave-te-fytyres-ne-moske\/","title":{"rendered":"Hiqet detyrimi p\u00ebr mbajtjen e maskave t\u00eb fytyr\u00ebs n\u00eb Mosk\u00eb","gt_translate_keys":[{"key":"rendered","format":"text"}]},"content":{"rendered":"<p><a href=\"https:\/\/www.hashtag.al\/wp-content\/uploads\/2022\/03\/Maska-1.jpg\"><img loading=\"lazy\" decoding=\"async\" class=\"size-full wp-image-510982\" src=\"https:\/\/www.hashtag.al\/wp-content\/uploads\/2022\/03\/Maska-1.jpg\" alt=\"\" width=\"1020\" height=\"649\" srcset=\"https:\/\/www.hashtag.al\/wp-content\/uploads\/2022\/03\/Maska-1.jpg 1020w, https:\/\/www.hashtag.al\/wp-content\/uploads\/2022\/03\/Maska-1-300x191.jpg 300w, https:\/\/www.hashtag.al\/wp-content\/uploads\/2022\/03\/Maska-1-768x489.jpg 768w\" sizes=\"auto, (max-width: 1020px) 100vw, 1020px\" \/><\/a><\/p>\n<p><span style=\"color: #000000;\">Regjimi i maskave dhe masat e detyrueshme anti-COVID n\u00eb nd\u00ebrmarrje dhe organizata, t\u00eb krijuara me dekret nga kryetari i bashkis\u00eb s\u00eb Mosk\u00ebs, anulohen nga 15 marsi. Kryebashkiaku i Mosk\u00ebs Sergei Sobyanin e b\u00ebr\u00eb t\u00eb ditur k\u00ebt\u00eb p\u00ebrmes nj\u00eb njoftimi n\u00eb blogun e tij.<\/span><\/p>\n<p><em><span style=\"color: #000000;\">&#8220;P\u00ebrmir\u00ebsimi i vazhduesh\u00ebm i situat\u00ebs epidemike na lejon t\u00eb marrim nj\u00eb vendim t\u00eb shum\u00ebpritur. Nga e marta, 15 mars 2022, do t\u00eb anulojm\u00eb k\u00ebrkesat p\u00ebr p\u00ebrdorimin e maskave mbrojt\u00ebse.<\/span><\/em><\/p>\n<p><span style=\"color: #000000;\"><em>Gjithashtu, anulohen masat e detyrueshme kund\u00ebr COVID-it n\u00eb nd\u00ebrmarrje dhe organizata t\u00eb krijuara me dekret t\u00eb kryetarit t\u00eb Mosk\u00ebs: matja e rregullt e temperatur\u00ebs s\u00eb trupit t\u00eb pun\u00ebtor\u00ebve, vendosja e ndarjeve ndar\u00ebse n\u00eb vendet e pun\u00ebs, etj. N\u00eb kushtet aktuale, ky vendim do t\u00eb mb\u00ebshtes\u00eb edhe bizneset q\u00eb tashm\u00eb jan\u00eb n\u00ebn presion t\u00eb ashp\u00ebr t\u00eb sanksioneve.\u201d<\/em>&#8211; shkruan kryebashkiaku.<\/span><\/p>\n<p><span style=\"color: #000000;\">Mbajtja e maskave dhe dorezave u b\u00eb e detyrueshme n\u00ebp\u00ebr dyqane dhe transport, n\u00eb nd\u00ebrmarrje dhe n\u00eb mjedise publike t\u00eb kryeqytetit rus m\u00eb 12 maj t\u00eb vitit 2020. M\u00eb 30 korrik 2021, kryebashkiaku i Mosk\u00ebs Sergei Sobyanin njoftoi se mbajtja e dorezave n\u00eb transport dhe vende publike n\u00eb Mosk\u00eb ka pushuar s\u00eb qeni i detyruesh\u00ebm, por maskat ende k\u00ebrkohen.<\/span><\/p>\n<p><span style=\"color: #000000;\">Si\u00e7 raporton <span style=\"color: #0000ff;\"><a style=\"color: #0000ff;\" href=\"https:\/\/tass.ru\/obschestvo\/14062273\">TASS<\/a><\/span>, gjoba p\u00ebr shkeljen e regjimit t\u00eb maskave \u00ebsht\u00eb 4000 rubla. Dyqanet duhet t\u00eb refuzojn\u00eb sh\u00ebrbimin p\u00ebr klient\u00ebt pa pajisje mbrojt\u00ebse personale. N\u00ebse ata refuzojn\u00eb t&#8217;i veshin ato duhet t\u00eb largohen nga dyqani, n\u00eb t\u00eb kund\u00ebrt punonj\u00ebsit kan\u00eb t\u00eb drejt\u00eb t\u00eb th\u00ebrrasin policin\u00eb. Gjoba p\u00ebr mosmbajtjen e maskave n\u00eb transportin publik n\u00eb kryeqytet \u00ebsht\u00eb 5000 rubla.<\/span><\/p>\n","protected":false,"gt_translate_keys":[{"key":"rendered","format":"html"}]},"excerpt":{"rendered":"<p>Regjimi i maskave dhe masat e detyrueshme anti-COVID n\u00eb nd\u00ebrmarrje dhe organizata, t\u00eb krijuara me dekret nga kryetari i bashkis\u00eb s\u00eb Mosk\u00ebs, anulohen nga 15 marsi. Kryebashkiaku i Mosk\u00ebs Sergei Sobyanin e b\u00ebr\u00eb t\u00eb ditur k\u00ebt\u00eb p\u00ebrmes nj\u00eb njoftimi n\u00eb blogun e tij. &#8220;P\u00ebrmir\u00ebsimi i vazhduesh\u00ebm i situat\u00ebs epidemike na lejon t\u00eb marrim nj\u00eb vendim [&hellip;]<\/p>\n","protected":false,"gt_translate_keys":[{"key":"rendered","format":"html"}]},"author":30,"featured_media":510982,"comment_status":"closed","ping_status":"closed","sticky":false,"template":"","format":"standard","meta":{"footnotes":""},"categories":[6,13],"tags":[],"class_list":["post-510981","post","type-post","status-publish","format-standard","has-post-thumbnail","hentry","category-nderkombetare","category-te-fundit"],"gt_translate_keys":[{"key":"link","format":"url"}],"_links":{"self":[{"href":"https:\/\/www.hashtag.al\/index.php\/wp-json\/wp\/v2\/posts\/510981","targetHints":{"allow":["GET"]}}],"collection":[{"href":"https:\/\/www.hashtag.al\/index.php\/wp-json\/wp\/v2\/posts"}],"about":[{"href":"https:\/\/www.hashtag.al\/index.php\/wp-json\/wp\/v2\/types\/post"}],"author":[{"embeddable":true,"href":"https:\/\/www.hashtag.al\/index.php\/wp-json\/wp\/v2\/users\/30"}],"replies":[{"embeddable":true,"href":"https:\/\/www.hashtag.al\/index.php\/wp-json\/wp\/v2\/comments?post=510981"}],"version-history":[{"count":0,"href":"https:\/\/www.hashtag.al\/index.php\/wp-json\/wp\/v2\/posts\/510981\/revisions"}],"wp:featuredmedia":[{"embeddable":true,"href":"https:\/\/www.hashtag.al\/index.php\/wp-json\/wp\/v2\/media\/510982"}],"wp:attachment":[{"href":"https:\/\/www.hashtag.al\/index.php\/wp-json\/wp\/v2\/media?parent=510981"}],"wp:term":[{"taxonomy":"category","embeddable":true,"href":"https:\/\/www.hashtag.al\/index.php\/wp-json\/wp\/v2\/categories?post=510981"},{"taxonomy":"post_tag","embeddable":true,"href":"https:\/\/www.hashtag.al\/index.php\/wp-json\/wp\/v2\/tags?post=510981"}],"curies":[{"name":"wp","href":"https:\/\/api.w.org\/{rel}","templated":true}]}}