{"id":510916,"date":"2022-03-14T12:34:46","date_gmt":"2022-03-14T11:34:46","guid":{"rendered":"https:\/\/www.hashtag.al\/?p=510916"},"modified":"2022-03-14T12:34:46","modified_gmt":"2022-03-14T11:34:46","slug":"rama-ceshtjen-e-grurit-duam-ta-zgjidhim-me-ballkanin-e-hapur-perpunimi-i-naftes-na-kushton-me-shume-se-ta-blejme-nga-jashte","status":"publish","type":"post","link":"https:\/\/www.hashtag.al\/index.php\/2022\/03\/14\/rama-ceshtjen-e-grurit-duam-ta-zgjidhim-me-ballkanin-e-hapur-perpunimi-i-naftes-na-kushton-me-shume-se-ta-blejme-nga-jashte\/","title":{"rendered":"Rama: \u00c7\u00ebshtjen e grurit duam ta zgjidhim me Ballkanin e Hapur. P\u00ebrpunimi i naft\u00ebs na kushton m\u00eb shum\u00eb se ta blejm\u00eb nga jasht\u00eb","gt_translate_keys":[{"key":"rendered","format":"text"}]},"content":{"rendered":"<p style=\"text-align: justify;\"><span style=\"color: #000000;\"><img loading=\"lazy\" decoding=\"async\" class=\"aligncenter size-full wp-image-510905\" src=\"https:\/\/www.hashtag.al\/wp-content\/uploads\/2022\/03\/rama-1-1.jpg\" alt=\"\" width=\"888\" height=\"511\" srcset=\"https:\/\/www.hashtag.al\/wp-content\/uploads\/2022\/03\/rama-1-1.jpg 888w, https:\/\/www.hashtag.al\/wp-content\/uploads\/2022\/03\/rama-1-1-300x173.jpg 300w, https:\/\/www.hashtag.al\/wp-content\/uploads\/2022\/03\/rama-1-1-768x442.jpg 768w, https:\/\/www.hashtag.al\/wp-content\/uploads\/2022\/03\/rama-1-1-250x145.jpg 250w\" sizes=\"auto, (max-width: 888px) 100vw, 888px\" \/><\/span><\/p>\n<p style=\"text-align: justify;\"><span style=\"color: #000000;\">Kryeministri Edi Rama ka sqaruar s\u00ebrish se p\u00ebrse n\u00eb vendin ton\u00eb nuk p\u00ebrdoret nafta vendase. Sipas kreut t\u00eb qeveris\u00eb, rezervat e naft\u00ebs n\u00eb vendin ton\u00eb n\u00ebse p\u00ebrpunohen kushtojn\u00eb m\u00eb shum\u00eb sesa po ta marrim nga jasht\u00eb.<\/span><\/p>\n<p style=\"text-align: justify;\"><span style=\"color: #000000;\">N\u00eb nj\u00eb takim me pensionistet kreu i qeverise u ndal edhe tek energjia elektrike, p\u00ebr t\u00eb cil\u00ebn u shpreh se Shqip\u00ebria nuk e prodhon dot t\u00eb gjith\u00eb sasin\u00eb prandaj duhet t\u00eb shkoj\u00eb n\u00eb tregun nd\u00ebrkomb\u00ebtar.<\/span><\/p>\n<p style=\"text-align: justify;\"><span style=\"color: #000000;\">Rama tha se p\u00ebr grurin k\u00ebrkon ta zgjidh\u00eb me Ballkanin e Hapur n\u00ebp\u00ebrmjet diplomacis\u00eb.<\/span><\/p>\n<p style=\"text-align: justify;\"><span style=\"color: #000000;\"><em>\u201cPo kur t\u00eb mungoj\u00eb fare kur t\u00eb bjer\u00eb oferta dhe mos ket\u00eb energji. Po kur t\u00eb mungoj\u00eb nafta? Sot q\u00eb flasim furnizimi me naft\u00eb \u00ebsht\u00eb problemi kryesore. T\u00eb gjitha vendet po i mbyllin kufijt\u00eb, si\u00e7 b\u00ebn\u00eb me pandemin\u00eb.<\/em><\/span><\/p>\n<p style=\"text-align: justify;\"><span style=\"color: #000000;\"><em>\u201cKompanit\u00eb k\u00ebtu t\u00eb grurit kan\u00eb 20 mij\u00eb ton t\u00eb kontraktuara n\u00eb Serbi, por jan\u00eb mbyllur dhe ne duam ta hapim me diplomaci, me Ballkanin e Hapur. N\u00ebse Ballkani i Hapur vlen, le ta tregojn\u00eb tani.<\/em><\/span><\/p>\n<p style=\"text-align: justify;\"><span style=\"color: #000000;\"><em>\u00cbsht\u00eb shum\u00eb e r\u00ebnd\u00ebsishme q\u00eb ne t\u00eb biem dakord p\u00ebr faktet. \u00cbsht\u00eb habia e madhe dhe \u00ebsht\u00eb e pamundur t\u00eb merret vesh n\u00ebse dilet si\u00e7 dalin k\u00ebta dhe u thuhet shqiptar\u00ebve se k\u00ebtu qeveria e vjedh naft\u00ebn dhe energjin\u00eb sepse ne e kemi. Ne na i ka dh\u00ebn\u00eb zoti energjin\u00eb dhe naft\u00ebn.<\/em><\/span><\/p>\n<p style=\"text-align: justify;\"><span style=\"color: #000000;\"><em>N\u00eb fakt ne na ka dh\u00ebn\u00eb zoti\u00a0nj\u00eb vend me shum\u00eb burime ujore, por zoti nuk prodhon energji. Energjin\u00eb e prodhojn\u00eb HEC, e prodhojn\u00eb fotovoltaik\u00ebt nuk e prodhon zoti dhe Shqip\u00ebria nuk e prodhon dot t\u00eb gjith\u00eb sasin\u00eb prandaj duhet t\u00eb shkoj\u00eb n\u00eb tregun nd\u00ebrkomb\u00ebtar.<\/em><\/span><\/p>\n<p style=\"text-align: justify;\"><span style=\"color: #000000;\"><em>Shqip\u00ebria prodhon nj\u00eb energji q\u00eb varet nga zoti, d.m.th nga shiu. Ne jemi vend me energji t\u00eb rinovueshme, por kur nuk ka shi, ne mbetemi.<\/em><\/span><\/p>\n<p style=\"text-align: justify;\"><span style=\"color: #000000;\"><em>Se thon\u00eb mbajeni, mos e shisni, po ku ta \u00e7ojm\u00eb n\u00eb dollap apo n\u00eb frigorifer. Ne e shesim lir\u00eb n\u00eb koh\u00ebn kur kemi shum\u00eb reshje. Po ta mbajm\u00eb shp\u00ebrthejn\u00eb digat dhe mbytet veriu. Pse, sepse na mungon Skavica prandaj po e nd\u00ebrtojm\u00eb.<\/em><\/span><\/p>\n<p style=\"text-align: justify;\"><span style=\"color: #000000;\"><em>Ne nuk na i ka dh\u00ebn\u00eb zotin naft\u00ebn. Shqip\u00ebria ka nj\u00eb naft\u00eb dhe rezerva \u00ebsht\u00eb nj\u00eb naft\u00eb e r\u00ebnd\u00eb q\u00eb po t\u00eb p\u00ebrpunohet kushton shum\u00eb her\u00eb m\u00eb shum\u00eb sesa po ta marrim nga jasht\u00eb. Prandaj kthehet n\u00eb bitum<\/em>\u201d-sqaroi Rama.<\/span><\/p>\n","protected":false,"gt_translate_keys":[{"key":"rendered","format":"html"}]},"excerpt":{"rendered":"<p>Kryeministri Edi Rama ka sqaruar s\u00ebrish se p\u00ebrse n\u00eb vendin ton\u00eb nuk p\u00ebrdoret nafta vendase. Sipas kreut t\u00eb qeveris\u00eb, rezervat e naft\u00ebs n\u00eb vendin ton\u00eb n\u00ebse p\u00ebrpunohen kushtojn\u00eb m\u00eb shum\u00eb sesa po ta marrim nga jasht\u00eb. N\u00eb nj\u00eb takim me pensionistet kreu i qeverise u ndal edhe tek energjia elektrike, p\u00ebr t\u00eb cil\u00ebn u shpreh [&hellip;]<\/p>\n","protected":false,"gt_translate_keys":[{"key":"rendered","format":"html"}]},"author":32,"featured_media":510905,"comment_status":"closed","ping_status":"closed","sticky":false,"template":"","format":"standard","meta":{"footnotes":""},"categories":[65,13],"tags":[],"class_list":["post-510916","post","type-post","status-publish","format-standard","has-post-thumbnail","hentry","category-lajme","category-te-fundit"],"gt_translate_keys":[{"key":"link","format":"url"}],"_links":{"self":[{"href":"https:\/\/www.hashtag.al\/index.php\/wp-json\/wp\/v2\/posts\/510916","targetHints":{"allow":["GET"]}}],"collection":[{"href":"https:\/\/www.hashtag.al\/index.php\/wp-json\/wp\/v2\/posts"}],"about":[{"href":"https:\/\/www.hashtag.al\/index.php\/wp-json\/wp\/v2\/types\/post"}],"author":[{"embeddable":true,"href":"https:\/\/www.hashtag.al\/index.php\/wp-json\/wp\/v2\/users\/32"}],"replies":[{"embeddable":true,"href":"https:\/\/www.hashtag.al\/index.php\/wp-json\/wp\/v2\/comments?post=510916"}],"version-history":[{"count":0,"href":"https:\/\/www.hashtag.al\/index.php\/wp-json\/wp\/v2\/posts\/510916\/revisions"}],"wp:featuredmedia":[{"embeddable":true,"href":"https:\/\/www.hashtag.al\/index.php\/wp-json\/wp\/v2\/media\/510905"}],"wp:attachment":[{"href":"https:\/\/www.hashtag.al\/index.php\/wp-json\/wp\/v2\/media?parent=510916"}],"wp:term":[{"taxonomy":"category","embeddable":true,"href":"https:\/\/www.hashtag.al\/index.php\/wp-json\/wp\/v2\/categories?post=510916"},{"taxonomy":"post_tag","embeddable":true,"href":"https:\/\/www.hashtag.al\/index.php\/wp-json\/wp\/v2\/tags?post=510916"}],"curies":[{"name":"wp","href":"https:\/\/api.w.org\/{rel}","templated":true}]}}