{"id":510839,"date":"2022-03-13T17:04:51","date_gmt":"2022-03-13T16:04:51","guid":{"rendered":"https:\/\/www.hashtag.al\/?p=510839"},"modified":"2022-03-13T17:04:51","modified_gmt":"2022-03-13T16:04:51","slug":"presidenti-polak-perdorimi-i-armeve-kimike-mund-te-ndryshoje-rregullat-e-lojes","status":"publish","type":"post","link":"https:\/\/www.hashtag.al\/index.php\/2022\/03\/13\/presidenti-polak-perdorimi-i-armeve-kimike-mund-te-ndryshoje-rregullat-e-lojes\/","title":{"rendered":"Presidenti polak: P\u00ebrdorimi i arm\u00ebve kimike mund t\u00eb ndryshoj\u00eb rregullat e loj\u00ebs","gt_translate_keys":[{"key":"rendered","format":"text"}]},"content":{"rendered":"<p style=\"text-align: justify;\"><span style=\"color: #000000;\"><img loading=\"lazy\" decoding=\"async\" class=\"aligncenter size-full wp-image-438150\" src=\"https:\/\/www.hashtag.al\/wp-content\/uploads\/2021\/03\/duda.jpg\" alt=\"\" width=\"976\" height=\"549\" srcset=\"https:\/\/www.hashtag.al\/wp-content\/uploads\/2021\/03\/duda.jpg 976w, https:\/\/www.hashtag.al\/wp-content\/uploads\/2021\/03\/duda-300x169.jpg 300w, https:\/\/www.hashtag.al\/wp-content\/uploads\/2021\/03\/duda-768x432.jpg 768w\" sizes=\"auto, (max-width: 976px) 100vw, 976px\" \/><\/span><\/p>\n<p style=\"text-align: justify;\"><span style=\"color: #000000;\">P\u00ebrdorimi i arm\u00ebve kimike nga Rusia n\u00eb Ukrain\u00eb mund t\u00eb nxis\u00eb NATO-n t\u00eb rishqyrtoj\u00eb vendimin e saj p\u00ebr t\u00eb mos intervenuar n\u00eb konflikt, ka th\u00ebn\u00eb presidenti polak, Andrzej Duda p\u00ebr transmetuesin britanik, BBC.<\/span><\/p>\n<p style=\"text-align: justify;\"><span style=\"color: #000000;\">I pyetur n\u00ebse beson se presidenti rus, Vladimir Putin mund t\u00eb jet\u00eb duke u p\u00ebrgatitur p\u00ebr p\u00ebrdorim t\u00eb arm\u00ebve kimike, Duda ka th\u00ebn\u00eb se \u201ckjo \u00ebsht\u00eb di\u00e7ka q\u00eb bota nuk e ka par\u00eb n\u00eb k\u00ebt\u00eb shkall\u00eb prej Luft\u00ebs s\u00eb Dyt\u00eb Bot\u00ebrore\u201d.<\/span><\/p>\n<p style=\"text-align: justify;\"><span style=\"color: #000000;\">\u201cN\u00ebse m\u00eb pyesni n\u00ebse Putin mund t\u00eb p\u00ebrdor\u00eb arm\u00eb kimike, mendoj se Putin mund t\u00eb p\u00ebrdor\u00eb gjith\u00e7ka tani, sidomos kur \u00ebsht\u00eb n\u00eb k\u00ebt\u00eb pozit\u00eb t\u00eb v\u00ebshtir\u00eb\u201d.<\/span><\/p>\n<p style=\"text-align: justify;\"><span style=\"color: #000000;\">\u201cPolitikisht ai e ka humbur k\u00ebt\u00eb luft\u00eb, dhe n\u00eb aspektin ushtarak, ai nuk po e fiton at\u00eb\u201d.<\/span><\/p>\n<p style=\"text-align: justify;\"><span style=\"color: #000000;\">I pyetur n\u00ebse p\u00ebrdorimi i arm\u00ebve t\u00eb tilla mund t\u00eb nxis\u00eb intervenim t\u00eb NATO-s, ai ka th\u00ebn\u00eb: Natyrisht, secili shpreson q\u00eb ai nuk do t\u2019i p\u00ebrdor\u00eb ato.<\/span><\/p>\n<p style=\"text-align: justify;\"><span style=\"color: #000000;\">\u201cMir\u00ebpo\u2026 n\u00ebse ai p\u00ebrdor arm\u00eb t\u00eb shkat\u00ebrrimit masiv, kjo do t\u00eb ndryshonte rregullat e loj\u00ebs\u201d.<\/span><\/p>\n<p style=\"text-align: justify;\"><span style=\"color: #000000;\">\u201cNatyrisht, (NATO) do t\u00eb duhej t\u00eb ulej n\u00eb tavolin\u00eb dhe t\u00eb mendonte seriozisht si t\u00eb vepronte, sepse at\u00ebher\u00eb fillon q\u00eb situata t\u00eb b\u00ebhet e rrezikshme, jo vet\u00ebm n\u00eb Evrop\u00eb, por n\u00eb gjith\u00eb bot\u00ebn\u201d.<\/span><\/p>\n<p style=\"text-align: justify;\"><span style=\"color: #000000;\">Shtetet e Bashkuara kan\u00eb th\u00ebn\u00eb n\u00eb nj\u00eb takim t\u00eb K\u00ebshillit t\u00eb Sigurimit t\u00eb Kombeve t\u00eb Bashkuara se \u201cka shqet\u00ebsime serioze se Rusia mund t\u00eb planifikoj\u00eb t\u00eb p\u00ebrdor\u00eb agjent\u00eb kimik\u00eb ose biologjik\u00eb kund\u00ebr popullit ukrainas&#8221;.<\/span><\/p>\n<p style=\"text-align: justify;\"><span style=\"color: #000000;\">Sulmi i Mosk\u00ebs ndaj Ukrain\u00ebs ka nisur n\u00eb or\u00ebt e para t\u00eb 24 shkurtit.<\/span><\/p>\n<p style=\"text-align: justify;\"><span style=\"color: #000000;\">Presidenti rus, Vladimir Putin ka urdh\u00ebruar \u201coperacion special\u201d p\u00ebr t\u00eb \u00e7militarizuar Ukrain\u00ebn.<\/span><\/p>\n<p style=\"text-align: justify;\"><span style=\"color: #000000;\">Veprimi i Kremlinit ka nxitur zem\u00ebrim dhe \u00ebsht\u00eb d\u00ebnuar n\u00eb shum\u00eb vende t\u00eb bot\u00ebs.<\/span><\/p>\n<p style=\"text-align: justify;\"><span style=\"color: #000000;\">Shtetet e Bashkuara dhe aleat\u00ebt jan\u00eb p\u00ebrgjigjur me sanksione t\u00eb ashpra kund\u00ebr Mosk\u00ebs.<\/span><\/p>\n<p style=\"text-align: justify;\">\n","protected":false,"gt_translate_keys":[{"key":"rendered","format":"html"}]},"excerpt":{"rendered":"<p>P\u00ebrdorimi i arm\u00ebve kimike nga Rusia n\u00eb Ukrain\u00eb mund t\u00eb nxis\u00eb NATO-n t\u00eb rishqyrtoj\u00eb vendimin e saj p\u00ebr t\u00eb mos intervenuar n\u00eb konflikt, ka th\u00ebn\u00eb presidenti polak, Andrzej Duda p\u00ebr transmetuesin britanik, BBC. I pyetur n\u00ebse beson se presidenti rus, Vladimir Putin mund t\u00eb jet\u00eb duke u p\u00ebrgatitur p\u00ebr p\u00ebrdorim t\u00eb arm\u00ebve kimike, Duda ka [&hellip;]<\/p>\n","protected":false,"gt_translate_keys":[{"key":"rendered","format":"html"}]},"author":32,"featured_media":391050,"comment_status":"closed","ping_status":"closed","sticky":false,"template":"","format":"standard","meta":{"footnotes":""},"categories":[6,13],"tags":[],"class_list":["post-510839","post","type-post","status-publish","format-standard","has-post-thumbnail","hentry","category-nderkombetare","category-te-fundit"],"gt_translate_keys":[{"key":"link","format":"url"}],"_links":{"self":[{"href":"https:\/\/www.hashtag.al\/index.php\/wp-json\/wp\/v2\/posts\/510839","targetHints":{"allow":["GET"]}}],"collection":[{"href":"https:\/\/www.hashtag.al\/index.php\/wp-json\/wp\/v2\/posts"}],"about":[{"href":"https:\/\/www.hashtag.al\/index.php\/wp-json\/wp\/v2\/types\/post"}],"author":[{"embeddable":true,"href":"https:\/\/www.hashtag.al\/index.php\/wp-json\/wp\/v2\/users\/32"}],"replies":[{"embeddable":true,"href":"https:\/\/www.hashtag.al\/index.php\/wp-json\/wp\/v2\/comments?post=510839"}],"version-history":[{"count":0,"href":"https:\/\/www.hashtag.al\/index.php\/wp-json\/wp\/v2\/posts\/510839\/revisions"}],"wp:featuredmedia":[{"embeddable":true,"href":"https:\/\/www.hashtag.al\/index.php\/wp-json\/wp\/v2\/media\/391050"}],"wp:attachment":[{"href":"https:\/\/www.hashtag.al\/index.php\/wp-json\/wp\/v2\/media?parent=510839"}],"wp:term":[{"taxonomy":"category","embeddable":true,"href":"https:\/\/www.hashtag.al\/index.php\/wp-json\/wp\/v2\/categories?post=510839"},{"taxonomy":"post_tag","embeddable":true,"href":"https:\/\/www.hashtag.al\/index.php\/wp-json\/wp\/v2\/tags?post=510839"}],"curies":[{"name":"wp","href":"https:\/\/api.w.org\/{rel}","templated":true}]}}