{"id":510629,"date":"2022-03-12T18:08:19","date_gmt":"2022-03-12T17:08:19","guid":{"rendered":"https:\/\/www.hashtag.al\/?p=510629"},"modified":"2022-03-12T18:08:19","modified_gmt":"2022-03-12T17:08:19","slug":"rama-protesta-e-turpshme-ne-kohe-lufte-e-ka-organizuar-politika","status":"publish","type":"post","link":"https:\/\/www.hashtag.al\/index.php\/2022\/03\/12\/rama-protesta-e-turpshme-ne-kohe-lufte-e-ka-organizuar-politika\/","title":{"rendered":"Rama: Protesta e turpshme n\u00eb koh\u00eb lufte, e ka organizuar politika","gt_translate_keys":[{"key":"rendered","format":"text"}]},"content":{"rendered":"<p style=\"text-align: justify;\"><span style=\"color: #000000;\"><img loading=\"lazy\" decoding=\"async\" class=\"size-full wp-image-510630\" src=\"https:\/\/www.hashtag.al\/wp-content\/uploads\/2022\/03\/rama-kjo-jave.jpg\" alt=\"\" width=\"1325\" height=\"745\" srcset=\"https:\/\/www.hashtag.al\/wp-content\/uploads\/2022\/03\/rama-kjo-jave.jpg 1325w, https:\/\/www.hashtag.al\/wp-content\/uploads\/2022\/03\/rama-kjo-jave-300x169.jpg 300w, https:\/\/www.hashtag.al\/wp-content\/uploads\/2022\/03\/rama-kjo-jave-1024x576.jpg 1024w, https:\/\/www.hashtag.al\/wp-content\/uploads\/2022\/03\/rama-kjo-jave-768x432.jpg 768w\" sizes=\"auto, (max-width: 1325px) 100vw, 1325px\" \/><\/span><\/p>\n<p style=\"text-align: justify;\"><span style=\"color: #000000;\">Kryeministri Edi Rama n\u00eb nj\u00eb intervist\u00eb p\u00ebr emisionin \u201cKjo Jav\u00eb\u201d komentoi s\u00ebrish protest\u00ebn kund\u00ebr rritjes s\u00eb \u00e7mimeve.<\/span><\/p>\n<p style=\"text-align: justify;\"><span style=\"color: #000000;\">Rama tha se ndjehet n\u00eb turp q\u00eb protestohet nd\u00ebrkoh\u00eb q\u00eb \u00e7mimet jan\u00eb si pasoj\u00eb e luft\u00ebs.<\/span><\/p>\n<p style=\"text-align: justify;\"><span style=\"color: #000000;\">Madje Rama ka vijuar m\u00eb tej duke th\u00ebn\u00eb se \u00ebsht\u00eb fyese p\u00ebr dinjitetin e vendit q\u00eb shfryt\u00ebzohet momenti p\u00ebr protesta.<\/span><\/p>\n<p style=\"text-align: justify;\"><span style=\"color: #000000;\">\u201c<em>Nuk num\u00ebroj dit\u00ebt e protest\u00ebs. M\u00eb b\u00ebn t\u00eb ndjehem me turp, sepse \u00ebsht\u00eb i vetmi vend i NATO-s ku protestohet p\u00ebr ato q\u00eb jan\u00eb qart\u00ebsisht pasoja t\u00eb luft\u00ebs n\u00eb tabel\u00ebn e \u00e7mimeve. As jelek\u00ebt e verdh\u00eb n\u00eb Franc\u00eb, t\u00eb gjith\u00eb i kan\u00eb dh\u00ebn\u00eb koh\u00eb koh\u00ebs. E gjith\u00eb kjo pjes\u00eb e bot\u00ebs, ne q\u00eb jemi pjes\u00eb e NATO-s jan\u00eb n\u00eb front. Pavar\u00ebsisht se bombat bien mbi kokat e atyre atje, ndahen me pjes\u00ebn tjet\u00ebr t\u00eb familjes, lufta ka ardhur k\u00ebtu e ka vajtur gjithandej me faturat. \u00cbsht\u00eb fyese p\u00ebr dinjitetin e k\u00ebtij vendi e k\u00ebtij populli dhe p\u00ebr arsye njer\u00ebzore q\u00eb t\u00eb kuturis\u00ebsh n\u00eb k\u00ebt\u00eb situat\u00eb p\u00ebr t\u00eb shfryt\u00ebzuar edhe nj\u00eb moment alarmi, dhimbje, p\u00ebr q\u00ebllime q\u00eb s\u2019kan\u00eb t\u00eb b\u00ebjn\u00eb me at\u00eb q\u00eb \u00ebsht\u00eb realiteti i fakteve. M\u00eb vjen keq p\u00ebr ata q\u00eb mblidhen k\u00ebtu p\u00ebr t\u2019u b\u00ebr\u00eb sfondi ul\u00ebrit\u00ebs i nj\u00eb grupi njer\u00ebzish q\u00eb paraqiten si fytyra t\u00eb reja<\/em>\u201d-deklaroi Rama.<\/span><\/p>\n<p style=\"text-align: justify;\"><span style=\"color: #000000;\">Rama tha se organizator i protest\u00ebs \u00ebsht\u00eb politika dhe jan\u00eb ata q\u00eb mbledhin qytetar\u00ebt dhe i sjellin nga Vlora e Kuk\u00ebsi.<\/span><\/p>\n<p style=\"text-align: justify;\"><span style=\"color: #000000;\">\u201c<em>\u00cbsht\u00eb nj\u00eb protest\u00eb e organizuar nga politika. I kan\u00eb mbledhur ata q\u00eb i kan\u00eb mbledhur gjithmon\u00eb. \u00cbsht\u00eb e pamundur q\u00eb t\u00eb vijn\u00eb njer\u00ebz nga Vlora a Kuk\u00ebsi. \u00cbsht\u00eb e nj\u00ebjta kulture e gjuh\u00eb. \u00cbsht\u00eb e nj\u00ebjta dor\u00eb nuk diskutohet, e njer\u00ebzve t\u00eb paskrupullt. Mesazhi skandaloz jepet n\u00eb nj\u00eb moment luft\u00eb reale. Nuk \u00ebsht\u00eb as sajes\u00eb por luft\u00eb reale. Jan\u00eb shp\u00ebrngulur mbi 2 milion\u00eb njer\u00ebz. \u00cbsht\u00eb e tmerrshme q\u00eb t\u00eb turp\u00ebrohemi nga ata njer\u00ebz q\u00eb vijn\u00eb k\u00ebtu, shajn\u00eb, e p\u00ebrdorin fjal\u00ebn vjedhje pa galje. Nuk \u00ebsht\u00eb ky populli shqiptar. K\u00ebta jan\u00eb nj\u00eb turp i madh<\/em>\u201d-deklaroi Rama.<\/span><\/p>\n","protected":false,"gt_translate_keys":[{"key":"rendered","format":"html"}]},"excerpt":{"rendered":"<p>Kryeministri Edi Rama n\u00eb nj\u00eb intervist\u00eb p\u00ebr emisionin \u201cKjo Jav\u00eb\u201d komentoi s\u00ebrish protest\u00ebn kund\u00ebr rritjes s\u00eb \u00e7mimeve. Rama tha se ndjehet n\u00eb turp q\u00eb protestohet nd\u00ebrkoh\u00eb q\u00eb \u00e7mimet jan\u00eb si pasoj\u00eb e luft\u00ebs. Madje Rama ka vijuar m\u00eb tej duke th\u00ebn\u00eb se \u00ebsht\u00eb fyese p\u00ebr dinjitetin e vendit q\u00eb shfryt\u00ebzohet momenti p\u00ebr protesta. \u201cNuk num\u00ebroj [&hellip;]<\/p>\n","protected":false,"gt_translate_keys":[{"key":"rendered","format":"html"}]},"author":32,"featured_media":510630,"comment_status":"closed","ping_status":"closed","sticky":false,"template":"","format":"standard","meta":{"footnotes":""},"categories":[65,13],"tags":[],"class_list":["post-510629","post","type-post","status-publish","format-standard","has-post-thumbnail","hentry","category-lajme","category-te-fundit"],"gt_translate_keys":[{"key":"link","format":"url"}],"_links":{"self":[{"href":"https:\/\/www.hashtag.al\/index.php\/wp-json\/wp\/v2\/posts\/510629","targetHints":{"allow":["GET"]}}],"collection":[{"href":"https:\/\/www.hashtag.al\/index.php\/wp-json\/wp\/v2\/posts"}],"about":[{"href":"https:\/\/www.hashtag.al\/index.php\/wp-json\/wp\/v2\/types\/post"}],"author":[{"embeddable":true,"href":"https:\/\/www.hashtag.al\/index.php\/wp-json\/wp\/v2\/users\/32"}],"replies":[{"embeddable":true,"href":"https:\/\/www.hashtag.al\/index.php\/wp-json\/wp\/v2\/comments?post=510629"}],"version-history":[{"count":0,"href":"https:\/\/www.hashtag.al\/index.php\/wp-json\/wp\/v2\/posts\/510629\/revisions"}],"wp:featuredmedia":[{"embeddable":true,"href":"https:\/\/www.hashtag.al\/index.php\/wp-json\/wp\/v2\/media\/510630"}],"wp:attachment":[{"href":"https:\/\/www.hashtag.al\/index.php\/wp-json\/wp\/v2\/media?parent=510629"}],"wp:term":[{"taxonomy":"category","embeddable":true,"href":"https:\/\/www.hashtag.al\/index.php\/wp-json\/wp\/v2\/categories?post=510629"},{"taxonomy":"post_tag","embeddable":true,"href":"https:\/\/www.hashtag.al\/index.php\/wp-json\/wp\/v2\/tags?post=510629"}],"curies":[{"name":"wp","href":"https:\/\/api.w.org\/{rel}","templated":true}]}}