{"id":510562,"date":"2022-03-12T12:46:48","date_gmt":"2022-03-12T11:46:48","guid":{"rendered":"https:\/\/www.hashtag.al\/?p=510562"},"modified":"2022-03-12T12:46:48","modified_gmt":"2022-03-12T11:46:48","slug":"alibeaj-i-kerkon-bashes-doreheqjen-berisha-ska-vend-ne-pd-po-ti-kryetar-duhet-te-terhiqesh","status":"publish","type":"post","link":"https:\/\/www.hashtag.al\/index.php\/2022\/03\/12\/alibeaj-i-kerkon-bashes-doreheqjen-berisha-ska-vend-ne-pd-po-ti-kryetar-duhet-te-terhiqesh\/","title":{"rendered":"Alibeaj i k\u00ebrkon Bash\u00ebs dor\u00ebheqjen: Berisha s&#8217;ka vend n\u00eb PD po ti kryetar duhet t\u00eb t\u00ebrhiqesh","gt_translate_keys":[{"key":"rendered","format":"text"}]},"content":{"rendered":"<p><span style=\"color: #000000;\"><img loading=\"lazy\" decoding=\"async\" class=\"aligncenter wp-image-510563 size-full\" src=\"https:\/\/www.hashtag.al\/wp-content\/uploads\/2022\/03\/alibeajbasha.jpg\" alt=\"\" width=\"1200\" height=\"900\" srcset=\"https:\/\/www.hashtag.al\/wp-content\/uploads\/2022\/03\/alibeajbasha.jpg 1200w, https:\/\/www.hashtag.al\/wp-content\/uploads\/2022\/03\/alibeajbasha-300x225.jpg 300w, https:\/\/www.hashtag.al\/wp-content\/uploads\/2022\/03\/alibeajbasha-1024x768.jpg 1024w, https:\/\/www.hashtag.al\/wp-content\/uploads\/2022\/03\/alibeajbasha-768x576.jpg 768w\" sizes=\"auto, (max-width: 1200px) 100vw, 1200px\" \/><\/span><\/p>\n<p><span style=\"color: #000000;\">N\u00ebnkryetari i PD-s\u00eb Alibeaj ka k\u00ebrkuar dor\u00ebheqjen e kreut t\u00eb PD-s\u00eb Basha. <\/span><\/p>\n<p><span style=\"color: #000000;\">Gjat\u00eb fjal\u00ebs s\u00eb tij n\u00eb bledhjen e grupit parlamentar t\u00eb thirrur nga Basha e q\u00eb po zhvillohet n\u00eb selin\u00eb blu, numri dy i saj ka th\u00ebn\u00eb se Berisha nuk ka m\u00eb vend n\u00eb PD por duhet q\u00eb edhe Basha t\u00eb dor\u00ebhiqet. <\/span><\/p>\n<p><span style=\"color: #000000;\">Alibeaj ka theksuar se tre pjes\u00ebt q\u00eb p\u00ebrfaq\u00ebsojn\u00eb sot p\u00ebr sot q\u00ebndrimet n\u00eb PD duhet t\u00eb gjejn\u00eb gjuh\u00ebn e p\u00ebrbashk\u00ebt e t\u00eb japin sinjale bashkimi.<\/span><\/p>\n<p><span style=\"color: #000000;\"><em>\u201cUn\u00eb jam n\u00eb koherenc\u00eb t\u00eb plot\u00eb me q\u00ebndrimin tim se Sali Berisha nuk ka m\u00eb vend n\u00eb PD, por ti kryetar duhet t\u00eb t\u00ebrhiqesh. Historia ka nisur ne 9 shtator nga vendimin q\u00eb ju mor\u00ebt. Ju that\u00eb q\u00eb mbaj koston e vendimmarrjes. \u00cbsht\u00eb hijshme q\u00eb t\u00eb ket\u00eb koherenc\u00eb. 1\/3 e atyre q\u00eb q\u00ebndroi, 1\/3 q\u00eb u keqp\u00ebrdor nga Sali Berisha, 1\/3 e heshtur.Na duhet t\u2019u japim sinjale bashkimi. Vendimi yt kishte q\u00ebllim t\u00eb mir\u00eb, por nuk ia dol\u00ebm. Kam dy alternativa. E para, nuk e shoh dot PD-n\u00eb q\u00eb t\u00eb ngjitet pas Sali Berish\u00ebs. Nuk \u00ebsht\u00eb alternativ\u00eb. Merreni si t\u00eb doni, emocionale, personale. Ne duhet t\u00eb japim sinjale bashkimi. E dyta, duhet t\u2019u japim shans t\u00eb tre pjes\u00ebve q\u00eb t\u00eb bashkohen. Procesi duhet t\u00eb jet\u00eb i sinqert\u00eb. Propozoj q\u00eb p\u00ebrderisa k\u00ebto dy pjes\u00eb e kan\u00eb nj\u00eb p\u00ebrfaq\u00ebsim, e treta nuk e ka dhe ju that\u00eb q\u00eb jeni n\u00eb funksion t\u00eb zgjidhjes, ju t\u00eb b\u00ebni hap pas, Berisha hap pas, te krijohet substanca e bashkimit, e sinqert\u00eb. K\u00ebt\u00eb shoh si mund\u00ebsi.\u201d<\/em> &#8211; ka th\u00ebn\u00eb Alibeaj n\u00eb mbledhjen e grupit parlamentar t\u00eb PD-s\u00eb.<\/span><\/p>\n","protected":false,"gt_translate_keys":[{"key":"rendered","format":"html"}]},"excerpt":{"rendered":"<p>N\u00ebnkryetari i PD-s\u00eb Alibeaj ka k\u00ebrkuar dor\u00ebheqjen e kreut t\u00eb PD-s\u00eb Basha. Gjat\u00eb fjal\u00ebs s\u00eb tij n\u00eb bledhjen e grupit parlamentar t\u00eb thirrur nga Basha e q\u00eb po zhvillohet n\u00eb selin\u00eb blu, numri dy i saj ka th\u00ebn\u00eb se Berisha nuk ka m\u00eb vend n\u00eb PD por duhet q\u00eb edhe Basha t\u00eb dor\u00ebhiqet. Alibeaj ka [&hellip;]<\/p>\n","protected":false,"gt_translate_keys":[{"key":"rendered","format":"html"}]},"author":51,"featured_media":510563,"comment_status":"closed","ping_status":"closed","sticky":false,"template":"","format":"standard","meta":{"footnotes":""},"categories":[65,13],"tags":[],"class_list":["post-510562","post","type-post","status-publish","format-standard","has-post-thumbnail","hentry","category-lajme","category-te-fundit"],"gt_translate_keys":[{"key":"link","format":"url"}],"_links":{"self":[{"href":"https:\/\/www.hashtag.al\/index.php\/wp-json\/wp\/v2\/posts\/510562","targetHints":{"allow":["GET"]}}],"collection":[{"href":"https:\/\/www.hashtag.al\/index.php\/wp-json\/wp\/v2\/posts"}],"about":[{"href":"https:\/\/www.hashtag.al\/index.php\/wp-json\/wp\/v2\/types\/post"}],"author":[{"embeddable":true,"href":"https:\/\/www.hashtag.al\/index.php\/wp-json\/wp\/v2\/users\/51"}],"replies":[{"embeddable":true,"href":"https:\/\/www.hashtag.al\/index.php\/wp-json\/wp\/v2\/comments?post=510562"}],"version-history":[{"count":0,"href":"https:\/\/www.hashtag.al\/index.php\/wp-json\/wp\/v2\/posts\/510562\/revisions"}],"wp:featuredmedia":[{"embeddable":true,"href":"https:\/\/www.hashtag.al\/index.php\/wp-json\/wp\/v2\/media\/510563"}],"wp:attachment":[{"href":"https:\/\/www.hashtag.al\/index.php\/wp-json\/wp\/v2\/media?parent=510562"}],"wp:term":[{"taxonomy":"category","embeddable":true,"href":"https:\/\/www.hashtag.al\/index.php\/wp-json\/wp\/v2\/categories?post=510562"},{"taxonomy":"post_tag","embeddable":true,"href":"https:\/\/www.hashtag.al\/index.php\/wp-json\/wp\/v2\/tags?post=510562"}],"curies":[{"name":"wp","href":"https:\/\/api.w.org\/{rel}","templated":true}]}}