{"id":510447,"date":"2022-03-11T20:33:29","date_gmt":"2022-03-11T19:33:29","guid":{"rendered":"https:\/\/www.hashtag.al\/?p=510447"},"modified":"2022-03-11T20:33:29","modified_gmt":"2022-03-11T19:33:29","slug":"meta-thirrje-qeverise-te-tregoje-pergjegjshmeri-per-shqetesimet-e-qytetareve-qe-protestojne-policia-te-distancohet-nga-dhuna","status":"publish","type":"post","link":"https:\/\/www.hashtag.al\/index.php\/2022\/03\/11\/meta-thirrje-qeverise-te-tregoje-pergjegjshmeri-per-shqetesimet-e-qytetareve-qe-protestojne-policia-te-distancohet-nga-dhuna\/","title":{"rendered":"Meta thirrje qeveris\u00eb t\u00eb tregoj\u00eb p\u00ebrgjegjshm\u00ebri p\u00ebr shqet\u00ebsimet e qytetar\u00ebve q\u00eb protestojn\u00eb: Policia t\u00eb distancohet nga dhuna","gt_translate_keys":[{"key":"rendered","format":"text"}]},"content":{"rendered":"<p><span style=\"color: #000000;\"><img loading=\"lazy\" decoding=\"async\" class=\"aligncenter size-full wp-image-510448\" src=\"https:\/\/www.hashtag.al\/wp-content\/uploads\/2022\/03\/protesta234-1.jpg\" alt=\"\" width=\"1440\" height=\"960\" srcset=\"https:\/\/www.hashtag.al\/wp-content\/uploads\/2022\/03\/protesta234-1.jpg 1440w, https:\/\/www.hashtag.al\/wp-content\/uploads\/2022\/03\/protesta234-1-300x200.jpg 300w, https:\/\/www.hashtag.al\/wp-content\/uploads\/2022\/03\/protesta234-1-1024x683.jpg 1024w, https:\/\/www.hashtag.al\/wp-content\/uploads\/2022\/03\/protesta234-1-768x512.jpg 768w\" sizes=\"auto, (max-width: 1440px) 100vw, 1440px\" \/><\/span><\/p>\n<p><span style=\"color: #000000;\">Presidenti Meta i ka b\u00ebr\u00eb thirrje qeveris\u00eb q\u00eb t\u00eb tregoj\u00eb p\u00ebrgjegj\u00ebsin\u00eb e duhur p\u00ebr adresimin e \u00e7\u00ebshtjeve t\u00eb ngritura nga qytetar\u00ebt q\u00eb protestojn\u00eb prej disa dit\u00ebsh.<\/span><\/p>\n<p><span style=\"color: #000000;\"> N\u00eb sh\u00ebnimin e tij kreu i shtetit i ka t\u00ebrhequr v\u00ebmendjen policis\u00eb q\u00eb t\u00eb distancohet nga dhuna e papranueshme e ndalimet e pajustifikuara.<\/span><\/p>\n<p><span style=\"color: #000000;\"><em>\u201cI b\u00ebj thirrje Qeveris\u00eb t\u00eb d\u00ebshmoj\u00eb ndjeshm\u00ebrin\u00eb dhe p\u00ebrgjegj\u00ebsin\u00eb e duhur n\u00eb adresimin e t\u00eb gjitha \u00e7\u00ebshtjeve q\u00eb po shqet\u00ebsojn\u00eb me t\u00eb drejt\u00eb qytetar\u00ebt, t\u00eb cil\u00ebt prej dit\u00ebsh po protestojn\u00eb, n\u00eb mbar\u00eb vendin, p\u00ebr dinjitetin dhe t\u00eb drejtat e tyre thelb\u00ebsore. Policis\u00eb s\u00eb Shtetit i t\u00ebrheq v\u00ebmendjen p\u00ebr t&#8217;u distancuar nga dhuna e papranueshme dhe ndalimet e pajustifikuara.\u201d<\/em> &#8211; shkruan Meta.<\/span><\/p>\n<p><span style=\"color: #000000;\">Reagimi i Met\u00ebs vjen mes protestave n\u00eb mbar\u00eb vendin prej disa dit\u00ebsh mbi \u00e7mimet e larta t\u00eb karburantit e ushqimeve. <\/span><\/p>\n<p><span style=\"color: #000000;\">Pak m\u00eb her\u00ebt kryeministri Rama e akuzoi kreun e shtetit si nj\u00eb nga dy personat q\u00eb q\u00ebndrojn\u00eb pas protestave, bashk\u00eb me ish-kryeministrin Berisha.<\/span><\/p>\n","protected":false,"gt_translate_keys":[{"key":"rendered","format":"html"}]},"excerpt":{"rendered":"<p>Presidenti Meta i ka b\u00ebr\u00eb thirrje qeveris\u00eb q\u00eb t\u00eb tregoj\u00eb p\u00ebrgjegj\u00ebsin\u00eb e duhur p\u00ebr adresimin e \u00e7\u00ebshtjeve t\u00eb ngritura nga qytetar\u00ebt q\u00eb protestojn\u00eb prej disa dit\u00ebsh. N\u00eb sh\u00ebnimin e tij kreu i shtetit i ka t\u00ebrhequr v\u00ebmendjen policis\u00eb q\u00eb t\u00eb distancohet nga dhuna e papranueshme e ndalimet e pajustifikuara. \u201cI b\u00ebj thirrje Qeveris\u00eb t\u00eb d\u00ebshmoj\u00eb [&hellip;]<\/p>\n","protected":false,"gt_translate_keys":[{"key":"rendered","format":"html"}]},"author":51,"featured_media":510448,"comment_status":"closed","ping_status":"closed","sticky":false,"template":"","format":"standard","meta":{"footnotes":""},"categories":[65,13],"tags":[],"class_list":["post-510447","post","type-post","status-publish","format-standard","has-post-thumbnail","hentry","category-lajme","category-te-fundit"],"gt_translate_keys":[{"key":"link","format":"url"}],"_links":{"self":[{"href":"https:\/\/www.hashtag.al\/index.php\/wp-json\/wp\/v2\/posts\/510447","targetHints":{"allow":["GET"]}}],"collection":[{"href":"https:\/\/www.hashtag.al\/index.php\/wp-json\/wp\/v2\/posts"}],"about":[{"href":"https:\/\/www.hashtag.al\/index.php\/wp-json\/wp\/v2\/types\/post"}],"author":[{"embeddable":true,"href":"https:\/\/www.hashtag.al\/index.php\/wp-json\/wp\/v2\/users\/51"}],"replies":[{"embeddable":true,"href":"https:\/\/www.hashtag.al\/index.php\/wp-json\/wp\/v2\/comments?post=510447"}],"version-history":[{"count":0,"href":"https:\/\/www.hashtag.al\/index.php\/wp-json\/wp\/v2\/posts\/510447\/revisions"}],"wp:featuredmedia":[{"embeddable":true,"href":"https:\/\/www.hashtag.al\/index.php\/wp-json\/wp\/v2\/media\/510448"}],"wp:attachment":[{"href":"https:\/\/www.hashtag.al\/index.php\/wp-json\/wp\/v2\/media?parent=510447"}],"wp:term":[{"taxonomy":"category","embeddable":true,"href":"https:\/\/www.hashtag.al\/index.php\/wp-json\/wp\/v2\/categories?post=510447"},{"taxonomy":"post_tag","embeddable":true,"href":"https:\/\/www.hashtag.al\/index.php\/wp-json\/wp\/v2\/tags?post=510447"}],"curies":[{"name":"wp","href":"https:\/\/api.w.org\/{rel}","templated":true}]}}