{"id":510354,"date":"2022-03-11T16:42:05","date_gmt":"2022-03-11T15:42:05","guid":{"rendered":"https:\/\/www.hashtag.al\/?p=510354"},"modified":"2022-03-11T17:17:34","modified_gmt":"2022-03-11T16:17:34","slug":"adriatik-lapaj-me-kane-kercenuar-por-sk-rendesi-se-kush-rendesi-ka-qe-une-luftoj-per-ju","status":"publish","type":"post","link":"https:\/\/www.hashtag.al\/index.php\/2022\/03\/11\/adriatik-lapaj-me-kane-kercenuar-por-sk-rendesi-se-kush-rendesi-ka-qe-une-luftoj-per-ju\/","title":{"rendered":"Adriatik Lapaj: M\u00eb kan\u00eb k\u00ebrc\u00ebnuar, por s\u2019ka r\u00ebnd\u00ebsi se kush, r\u00ebnd\u00ebsi ka q\u00eb un\u00eb luftoj p\u00ebr ju","gt_translate_keys":[{"key":"rendered","format":"text"}]},"content":{"rendered":"<p><span style=\"color: #000000;\"><img loading=\"lazy\" decoding=\"async\" class=\"aligncenter size-full wp-image-510355\" src=\"https:\/\/www.hashtag.al\/wp-content\/uploads\/2022\/03\/WhatsApp-Image-2022-03-11-at-4.36.14-PM.jpeg\" alt=\"\" width=\"800\" height=\"808\" \/><\/span><\/p>\n<p><span style=\"color: #000000;\">Aktivisti i shquar i ambasadores amerikane Yuri Kim dhe i Fondacionit per Shoq\u00ebrin\u00eb e Hapur zoti Adriatik Lapaj ka deklaruar se ka marr\u00eb k\u00ebrc\u00ebnime.<\/span><\/p>\n<p><span style=\"color: #000000;\"> Ai ka zbuluar p\u00ebr News24 se ka marr\u00eb k\u00ebrc\u00ebnime pa e zbuluar se nga kush. Lapaj ka pohuar se nuk shqet\u00ebsohet nga k\u00ebrc\u00ebnimet dhe se do vijoj\u00eb q\u00ebndres\u00ebn p\u00ebr hallin e qytetar\u00ebve.<\/span><\/p>\n<p><span style=\"color: #000000;\"><em>\u201cKam koh\u00eb q\u00eb ndjek nj\u00eb filozofi p\u00ebr protest\u00ebn. Por un\u00eb dal\u00eb p\u00ebr veten, p\u00ebr vajz\u00ebn time. N\u00ebse gjykon se ka pamund\u00ebsi p\u00ebr t\u00eb p\u00ebrballuar jetes\u00ebn duhet t\u00eb jet\u00eb n\u00eb shesh. Kjo po ndodh dhe kjo m\u00eb k\u00ebnaq. Duke dal\u00eb qytetar\u00ebt vet\u00eb, kjo i i b\u00ebn t\u00eb pamenaxhuesh\u00ebm nga partit\u00eb politike. Ajo \u00ebsht\u00eb nj\u00eb protest\u00eb e qytetar\u00ebve dhe duhet t\u00eb mbete te tille. Nisin dhe sulmet personale,. por kjo nuk m\u00eb shqet\u00ebson fare. Jam me ata q\u00eb nuk pyes shum\u00eb. Se vras mendjen fare..ajo q\u00eb po thoja q\u00eb qytetar\u00ebve nuk iu del llogaria, t\u00eb reagojn\u00eb. Nuk ka r\u00ebnd\u00ebsi se kush m\u00eb ka k\u00ebrc\u00ebnuar. Nuk ka lidhje. S\u2019jam nga ata q\u00eb i marr n\u00eb konsiderat\u00eb, nga \u00e7do drejtim q\u00eb vijn\u00eb. S\u2019ka asnj\u00eb r\u00ebnd\u00ebsi. Nuk \u00ebsht\u00eb Adriatiku k\u00ebtu, k\u00ebtu \u00ebsht\u00eb halli i \u00e7do qytetar\u00ebve.\u201d<\/em> \u2013 tha Lapaj.<\/span><\/p>\n<p><img loading=\"lazy\" decoding=\"async\" class=\"aligncenter size-full wp-image-510372\" src=\"https:\/\/www.hashtag.al\/wp-content\/uploads\/2022\/03\/WhatsApp-Image-2022-03-11-at-5.14.25-PM-e1647015439858.jpeg\" alt=\"\" width=\"740\" height=\"1064\" srcset=\"https:\/\/www.hashtag.al\/wp-content\/uploads\/2022\/03\/WhatsApp-Image-2022-03-11-at-5.14.25-PM-e1647015439858.jpeg 740w, https:\/\/www.hashtag.al\/wp-content\/uploads\/2022\/03\/WhatsApp-Image-2022-03-11-at-5.14.25-PM-e1647015439858-209x300.jpeg 209w, https:\/\/www.hashtag.al\/wp-content\/uploads\/2022\/03\/WhatsApp-Image-2022-03-11-at-5.14.25-PM-e1647015439858-712x1024.jpeg 712w\" sizes=\"auto, (max-width: 740px) 100vw, 740px\" \/><\/p>\n","protected":false,"gt_translate_keys":[{"key":"rendered","format":"html"}]},"excerpt":{"rendered":"<p>Aktivisti i shquar i ambasadores amerikane Yuri Kim dhe i Fondacionit per Shoq\u00ebrin\u00eb e Hapur zoti Adriatik Lapaj ka deklaruar se ka marr\u00eb k\u00ebrc\u00ebnime. Ai ka zbuluar p\u00ebr News24 se ka marr\u00eb k\u00ebrc\u00ebnime pa e zbuluar se nga kush. Lapaj ka pohuar se nuk shqet\u00ebsohet nga k\u00ebrc\u00ebnimet dhe se do vijoj\u00eb q\u00ebndres\u00ebn p\u00ebr hallin e [&hellip;]<\/p>\n","protected":false,"gt_translate_keys":[{"key":"rendered","format":"html"}]},"author":51,"featured_media":510355,"comment_status":"closed","ping_status":"closed","sticky":false,"template":"","format":"standard","meta":{"footnotes":""},"categories":[22,65,13],"tags":[],"class_list":["post-510354","post","type-post","status-publish","format-standard","has-post-thumbnail","hentry","category-ballina","category-lajme","category-te-fundit"],"gt_translate_keys":[{"key":"link","format":"url"}],"_links":{"self":[{"href":"https:\/\/www.hashtag.al\/index.php\/wp-json\/wp\/v2\/posts\/510354","targetHints":{"allow":["GET"]}}],"collection":[{"href":"https:\/\/www.hashtag.al\/index.php\/wp-json\/wp\/v2\/posts"}],"about":[{"href":"https:\/\/www.hashtag.al\/index.php\/wp-json\/wp\/v2\/types\/post"}],"author":[{"embeddable":true,"href":"https:\/\/www.hashtag.al\/index.php\/wp-json\/wp\/v2\/users\/51"}],"replies":[{"embeddable":true,"href":"https:\/\/www.hashtag.al\/index.php\/wp-json\/wp\/v2\/comments?post=510354"}],"version-history":[{"count":0,"href":"https:\/\/www.hashtag.al\/index.php\/wp-json\/wp\/v2\/posts\/510354\/revisions"}],"wp:featuredmedia":[{"embeddable":true,"href":"https:\/\/www.hashtag.al\/index.php\/wp-json\/wp\/v2\/media\/510355"}],"wp:attachment":[{"href":"https:\/\/www.hashtag.al\/index.php\/wp-json\/wp\/v2\/media?parent=510354"}],"wp:term":[{"taxonomy":"category","embeddable":true,"href":"https:\/\/www.hashtag.al\/index.php\/wp-json\/wp\/v2\/categories?post=510354"},{"taxonomy":"post_tag","embeddable":true,"href":"https:\/\/www.hashtag.al\/index.php\/wp-json\/wp\/v2\/tags?post=510354"}],"curies":[{"name":"wp","href":"https:\/\/api.w.org\/{rel}","templated":true}]}}