{"id":509789,"date":"2022-03-09T13:00:47","date_gmt":"2022-03-09T12:00:47","guid":{"rendered":"https:\/\/www.hashtag.al\/?p=509789"},"modified":"2022-03-09T13:00:47","modified_gmt":"2022-03-09T12:00:47","slug":"rama-lufta-po-i-ngre-zgupthi-cmimet-kuptoni-se-nuk-jetojme-ne-kohe-normale","status":"publish","type":"post","link":"https:\/\/www.hashtag.al\/index.php\/2022\/03\/09\/rama-lufta-po-i-ngre-zgupthi-cmimet-kuptoni-se-nuk-jetojme-ne-kohe-normale\/","title":{"rendered":"Rama: Lufta po i ngre zgupthi \u00e7mimet, kuptoni se nuk jetojm\u00eb n\u00eb koh\u00eb normale","gt_translate_keys":[{"key":"rendered","format":"text"}]},"content":{"rendered":"<p><span style=\"color: #000000;\"><a href=\"https:\/\/www.hashtag.al\/wp-content\/uploads\/2022\/03\/edi-rama.jpg\"><img loading=\"lazy\" decoding=\"async\" class=\"aligncenter size-full wp-image-508307\" src=\"https:\/\/www.hashtag.al\/wp-content\/uploads\/2022\/03\/edi-rama.jpg\" alt=\"\" width=\"1418\" height=\"790\" srcset=\"https:\/\/www.hashtag.al\/wp-content\/uploads\/2022\/03\/edi-rama.jpg 1418w, https:\/\/www.hashtag.al\/wp-content\/uploads\/2022\/03\/edi-rama-300x167.jpg 300w, https:\/\/www.hashtag.al\/wp-content\/uploads\/2022\/03\/edi-rama-1024x570.jpg 1024w, https:\/\/www.hashtag.al\/wp-content\/uploads\/2022\/03\/edi-rama-768x428.jpg 768w\" sizes=\"auto, (max-width: 1418px) 100vw, 1418px\" \/><\/a><\/span><\/p>\n<p><span style=\"color: #000000;\">Kryeministri Edi Rama ka reaguar p\u00ebr rritjen e \u00e7mimeve n\u00eb vendin ton\u00eb. Ai b\u00ebn p\u00ebrgjegj\u00ebse p\u00ebr k\u00ebt\u00eb luft\u00ebn n\u00eb Ukrain\u00eb.<\/span><\/p>\n<p><span style=\"color: #000000;\">N\u00eb nj\u00eb postim n\u00eb Facebook, ai shprehet se lufta po i ngre \u201czgupthi\u201d \u00e7mimet nd\u00ebrsa qeveria ka vendosur mburoj\u00eb financiare mbi fatur\u00ebn e energjis\u00eb p\u00ebr familjar\u00ebt dhe biznesin e vog\u00ebl.<\/span><\/p>\n<p><span style=\"color: #000000;\">Rama u k\u00ebrkon qytetar\u00ebve t\u00eb pyesin dhe t\u00eb shikojn\u00eb se \u00e7far\u00eb b\u00ebhet edhe n\u00eb vendet fqinje dhe t\u00eb kuptojn\u00eb se nuk jetojm\u00eb n\u00eb koh\u00eb normale.<\/span><\/p>\n<p><em><span style=\"color: #000000;\">\u201cE mir\u00ebkuptoj t\u00ebr\u00ebsisht stresin e madh t\u00eb k\u00ebsaj kohe, prandaj u them t\u00eb gjith\u00eb atyre q\u00eb pa d\u00ebgjuar e as lexuar reagojn\u00eb mbrapsht:<\/span><\/em><\/p>\n<p><em><span style=\"color: #000000;\">QEVERIA KE VENDOSUR MBUROJ\u00cb FINANCIARE MBI FATUR\u00cbN E ENERGJIS\u00cb P\u00cbR FAMILjAR\u00cbT DHE BIZNESIT E VOG\u00cbL dhe prej disa muajsh kostoja rritet si pasoj\u00eb e kriz\u00ebs, \u00e7mimi n\u00eb fatur\u00eb jo!\u00a0<\/span><\/em><\/p>\n<p><span style=\"color: #000000;\"><em>LUFTA PO i NGRE ZGUPTHI \u00c7MIMET! Sot energjia na kushton 61 lek p\u00ebr kilovat, FAMILJET VAZHDOJN\u00cb T\u00cb PAGUAJN\u00cb 9.5 Lek! Pyesni, shikoni \u00e7far\u00eb b\u00ebhet n\u00eb vendet fqinje dhe mos duartrokisni, po vet\u00ebm kuptoni se nuk jetojm\u00eb n\u00eb nj\u00eb koh\u00eb normale, e cila k\u00ebrkon kurajo dhe dinjitet.\u201d- s<\/em>hkruan Rama.<\/span><\/p>\n","protected":false,"gt_translate_keys":[{"key":"rendered","format":"html"}]},"excerpt":{"rendered":"<p>Kryeministri Edi Rama ka reaguar p\u00ebr rritjen e \u00e7mimeve n\u00eb vendin ton\u00eb. Ai b\u00ebn p\u00ebrgjegj\u00ebse p\u00ebr k\u00ebt\u00eb luft\u00ebn n\u00eb Ukrain\u00eb. N\u00eb nj\u00eb postim n\u00eb Facebook, ai shprehet se lufta po i ngre \u201czgupthi\u201d \u00e7mimet nd\u00ebrsa qeveria ka vendosur mburoj\u00eb financiare mbi fatur\u00ebn e energjis\u00eb p\u00ebr familjar\u00ebt dhe biznesin e vog\u00ebl. Rama u k\u00ebrkon qytetar\u00ebve t\u00eb [&hellip;]<\/p>\n","protected":false,"gt_translate_keys":[{"key":"rendered","format":"html"}]},"author":30,"featured_media":509542,"comment_status":"closed","ping_status":"closed","sticky":false,"template":"","format":"standard","meta":{"footnotes":""},"categories":[65,13],"tags":[],"class_list":["post-509789","post","type-post","status-publish","format-standard","has-post-thumbnail","hentry","category-lajme","category-te-fundit"],"gt_translate_keys":[{"key":"link","format":"url"}],"_links":{"self":[{"href":"https:\/\/www.hashtag.al\/index.php\/wp-json\/wp\/v2\/posts\/509789","targetHints":{"allow":["GET"]}}],"collection":[{"href":"https:\/\/www.hashtag.al\/index.php\/wp-json\/wp\/v2\/posts"}],"about":[{"href":"https:\/\/www.hashtag.al\/index.php\/wp-json\/wp\/v2\/types\/post"}],"author":[{"embeddable":true,"href":"https:\/\/www.hashtag.al\/index.php\/wp-json\/wp\/v2\/users\/30"}],"replies":[{"embeddable":true,"href":"https:\/\/www.hashtag.al\/index.php\/wp-json\/wp\/v2\/comments?post=509789"}],"version-history":[{"count":0,"href":"https:\/\/www.hashtag.al\/index.php\/wp-json\/wp\/v2\/posts\/509789\/revisions"}],"wp:featuredmedia":[{"embeddable":true,"href":"https:\/\/www.hashtag.al\/index.php\/wp-json\/wp\/v2\/media\/509542"}],"wp:attachment":[{"href":"https:\/\/www.hashtag.al\/index.php\/wp-json\/wp\/v2\/media?parent=509789"}],"wp:term":[{"taxonomy":"category","embeddable":true,"href":"https:\/\/www.hashtag.al\/index.php\/wp-json\/wp\/v2\/categories?post=509789"},{"taxonomy":"post_tag","embeddable":true,"href":"https:\/\/www.hashtag.al\/index.php\/wp-json\/wp\/v2\/tags?post=509789"}],"curies":[{"name":"wp","href":"https:\/\/api.w.org\/{rel}","templated":true}]}}