{"id":509781,"date":"2022-03-09T12:42:21","date_gmt":"2022-03-09T11:42:21","guid":{"rendered":"https:\/\/www.hashtag.al\/?p=509781"},"modified":"2022-03-09T12:42:21","modified_gmt":"2022-03-09T11:42:21","slug":"serbia-do-te-ndaloje-eksportet-e-vajit-grurit-misrit-miellit-shqiperia-merr-36-te-dritherave","status":"publish","type":"post","link":"https:\/\/www.hashtag.al\/index.php\/2022\/03\/09\/serbia-do-te-ndaloje-eksportet-e-vajit-grurit-misrit-miellit-shqiperia-merr-36-te-dritherave\/","title":{"rendered":"Serbia do t\u00eb ndaloj\u00eb eksportet e vajit, grurit, misrit, miellit; Shqip\u00ebria merr 36% t\u00eb drith\u00ebrave","gt_translate_keys":[{"key":"rendered","format":"text"}]},"content":{"rendered":"<p><span style=\"color: #000000;\"><img loading=\"lazy\" decoding=\"async\" class=\"aligncenter wp-image-509785 size-full\" src=\"https:\/\/www.hashtag.al\/wp-content\/uploads\/2022\/03\/vucicraama2.jpg\" alt=\"\" width=\"2000\" height=\"1431\" srcset=\"https:\/\/www.hashtag.al\/wp-content\/uploads\/2022\/03\/vucicraama2.jpg 2000w, https:\/\/www.hashtag.al\/wp-content\/uploads\/2022\/03\/vucicraama2-300x215.jpg 300w, https:\/\/www.hashtag.al\/wp-content\/uploads\/2022\/03\/vucicraama2-1024x733.jpg 1024w, https:\/\/www.hashtag.al\/wp-content\/uploads\/2022\/03\/vucicraama2-768x550.jpg 768w, https:\/\/www.hashtag.al\/wp-content\/uploads\/2022\/03\/vucicraama2-1536x1099.jpg 1536w, https:\/\/www.hashtag.al\/wp-content\/uploads\/2022\/03\/vucicraama2-700x500.jpg 700w\" sizes=\"auto, (max-width: 2000px) 100vw, 2000px\" \/><\/span><\/p>\n<p><span style=\"color: #000000;\">Serbia do t\u00eb ndaloj\u00eb eksportet e vajit, misrit, grurit dhe miellit duke filluar nga e enjte, si nj\u00eb m\u00ebnyr\u00eb p\u00ebr t\u00eb siguruar \u00e7mime t\u00eb q\u00ebndrueshme si p\u00ebr vendin ashtu edhe p\u00ebr rajonin n\u00eb rast se Rusia ndalon eksportet e grurit dhe misrit, ka deklaruar presidenti serb Aleksandar Vu\u00e7i\u00e7.<\/span><\/p>\n<p><span style=\"color: #000000;\">\u201c<em>N\u00eb dy dit\u00ebt e fundit, eksportet e vajrave bimore u rrit\u00ebn me 109% krahasuar me nivelin mesatar, k\u00ebshtu q\u00eb ne duhej t\u00eb reagonim\u201d,<\/em> tha Vu\u00e7i\u00e7 n\u00eb nj\u00eb intervist\u00eb p\u00ebr B92.<\/span><\/p>\n<p><span style=\"color: #000000;\">N\u00eb fund t\u00eb janarit, qeveria zgjati me 90 dit\u00eb ngrirjen e \u00e7mimeve t\u00eb sheqerit, miellit t\u00eb grurit t\u00eb llojeve T-400 dhe T-500, vajit t\u00eb lulediellit, mishit t\u00eb derrit dhe qum\u00ebshtit me 2.8% yndyr\u00eb n\u00eb nivelet e tyre t\u00eb 15 n\u00ebntorit, n\u00eb nj\u00eb p\u00ebrpjekje p\u00ebr t\u00eb zbutur ndikimi i inflacionit n\u00eb kostot e jetes\u00ebs.<\/span><\/p>\n<p><span style=\"color: #000000;\">Sipas vler\u00ebsimeve t\u00eb Zita Srbije, shoqata e prodhuesve serb\u00eb t\u00eb drith\u00ebrave, n\u00eb vitin 2021 vendi parashikonte t\u00eb eksportonte 1.8 milion\u00eb ton grur\u00eb dhe 1.6 milion\u00eb ton mis\u00ebr.<\/span><\/p>\n<p><span style=\"color: #000000;\">Sipas t\u00eb dh\u00ebnave institutit t\u00eb statistikave serbe, vitin e kaluar jan\u00eb korrur n\u00eb Serbi 3.54 milion ton grur\u00eb dhe 6.24 milion ton mis\u00ebr.<\/span><\/p>\n<p><span style=\"color: #000000;\">Vu\u00e7i\u00e7 tha se Serbia do t\u00eb p\u00ebrballet me probleme serioze n\u00ebse Bashkimi Europian ndalon importin e karburanteve nga Rusia.<\/span><\/p>\n<p><span style=\"color: #000000;\"><em>\u201cNe jemi duke u p\u00ebrballur me nj\u00eb problem n\u00ebse BE-ja ndalon importin e t\u00eb gjitha karburanteve, sepse nuk kemi nga ta marrim\u201d.<\/em><\/span><\/p>\n<p><span style=\"color: #000000;\">Ai tha se Industria Serbe e Naft\u00ebs (NIS) po k\u00ebrkon nga vendet e treta p\u00ebr naft\u00eb.<\/span><\/p>\n<p><span style=\"color: #000000;\"><em>\u201cNe po k\u00ebrkojm\u00eb t\u00eb shohim se ku mund t\u00eb marrim naft\u00eb dhe gaz pasi NIS po k\u00ebrkon nga vendet e treta p\u00ebr importe. Qeveria ka hartuar nj\u00eb dokument p\u00ebr t\u00eb p\u00ebrjashtuar disa mallra nga taksat doganore n\u00eb vitin 2022 dhe q\u00eb do t\u00eb p\u00ebrfshij\u00eb, n\u00ebse \u00ebsht\u00eb e nevojshme, naft\u00ebn e vendeve t\u00eb treta\u201d.<\/em><\/span><\/p>\n<p><span style=\"color: #000000;\"><strong>Nga Serbia u importua 36% e drith\u00ebrave n\u00eb 2021<\/strong><\/span><\/p>\n<p><span style=\"color: #000000;\">Serbia \u00ebsht\u00eb nj\u00eb partner i r\u00ebnd\u00ebsish\u00ebm i Shqip\u00ebris\u00eb p\u00ebr importin e drith\u00ebrave.<\/span><\/p>\n<p><span style=\"color: #000000;\">N\u00eb vitin 2021, sipas t\u00eb dh\u00ebnave t\u00eb INSTAT, n\u00eb Shqip\u00ebri u importuan 326 milion\u00eb kg drith\u00ebra, nga t\u00eb cilat 36% erdh\u00ebn nga Serbia dhe 46% nga Rusia.<\/span><\/p>\n<p><span style=\"color: #000000;\">Importuesit e drith\u00ebrave dhe p\u00ebrpunuesit e miellit pohuan se q\u00eb nga fillimi i luft\u00ebs, importet e drith\u00ebrave nga Rusia u diversifikuan, teksa gjet\u00ebn tregje t\u00eb tjera n\u00eb Europ\u00eb (Bullgari, Franc\u00eb, Rumani, Itali) dhe n\u00eb Amerik\u00ebn Latine.<\/span><\/p>\n<p><span style=\"color: #000000;\">P\u00ebr importet e grupmallit \u201cVajra dhe dhjamra kafshore apo vegjetale\u201d, nga Serbia n\u00eb 2021 erdhi rreth 6% e totalit t\u00eb importeve.<\/span><\/p>\n<p><span style=\"color: #000000;\"><span style=\"color: #ff0000;\"><strong>VINI RE<\/strong><\/span>: Ky material \u00ebsht\u00eb pron\u00ebsi intelektuale e <span style=\"color: #0000ff;\"><a style=\"color: #0000ff;\" href=\"https:\/\/www.monitor.al\/serbia-do-te-ndaloje-eksportet-e-vajit-grurit-misrit-miellit-shqiperia-merr-36-te-dritheravek\/?fbclid=IwAR2Z2mnuBkxhg_iKduvPqThq-VQewsz1bz8hPb_twDAkc5xbY_FHXPdlAno\">Monitor<\/a><\/span><\/span><\/p>\n<p><span style=\"color: #000000;\"><img loading=\"lazy\" decoding=\"async\" class=\"aligncenter size-full wp-image-509783\" src=\"https:\/\/www.hashtag.al\/wp-content\/uploads\/2022\/03\/importe.jpg\" alt=\"\" width=\"960\" height=\"1025\" srcset=\"https:\/\/www.hashtag.al\/wp-content\/uploads\/2022\/03\/importe.jpg 960w, https:\/\/www.hashtag.al\/wp-content\/uploads\/2022\/03\/importe-281x300.jpg 281w, https:\/\/www.hashtag.al\/wp-content\/uploads\/2022\/03\/importe-768x820.jpg 768w\" sizes=\"auto, (max-width: 960px) 100vw, 960px\" \/><\/span><\/p>\n","protected":false,"gt_translate_keys":[{"key":"rendered","format":"html"}]},"excerpt":{"rendered":"<p>Serbia do t\u00eb ndaloj\u00eb eksportet e vajit, misrit, grurit dhe miellit duke filluar nga e enjte, si nj\u00eb m\u00ebnyr\u00eb p\u00ebr t\u00eb siguruar \u00e7mime t\u00eb q\u00ebndrueshme si p\u00ebr vendin ashtu edhe p\u00ebr rajonin n\u00eb rast se Rusia ndalon eksportet e grurit dhe misrit, ka deklaruar presidenti serb Aleksandar Vu\u00e7i\u00e7. \u201cN\u00eb dy dit\u00ebt e fundit, eksportet e [&hellip;]<\/p>\n","protected":false,"gt_translate_keys":[{"key":"rendered","format":"html"}]},"author":51,"featured_media":509785,"comment_status":"closed","ping_status":"closed","sticky":false,"template":"","format":"standard","meta":{"footnotes":""},"categories":[65,13],"tags":[],"class_list":["post-509781","post","type-post","status-publish","format-standard","has-post-thumbnail","hentry","category-lajme","category-te-fundit"],"gt_translate_keys":[{"key":"link","format":"url"}],"_links":{"self":[{"href":"https:\/\/www.hashtag.al\/index.php\/wp-json\/wp\/v2\/posts\/509781","targetHints":{"allow":["GET"]}}],"collection":[{"href":"https:\/\/www.hashtag.al\/index.php\/wp-json\/wp\/v2\/posts"}],"about":[{"href":"https:\/\/www.hashtag.al\/index.php\/wp-json\/wp\/v2\/types\/post"}],"author":[{"embeddable":true,"href":"https:\/\/www.hashtag.al\/index.php\/wp-json\/wp\/v2\/users\/51"}],"replies":[{"embeddable":true,"href":"https:\/\/www.hashtag.al\/index.php\/wp-json\/wp\/v2\/comments?post=509781"}],"version-history":[{"count":0,"href":"https:\/\/www.hashtag.al\/index.php\/wp-json\/wp\/v2\/posts\/509781\/revisions"}],"wp:featuredmedia":[{"embeddable":true,"href":"https:\/\/www.hashtag.al\/index.php\/wp-json\/wp\/v2\/media\/509785"}],"wp:attachment":[{"href":"https:\/\/www.hashtag.al\/index.php\/wp-json\/wp\/v2\/media?parent=509781"}],"wp:term":[{"taxonomy":"category","embeddable":true,"href":"https:\/\/www.hashtag.al\/index.php\/wp-json\/wp\/v2\/categories?post=509781"},{"taxonomy":"post_tag","embeddable":true,"href":"https:\/\/www.hashtag.al\/index.php\/wp-json\/wp\/v2\/tags?post=509781"}],"curies":[{"name":"wp","href":"https:\/\/api.w.org\/{rel}","templated":true}]}}