{"id":509164,"date":"2022-03-06T18:00:47","date_gmt":"2022-03-06T17:00:47","guid":{"rendered":"https:\/\/www.hashtag.al\/?p=509164"},"modified":"2022-03-06T18:00:47","modified_gmt":"2022-03-06T17:00:47","slug":"selia-blu-nxjerr-dokumentin-berisha-bashkoi-votat-me-ramen-kunder-pd","status":"publish","type":"post","link":"https:\/\/www.hashtag.al\/index.php\/2022\/03\/06\/selia-blu-nxjerr-dokumentin-berisha-bashkoi-votat-me-ramen-kunder-pd\/","title":{"rendered":"Selia blu nxjerr dokumentin: Berisha bashkoi votat me Ram\u00ebn kund\u00ebr PD","gt_translate_keys":[{"key":"rendered","format":"text"}]},"content":{"rendered":"<p><span style=\"color: #000000;\"><img loading=\"lazy\" decoding=\"async\" class=\"aligncenter size-full wp-image-502287\" src=\"https:\/\/www.hashtag.al\/wp-content\/uploads\/2022\/02\/basha-1-e1643994806868.jpg\" alt=\"\" width=\"1979\" height=\"1318\" srcset=\"https:\/\/www.hashtag.al\/wp-content\/uploads\/2022\/02\/basha-1-e1643994806868.jpg 1979w, https:\/\/www.hashtag.al\/wp-content\/uploads\/2022\/02\/basha-1-e1643994806868-300x200.jpg 300w, https:\/\/www.hashtag.al\/wp-content\/uploads\/2022\/02\/basha-1-e1643994806868-1024x682.jpg 1024w, https:\/\/www.hashtag.al\/wp-content\/uploads\/2022\/02\/basha-1-e1643994806868-768x511.jpg 768w, https:\/\/www.hashtag.al\/wp-content\/uploads\/2022\/02\/basha-1-e1643994806868-1536x1023.jpg 1536w\" sizes=\"auto, (max-width: 1979px) 100vw, 1979px\" \/><\/span><\/p>\n<p><span style=\"color: #000000;\">Partia Demokratike ka publikuar nj\u00eb dokument duke akuzuar ish-kryeministrin Berisha e koalicionin Sht\u00ebpia e Liris\u00eb se kan\u00eb bashkuar votat me PS-n\u00eb. <\/span><\/p>\n<p><span style=\"color: #000000;\">B\u00ebhet fjal\u00eb p\u00ebr KZAZ-n\u00eb 26 n\u00eb Bashkin\u00eb e Vor\u00ebs ku p\u00ebrfaq\u00ebsuesit e PS-s\u00eb dhe ata t\u00eb Koalicionit Sht\u00ebpia e Liris\u00eb kan\u00eb bashkuar votat p\u00ebr t\u00eb larguar nga komisioni p\u00ebrfaq\u00ebsuesit e PD-s\u00eb duke deklaruar se nuk ishin banor\u00eb t\u00eb zon\u00ebs. <\/span><\/p>\n<p><span style=\"color: #000000;\">Sipas selis\u00eb blu, individ\u00eb q\u00eb jan\u00eb pasuruar n\u00eb kurriz t\u00eb PD-s\u00eb kan\u00eb vijuar edhe sot t\u00eb sulmojn\u00eb partin\u00eb. <\/span><\/p>\n<p><span style=\"color: #000000;\">N\u00eb reagim p\u00ebrmendin deputeti Flamur Noka e ish-deputeti Keltis Kruja. N\u00eb fund selia blu thekson se PD nuk mund t\u00eb mbetet peng e t\u00eb korruptuarve apo kriminel\u00ebve me t\u00eb cil\u00ebt Noka e Kruja b\u00ebjn\u00eb pazare n\u00eb kurriz t\u00eb demokrat\u00ebve.<\/span><\/p>\n<p><span style=\"color: #000000;\"><em>\u201cIndivide q\u00eb jan\u00eb pasuruar n\u00eb kurriz t\u00eb PD, me votat e demokrat\u00ebve kan\u00eb vijuar edhe sot t\u00eb sulmojn\u00eb PD. E gjith\u00eb Vora e di se Flamur Noka ka trafikuar votat e demokrat\u00ebve p\u00ebr llogari t\u00eb djalit t\u00eb Aqif Rakipit n\u00eb zgjedhjet e 25 prillit. E gjith\u00eb Vora dhe Rrogozhina e di se Keltis Kruja ka punuar p\u00ebr Aqif Rakipin. Prandaj dhe sot u b\u00ebn\u00eb bashk\u00eb kund\u00ebr komisioner\u00ebve t\u00eb PD. PD nuk mbetet peng i t\u00eb korruptuarve, as kriminel\u00ebve me t\u00eb cil\u00ebt k\u00ebta individ\u00eb b\u00ebjn\u00eb pazare n\u00eb kurriz t\u00eb demokrat\u00ebve. Edhe sot, Berisha i bashkoi votat me Ram\u00ebn kund\u00ebr Partis\u00eb Demokratike.\u201d<\/em> &#8211; thuhet n\u00eb denoncimin e PD-s\u00eb.<\/span><\/p>\n<p><span style=\"color: #000000;\"><img loading=\"lazy\" decoding=\"async\" class=\"aligncenter size-full wp-image-509165\" src=\"https:\/\/www.hashtag.al\/wp-content\/uploads\/2022\/03\/pd.jpg\" alt=\"\" width=\"1471\" height=\"2048\" srcset=\"https:\/\/www.hashtag.al\/wp-content\/uploads\/2022\/03\/pd.jpg 1471w, https:\/\/www.hashtag.al\/wp-content\/uploads\/2022\/03\/pd-215x300.jpg 215w, https:\/\/www.hashtag.al\/wp-content\/uploads\/2022\/03\/pd-736x1024.jpg 736w, https:\/\/www.hashtag.al\/wp-content\/uploads\/2022\/03\/pd-768x1069.jpg 768w, https:\/\/www.hashtag.al\/wp-content\/uploads\/2022\/03\/pd-1103x1536.jpg 1103w\" sizes=\"auto, (max-width: 1471px) 100vw, 1471px\" \/><\/span><\/p>\n<p><span style=\"color: #000000;\"><img loading=\"lazy\" decoding=\"async\" class=\"aligncenter size-full wp-image-509166\" src=\"https:\/\/www.hashtag.al\/wp-content\/uploads\/2022\/03\/pd2.jpg\" alt=\"\" width=\"1455\" height=\"2048\" srcset=\"https:\/\/www.hashtag.al\/wp-content\/uploads\/2022\/03\/pd2.jpg 1455w, https:\/\/www.hashtag.al\/wp-content\/uploads\/2022\/03\/pd2-213x300.jpg 213w, https:\/\/www.hashtag.al\/wp-content\/uploads\/2022\/03\/pd2-728x1024.jpg 728w, https:\/\/www.hashtag.al\/wp-content\/uploads\/2022\/03\/pd2-768x1081.jpg 768w, https:\/\/www.hashtag.al\/wp-content\/uploads\/2022\/03\/pd2-1091x1536.jpg 1091w\" sizes=\"auto, (max-width: 1455px) 100vw, 1455px\" \/><\/span><\/p>\n<p><span style=\"color: #000000;\"><img loading=\"lazy\" decoding=\"async\" class=\"aligncenter size-full wp-image-509167\" src=\"https:\/\/www.hashtag.al\/wp-content\/uploads\/2022\/03\/pd3.jpg\" alt=\"\" width=\"1434\" height=\"2048\" srcset=\"https:\/\/www.hashtag.al\/wp-content\/uploads\/2022\/03\/pd3.jpg 1434w, https:\/\/www.hashtag.al\/wp-content\/uploads\/2022\/03\/pd3-210x300.jpg 210w, https:\/\/www.hashtag.al\/wp-content\/uploads\/2022\/03\/pd3-717x1024.jpg 717w, https:\/\/www.hashtag.al\/wp-content\/uploads\/2022\/03\/pd3-768x1097.jpg 768w, https:\/\/www.hashtag.al\/wp-content\/uploads\/2022\/03\/pd3-1076x1536.jpg 1076w\" sizes=\"auto, (max-width: 1434px) 100vw, 1434px\" \/><\/span><\/p>\n","protected":false,"gt_translate_keys":[{"key":"rendered","format":"html"}]},"excerpt":{"rendered":"<p>Partia Demokratike ka publikuar nj\u00eb dokument duke akuzuar ish-kryeministrin Berisha e koalicionin Sht\u00ebpia e Liris\u00eb se kan\u00eb bashkuar votat me PS-n\u00eb. B\u00ebhet fjal\u00eb p\u00ebr KZAZ-n\u00eb 26 n\u00eb Bashkin\u00eb e Vor\u00ebs ku p\u00ebrfaq\u00ebsuesit e PS-s\u00eb dhe ata t\u00eb Koalicionit Sht\u00ebpia e Liris\u00eb kan\u00eb bashkuar votat p\u00ebr t\u00eb larguar nga komisioni p\u00ebrfaq\u00ebsuesit e PD-s\u00eb duke deklaruar se [&hellip;]<\/p>\n","protected":false,"gt_translate_keys":[{"key":"rendered","format":"html"}]},"author":51,"featured_media":502287,"comment_status":"closed","ping_status":"closed","sticky":false,"template":"","format":"standard","meta":{"footnotes":""},"categories":[65,13],"tags":[],"class_list":["post-509164","post","type-post","status-publish","format-standard","has-post-thumbnail","hentry","category-lajme","category-te-fundit"],"gt_translate_keys":[{"key":"link","format":"url"}],"_links":{"self":[{"href":"https:\/\/www.hashtag.al\/index.php\/wp-json\/wp\/v2\/posts\/509164","targetHints":{"allow":["GET"]}}],"collection":[{"href":"https:\/\/www.hashtag.al\/index.php\/wp-json\/wp\/v2\/posts"}],"about":[{"href":"https:\/\/www.hashtag.al\/index.php\/wp-json\/wp\/v2\/types\/post"}],"author":[{"embeddable":true,"href":"https:\/\/www.hashtag.al\/index.php\/wp-json\/wp\/v2\/users\/51"}],"replies":[{"embeddable":true,"href":"https:\/\/www.hashtag.al\/index.php\/wp-json\/wp\/v2\/comments?post=509164"}],"version-history":[{"count":0,"href":"https:\/\/www.hashtag.al\/index.php\/wp-json\/wp\/v2\/posts\/509164\/revisions"}],"wp:featuredmedia":[{"embeddable":true,"href":"https:\/\/www.hashtag.al\/index.php\/wp-json\/wp\/v2\/media\/502287"}],"wp:attachment":[{"href":"https:\/\/www.hashtag.al\/index.php\/wp-json\/wp\/v2\/media?parent=509164"}],"wp:term":[{"taxonomy":"category","embeddable":true,"href":"https:\/\/www.hashtag.al\/index.php\/wp-json\/wp\/v2\/categories?post=509164"},{"taxonomy":"post_tag","embeddable":true,"href":"https:\/\/www.hashtag.al\/index.php\/wp-json\/wp\/v2\/tags?post=509164"}],"curies":[{"name":"wp","href":"https:\/\/api.w.org\/{rel}","templated":true}]}}