{"id":509092,"date":"2022-03-06T12:24:46","date_gmt":"2022-03-06T11:24:46","guid":{"rendered":"https:\/\/www.hashtag.al\/?p=509092"},"modified":"2022-03-06T12:30:15","modified_gmt":"2022-03-06T11:30:15","slug":"tjeter-incident-ne-durres-arber-malltezi-me-moren-telefonin-dhe-me-fshine-videon","status":"publish","type":"post","link":"https:\/\/www.hashtag.al\/index.php\/2022\/03\/06\/tjeter-incident-ne-durres-arber-malltezi-me-moren-telefonin-dhe-me-fshine-videon\/","title":{"rendered":"Tjet\u00ebr incident n\u00eb Durr\u00ebs, Arb\u00ebr Malltezi: M\u00eb mor\u00ebn telefonin dhe m\u00eb fshin\u00eb videon","gt_translate_keys":[{"key":"rendered","format":"text"}]},"content":{"rendered":"<p><span style=\"color: #000000;\"><a style=\"color: #000000;\" href=\"https:\/\/www.hashtag.al\/wp-content\/uploads\/2022\/03\/A.M.jpg\"><img loading=\"lazy\" decoding=\"async\" class=\"aligncenter size-full wp-image-509094\" src=\"https:\/\/www.hashtag.al\/wp-content\/uploads\/2022\/03\/A.M.jpg\" alt=\"\" width=\"2000\" height=\"1000\" srcset=\"https:\/\/www.hashtag.al\/wp-content\/uploads\/2022\/03\/A.M.jpg 2000w, https:\/\/www.hashtag.al\/wp-content\/uploads\/2022\/03\/A.M-300x150.jpg 300w, https:\/\/www.hashtag.al\/wp-content\/uploads\/2022\/03\/A.M-1024x512.jpg 1024w, https:\/\/www.hashtag.al\/wp-content\/uploads\/2022\/03\/A.M-768x384.jpg 768w, https:\/\/www.hashtag.al\/wp-content\/uploads\/2022\/03\/A.M-1536x768.jpg 1536w\" sizes=\"auto, (max-width: 2000px) 100vw, 2000px\" \/><\/a><\/span><\/p>\n<p><span style=\"color: #000000;\">Nj\u00eb incident i dyt\u00eb \u00ebsht\u00eb regjistruar Durr\u00ebs, ku procesi i votimit po vijon prej m\u00eb shum\u00eb se 4 or\u00ebsh.<\/span><\/p>\n<p><span style=\"color: #000000;\">Sipas \u201cNews 24\u201d incidenti nga ndodhur n\u00eb Spitall\u00eb t\u00eb Durr\u00ebsit, n\u00eb Shkoll\u00ebn \u201cNaim Babameto\u201d ku dh\u00ebndri i ish-kryeministrit Sali Berisha \u00ebsht\u00eb kofliktuar me an\u00ebtar\u00eb t\u00eb Partis\u00eb Socialiste.<\/span><\/p>\n<p><span style=\"color: #000000;\">Vet\u00eb Arb\u00ebr Malltezi n\u00eb nj\u00eb prononcim p\u00ebr mediet <\/span><span style=\"color: #000000;\">ka treguar se ndodhej n\u00eb k\u00ebt\u00eb qend\u00ebr votimi dhe kishte nisur t\u00eb fimonte me celular disa parregullsi por ia kishin marr\u00eb telefonin nga dora dhe i kishin fshir\u00eb videon.<\/span><\/p>\n<p><em><span style=\"color: #000000;\">\u201cN\u00eb shkoll\u00ebn \u2018Naim Babameto\u2019, ku ka 8 QV nuk ka pasur fare prezenc\u00eb policie, ndon\u00ebse e k\u00ebrkon ligji. Kemi pasur prezenc\u00eb t\u00eb polic\u00ebve bashkiak\u00eb pa uniform\u00eb q\u00eb b\u00ebnin intimidim t\u00eb zgjedh\u00ebsve. I kemi identifikuar, i kemi k\u00ebrkuar t\u00eb largohen, e kemi filmuar k\u00ebt\u00eb gj\u00eb n\u00eb m\u00ebnyr\u00eb q\u00eb t\u00eb identifikonim paligjshm\u00ebrin\u00eb. Kan\u00eb ardhur 20-30 militant\u00eb t\u00eb PS dhe m\u00eb kan\u00eb grabitur telefonin.<\/span><\/em><\/p>\n<p><span style=\"color: #000000;\"><em>Nuk ka pasur dhun\u00eb ndaj meje, ka pasur fjalosje. Ma mor\u00ebn celularin dhe e fshin\u00eb. Nuk b\u00ebm\u00eb denoncim se nuk kishte polic\u00eb fare, ndoshta m\u00eb von\u00eb. Policia mund t\u00eb rrinte jasht\u00eb dhe t\u00eb siguronte q\u00eb brenda t\u00eb mos kishte aktivist\u00eb. Ma kthyen telefonin, por kishin fshir\u00eb videon.\u201d<\/em>&#8211; tha Malltezi.<\/span><\/p>\n","protected":false,"gt_translate_keys":[{"key":"rendered","format":"html"}]},"excerpt":{"rendered":"<p>Nj\u00eb incident i dyt\u00eb \u00ebsht\u00eb regjistruar Durr\u00ebs, ku procesi i votimit po vijon prej m\u00eb shum\u00eb se 4 or\u00ebsh. Sipas \u201cNews 24\u201d incidenti nga ndodhur n\u00eb Spitall\u00eb t\u00eb Durr\u00ebsit, n\u00eb Shkoll\u00ebn \u201cNaim Babameto\u201d ku dh\u00ebndri i ish-kryeministrit Sali Berisha \u00ebsht\u00eb kofliktuar me an\u00ebtar\u00eb t\u00eb Partis\u00eb Socialiste. Vet\u00eb Arb\u00ebr Malltezi n\u00eb nj\u00eb prononcim p\u00ebr mediet ka [&hellip;]<\/p>\n","protected":false,"gt_translate_keys":[{"key":"rendered","format":"html"}]},"author":30,"featured_media":509094,"comment_status":"closed","ping_status":"closed","sticky":false,"template":"","format":"standard","meta":{"footnotes":""},"categories":[65,13],"tags":[],"class_list":["post-509092","post","type-post","status-publish","format-standard","has-post-thumbnail","hentry","category-lajme","category-te-fundit"],"gt_translate_keys":[{"key":"link","format":"url"}],"_links":{"self":[{"href":"https:\/\/www.hashtag.al\/index.php\/wp-json\/wp\/v2\/posts\/509092","targetHints":{"allow":["GET"]}}],"collection":[{"href":"https:\/\/www.hashtag.al\/index.php\/wp-json\/wp\/v2\/posts"}],"about":[{"href":"https:\/\/www.hashtag.al\/index.php\/wp-json\/wp\/v2\/types\/post"}],"author":[{"embeddable":true,"href":"https:\/\/www.hashtag.al\/index.php\/wp-json\/wp\/v2\/users\/30"}],"replies":[{"embeddable":true,"href":"https:\/\/www.hashtag.al\/index.php\/wp-json\/wp\/v2\/comments?post=509092"}],"version-history":[{"count":0,"href":"https:\/\/www.hashtag.al\/index.php\/wp-json\/wp\/v2\/posts\/509092\/revisions"}],"wp:featuredmedia":[{"embeddable":true,"href":"https:\/\/www.hashtag.al\/index.php\/wp-json\/wp\/v2\/media\/509094"}],"wp:attachment":[{"href":"https:\/\/www.hashtag.al\/index.php\/wp-json\/wp\/v2\/media?parent=509092"}],"wp:term":[{"taxonomy":"category","embeddable":true,"href":"https:\/\/www.hashtag.al\/index.php\/wp-json\/wp\/v2\/categories?post=509092"},{"taxonomy":"post_tag","embeddable":true,"href":"https:\/\/www.hashtag.al\/index.php\/wp-json\/wp\/v2\/tags?post=509092"}],"curies":[{"name":"wp","href":"https:\/\/api.w.org\/{rel}","templated":true}]}}