{"id":509039,"date":"2022-03-06T10:27:46","date_gmt":"2022-03-06T09:27:46","guid":{"rendered":"https:\/\/www.hashtag.al\/?p=509039"},"modified":"2022-03-06T10:27:46","modified_gmt":"2022-03-06T09:27:46","slug":"xhemal-bushati-pas-votimit-sot-shkodranet-do-te-jene-bashke-pd-do-ti-zgjidhe-problemet-e-veta-pas-6-marsit","status":"publish","type":"post","link":"https:\/\/www.hashtag.al\/index.php\/2022\/03\/06\/xhemal-bushati-pas-votimit-sot-shkodranet-do-te-jene-bashke-pd-do-ti-zgjidhe-problemet-e-veta-pas-6-marsit\/","title":{"rendered":"Xhemal Bushati pas votimit: Sot shkodran\u00ebt do t\u00eb jen\u00eb bashk\u00eb, PD do t\u2019i zgjidh\u00eb problemet e veta pas 6 Marsit","gt_translate_keys":[{"key":"rendered","format":"text"}]},"content":{"rendered":"<p><span style=\"color: #000000;\"><a href=\"https:\/\/www.hashtag.al\/wp-content\/uploads\/2022\/03\/BUSHATI-1.jpg\"><img loading=\"lazy\" decoding=\"async\" class=\"aligncenter size-full wp-image-509040\" src=\"https:\/\/www.hashtag.al\/wp-content\/uploads\/2022\/03\/BUSHATI-1.jpg\" alt=\"\" width=\"836\" height=\"363\" srcset=\"https:\/\/www.hashtag.al\/wp-content\/uploads\/2022\/03\/BUSHATI-1.jpg 836w, https:\/\/www.hashtag.al\/wp-content\/uploads\/2022\/03\/BUSHATI-1-300x130.jpg 300w, https:\/\/www.hashtag.al\/wp-content\/uploads\/2022\/03\/BUSHATI-1-768x333.jpg 768w\" sizes=\"auto, (max-width: 836px) 100vw, 836px\" \/><\/a><\/span><\/p>\n<p><span style=\"color: #000000;\">Ka hedhur vot\u00ebn e tij kandidati i PD-s\u00eb p\u00ebr kryetar bashkie n\u00eb Shkod\u00ebr, Xhemal Bushati. Ai u b\u00ebri thirrje qytetar\u00ebve shkodran\u00eb q\u00eb sot t\u00eb votojn\u00eb p\u00ebr t\u00eb ardhmen e f\u00ebmij\u00ebve t\u00eb tyre nd\u00ebrsa i pyetur nga gazetar\u00ebt lidhur me problemet brenda PD-s\u00eb ai tha se demokrat\u00ebt do t\u2019i zgjidhin ato pas dit\u00ebs s\u00eb sotme.<\/span><\/p>\n<p><em><span style=\"color: #000000;\">\u00a0\u201cSot \u00ebsht\u00eb dita q\u00eb tan shkodran\u00ebt me p\u00ebrdor fuqin\u00eb e vot\u00ebs s\u00eb tyne p\u00ebr Shkodr\u00ebn. I ftoj qytetar\u00ebt e Shkodr\u00ebs dhe qytetar\u00ebt e t\u00eb gjitha nj\u00ebsive administrative, t\u00eb shkojn\u00eb t\u00eb votojn\u00eb, p\u00ebr Shkodr\u00ebn, t\u00eb ardhmen e f\u00ebmij\u00ebve t\u00eb tyne, t\u00eb ardhmen e tyne. T\u00eb ushtrojn\u00eb vot\u00ebn me dashni p\u00ebr Shkodr\u00ebn.<\/span><\/em><\/p>\n<p><em><span style=\"color: #000000;\">Komisioner\u00ebt e PD jan\u00eb n\u00eb detyr\u00eb, ka probleme me infrastruktur\u00ebn q\u00eb jan\u00eb p\u00ebr arsye organizative dhe nuk jan\u00eb n\u00eb dor\u00ebn e tyre. T\u00eb plot\u00ebsohen kushtet.<\/span><\/em><\/p>\n<p><span style=\"color: #000000;\"><em>K\u00ebto jan\u00eb zgjedhje lokale. PD di t\u2019i zgjidh\u00eb problemet e veta. Sot shkodran\u00ebt do t\u00eb jen\u00eb bashk\u00eb. Problemet e tyre i zgjidhin pas dat\u00ebs 6 mars. P\u00ebrballja ime m\u00eb e fort\u00eb, kam nj\u00eb kontrat\u00eb me qytetar\u00ebt e Shkodr\u00ebs dhe do ecim p\u00ebrpara e ta mbarojm\u00eb deri n\u00eb fund kontrat\u00ebn.\u201d<\/em>&#8211; tha Bushati gjat\u00eb prononcimit t\u00eb tij p\u00ebr mediet.<\/span><\/p>\n<p><span style=\"color: #000000;\">Shkodra n\u00eb medie \u00ebsht\u00eb komentuar edhe si beteja m\u00eb e fort\u00eb e k\u00ebtyre zgjedhjeve, kjo p\u00ebr shkak se kryeqendra e veriut \u00ebsht\u00eb nj\u00eb bastion historik i PD-s\u00eb, e cila e ka fituar bashkin\u00eb n\u00eb \u00e7do betej\u00eb elektorale pas vitit 1990.<\/span><\/p>\n<p><span style=\"color: #000000;\">N\u00eb k\u00ebto zgjedhje kandidojn\u00eb: Majlinda Angoni (PS), Xhemal Bushati (PD) dhe Bardh Spahia (Sht\u00ebpia e Liris\u00eb).<\/span><\/p>\n","protected":false,"gt_translate_keys":[{"key":"rendered","format":"html"}]},"excerpt":{"rendered":"<p>Ka hedhur vot\u00ebn e tij kandidati i PD-s\u00eb p\u00ebr kryetar bashkie n\u00eb Shkod\u00ebr, Xhemal Bushati. Ai u b\u00ebri thirrje qytetar\u00ebve shkodran\u00eb q\u00eb sot t\u00eb votojn\u00eb p\u00ebr t\u00eb ardhmen e f\u00ebmij\u00ebve t\u00eb tyre nd\u00ebrsa i pyetur nga gazetar\u00ebt lidhur me problemet brenda PD-s\u00eb ai tha se demokrat\u00ebt do t\u2019i zgjidhin ato pas dit\u00ebs s\u00eb sotme. \u00a0\u201cSot [&hellip;]<\/p>\n","protected":false,"gt_translate_keys":[{"key":"rendered","format":"html"}]},"author":30,"featured_media":509040,"comment_status":"closed","ping_status":"closed","sticky":false,"template":"","format":"standard","meta":{"footnotes":""},"categories":[65,13],"tags":[],"class_list":["post-509039","post","type-post","status-publish","format-standard","has-post-thumbnail","hentry","category-lajme","category-te-fundit"],"gt_translate_keys":[{"key":"link","format":"url"}],"_links":{"self":[{"href":"https:\/\/www.hashtag.al\/index.php\/wp-json\/wp\/v2\/posts\/509039","targetHints":{"allow":["GET"]}}],"collection":[{"href":"https:\/\/www.hashtag.al\/index.php\/wp-json\/wp\/v2\/posts"}],"about":[{"href":"https:\/\/www.hashtag.al\/index.php\/wp-json\/wp\/v2\/types\/post"}],"author":[{"embeddable":true,"href":"https:\/\/www.hashtag.al\/index.php\/wp-json\/wp\/v2\/users\/30"}],"replies":[{"embeddable":true,"href":"https:\/\/www.hashtag.al\/index.php\/wp-json\/wp\/v2\/comments?post=509039"}],"version-history":[{"count":0,"href":"https:\/\/www.hashtag.al\/index.php\/wp-json\/wp\/v2\/posts\/509039\/revisions"}],"wp:featuredmedia":[{"embeddable":true,"href":"https:\/\/www.hashtag.al\/index.php\/wp-json\/wp\/v2\/media\/509040"}],"wp:attachment":[{"href":"https:\/\/www.hashtag.al\/index.php\/wp-json\/wp\/v2\/media?parent=509039"}],"wp:term":[{"taxonomy":"category","embeddable":true,"href":"https:\/\/www.hashtag.al\/index.php\/wp-json\/wp\/v2\/categories?post=509039"},{"taxonomy":"post_tag","embeddable":true,"href":"https:\/\/www.hashtag.al\/index.php\/wp-json\/wp\/v2\/tags?post=509039"}],"curies":[{"name":"wp","href":"https:\/\/api.w.org\/{rel}","templated":true}]}}