{"id":508667,"date":"2022-03-04T12:58:12","date_gmt":"2022-03-04T11:58:12","guid":{"rendered":"https:\/\/www.hashtag.al\/?p=508667"},"modified":"2022-03-04T13:41:55","modified_gmt":"2022-03-04T12:41:55","slug":"vladimir-putin-nuk-kemi-qellime-te-keqija-kunder-fqinjeve-tane-mos-e-perkeqesoni-situaten-duke-na-vene-me-shume-sanksione","status":"publish","type":"post","link":"https:\/\/www.hashtag.al\/index.php\/2022\/03\/04\/vladimir-putin-nuk-kemi-qellime-te-keqija-kunder-fqinjeve-tane-mos-e-perkeqesoni-situaten-duke-na-vene-me-shume-sanksione\/","title":{"rendered":"Vladimir Putin: Nuk kemi q\u00ebllime t\u00eb k\u00ebqija kund\u00ebr fqinj\u00ebve tan\u00eb, mos e p\u00ebrkeq\u00ebsoni situat\u00ebn duke na v\u00ebn\u00eb m\u00eb shum\u00eb sanksione","gt_translate_keys":[{"key":"rendered","format":"text"}]},"content":{"rendered":"<p><span style=\"color: #000000;\"><a href=\"https:\/\/www.hashtag.al\/wp-content\/uploads\/2022\/03\/putini.jpg\"><img loading=\"lazy\" decoding=\"async\" class=\"aligncenter size-full wp-image-508668\" src=\"https:\/\/www.hashtag.al\/wp-content\/uploads\/2022\/03\/putini.jpg\" alt=\"\" width=\"624\" height=\"351\" srcset=\"https:\/\/www.hashtag.al\/wp-content\/uploads\/2022\/03\/putini.jpg 624w, https:\/\/www.hashtag.al\/wp-content\/uploads\/2022\/03\/putini-300x169.jpg 300w\" sizes=\"auto, (max-width: 624px) 100vw, 624px\" \/><\/a><\/span><\/p>\n<p><span style=\"color: #000000;\">Vladimir Putin ka paralajm\u00ebruar ata q\u00eb kund\u00ebrshtojn\u00eb veprimet e Rusis\u00eb n\u00eb Ukrain\u00eb <em>&#8220;t\u00eb mos e p\u00ebrkeq\u00ebsojn\u00eb situat\u00ebn&#8221;<\/em> duke vendosur m\u00eb shum\u00eb kufizime ndaj vendit t\u00eb tij.<\/span><\/p>\n<p><span style=\"color: #000000;\">Presidenti rus po fliste n\u00eb nj\u00eb takim t\u00eb kabinetit qeveritar t\u00eb transmetuar n\u00eb kanalin e lajmeve \u201cRossiya 24\u201d t\u00eb kontrolluar nga shteti.<\/span><\/p>\n<p><span style=\"color: #000000;\"><em>&#8220;Ne nuk kemi q\u00ebllime t\u00eb k\u00ebqija kund\u00ebr fqinj\u00ebve tan\u00eb.&#8221;-<\/em> pohon Putin, citon <span style=\"color: #0000ff;\"><a style=\"color: #0000ff;\" href=\"https:\/\/www.bbc.com\/news\/live\/world-europe-60532634\">BBC<\/a><\/span>.<\/span><\/p>\n<p><span style=\"color: #000000;\">Dhe ai thot\u00eb se qeveria e tij &#8220;<em>nuk shikon asnj\u00eb nevoj\u00eb<\/em>&#8221; q\u00eb fqinj\u00ebt e saj t\u00eb nd\u00ebrmarrin veprime t\u00eb m\u00ebtejshme q\u00eb <em>&#8220;do t&#8217;i p\u00ebrkeq\u00ebsojn\u00eb marr\u00ebdh\u00ebniet tona&#8221;.<\/em><\/span><\/p>\n<p><span style=\"color: #000000;\"><em>&#8220;Un\u00eb mendoj se t\u00eb gjith\u00eb duhet t\u00eb mendojn\u00eb se si t\u00eb normalizojn\u00eb marr\u00ebdh\u00ebniet, t\u00eb bashk\u00ebpunojn\u00eb normalisht dhe t\u00eb zhvillojn\u00eb marr\u00ebdh\u00ebniet normalisht.&#8221;-<\/em> shton presidenti rus.<\/span><\/p>\n<p><span style=\"color: #000000;\">Deklarata e Putinit vjen n\u00eb nj\u00eb koh\u00eb kur ministrat e jasht\u00ebm nga i gjith\u00eb Per\u00ebndimi pritet t\u00eb mblidhen n\u00eb Bruksel p\u00ebr t\u00eb diskutuar se si t\u00eb mbajn\u00eb presionin ndaj Rusis\u00eb lidhur me situat\u00ebn n\u00eb Ukrain\u00eb.<\/span><\/p>\n<p><span style=\"color: #000000;\">Putini p\u00ebrs\u00ebriti pretendimin e tij t\u00eb m\u00ebparsh\u00ebm se t\u00eb gjitha veprimet e nd\u00ebrmarra nga ushtria ruse deri m\u00eb tani jan\u00eb b\u00ebr\u00eb <em>&#8220;ekskluzivisht n\u00eb p\u00ebrgjigje t\u00eb disa veprimeve jomiq\u00ebsore kund\u00ebr Federat\u00ebs Ruse&#8221;.<\/em><\/span><\/p>\n","protected":false,"gt_translate_keys":[{"key":"rendered","format":"html"}]},"excerpt":{"rendered":"<p>Vladimir Putin ka paralajm\u00ebruar ata q\u00eb kund\u00ebrshtojn\u00eb veprimet e Rusis\u00eb n\u00eb Ukrain\u00eb &#8220;t\u00eb mos e p\u00ebrkeq\u00ebsojn\u00eb situat\u00ebn&#8221; duke vendosur m\u00eb shum\u00eb kufizime ndaj vendit t\u00eb tij. Presidenti rus po fliste n\u00eb nj\u00eb takim t\u00eb kabinetit qeveritar t\u00eb transmetuar n\u00eb kanalin e lajmeve \u201cRossiya 24\u201d t\u00eb kontrolluar nga shteti. &#8220;Ne nuk kemi q\u00ebllime t\u00eb k\u00ebqija kund\u00ebr [&hellip;]<\/p>\n","protected":false,"gt_translate_keys":[{"key":"rendered","format":"html"}]},"author":30,"featured_media":508668,"comment_status":"closed","ping_status":"closed","sticky":false,"template":"","format":"standard","meta":{"footnotes":""},"categories":[6,13],"tags":[],"class_list":["post-508667","post","type-post","status-publish","format-standard","has-post-thumbnail","hentry","category-nderkombetare","category-te-fundit"],"gt_translate_keys":[{"key":"link","format":"url"}],"_links":{"self":[{"href":"https:\/\/www.hashtag.al\/index.php\/wp-json\/wp\/v2\/posts\/508667","targetHints":{"allow":["GET"]}}],"collection":[{"href":"https:\/\/www.hashtag.al\/index.php\/wp-json\/wp\/v2\/posts"}],"about":[{"href":"https:\/\/www.hashtag.al\/index.php\/wp-json\/wp\/v2\/types\/post"}],"author":[{"embeddable":true,"href":"https:\/\/www.hashtag.al\/index.php\/wp-json\/wp\/v2\/users\/30"}],"replies":[{"embeddable":true,"href":"https:\/\/www.hashtag.al\/index.php\/wp-json\/wp\/v2\/comments?post=508667"}],"version-history":[{"count":0,"href":"https:\/\/www.hashtag.al\/index.php\/wp-json\/wp\/v2\/posts\/508667\/revisions"}],"wp:featuredmedia":[{"embeddable":true,"href":"https:\/\/www.hashtag.al\/index.php\/wp-json\/wp\/v2\/media\/508668"}],"wp:attachment":[{"href":"https:\/\/www.hashtag.al\/index.php\/wp-json\/wp\/v2\/media?parent=508667"}],"wp:term":[{"taxonomy":"category","embeddable":true,"href":"https:\/\/www.hashtag.al\/index.php\/wp-json\/wp\/v2\/categories?post=508667"},{"taxonomy":"post_tag","embeddable":true,"href":"https:\/\/www.hashtag.al\/index.php\/wp-json\/wp\/v2\/tags?post=508667"}],"curies":[{"name":"wp","href":"https:\/\/api.w.org\/{rel}","templated":true}]}}