{"id":508662,"date":"2022-03-04T12:38:56","date_gmt":"2022-03-04T11:38:56","guid":{"rendered":"https:\/\/www.hashtag.al\/?p=508662"},"modified":"2022-03-04T12:39:29","modified_gmt":"2022-03-04T11:39:29","slug":"sulmohet-xhamia-ne-pakistan-shenohen-30-viktima-pamjet","status":"publish","type":"post","link":"https:\/\/www.hashtag.al\/index.php\/2022\/03\/04\/sulmohet-xhamia-ne-pakistan-shenohen-30-viktima-pamjet\/","title":{"rendered":"Sulmohet xhamia n\u00eb Pakistan, sh\u00ebnohen 30 viktima (PAMJET)","gt_translate_keys":[{"key":"rendered","format":"text"}]},"content":{"rendered":"<p><span style=\"color: #000000;\"><a href=\"https:\/\/www.hashtag.al\/wp-content\/uploads\/2022\/03\/6221eedc85f5407e9f2db048.jpg\"><img loading=\"lazy\" decoding=\"async\" class=\"aligncenter size-full wp-image-508663\" src=\"https:\/\/www.hashtag.al\/wp-content\/uploads\/2022\/03\/6221eedc85f5407e9f2db048.jpg\" alt=\"\" width=\"540\" height=\"304\" srcset=\"https:\/\/www.hashtag.al\/wp-content\/uploads\/2022\/03\/6221eedc85f5407e9f2db048.jpg 540w, https:\/\/www.hashtag.al\/wp-content\/uploads\/2022\/03\/6221eedc85f5407e9f2db048-300x169.jpg 300w\" sizes=\"auto, (max-width: 540px) 100vw, 540px\" \/><\/a><\/span><\/p>\n<p><span style=\"color: #000000;\">T\u00eb pakt\u00ebn 30 persona jan\u00eb vrar\u00eb dhe dhjet\u00ebra t\u00eb tjer\u00eb jan\u00eb plagosur nga t\u00eb sht\u00ebnat me arm\u00eb zjarri dhe nj\u00eb shp\u00ebrthim q\u00eb ka pasuar m\u00eb pas n\u00eb nj\u00eb xhami n\u00eb Peshawar, n\u00eb veriper\u00ebndim t\u00eb Pakistanit, pran\u00eb kufirit me Afganistanin.<\/span><\/p>\n<p><span style=\"color: #000000;\"><span style=\"color: #0000ff;\"><a style=\"color: #0000ff;\" href=\"https:\/\/www.rt.com\/news\/551214-pakistan-mosque-attack-blast\/\">RT<\/a> <\/span>shkruan se sulmi kishte n\u00eb sh\u00ebnjest\u00ebr xhamin\u00eb Kucha Risaldar n\u00eb qytetin e vjet\u00ebr t\u00eb Peshawarit n\u00eb nj\u00eb koh\u00eb kur besimtar\u00ebt mysliman\u00eb shiit\u00eb po mblidheshin p\u00ebr lutjet e s\u00eb premtes.<\/span><\/p>\n<p><span style=\"color: #000000;\">Dy persona t\u00eb armatosur fillimisht hap\u00ebn zjarr ndaj oficer\u00ebve t\u00eb policis\u00eb jasht\u00eb nd\u00ebrtes\u00ebs, ka th\u00ebn\u00eb shefi i policis\u00eb s\u00eb Peshawarit, Mohammed Ejaz Khan.<\/span><\/p>\n<p><span style=\"color: #000000;\">Gjat\u00eb shk\u00ebmbimit t\u00eb arm\u00ebve, u vra nj\u00eb prej t\u00eb dyshuarve si dhe nj\u00eb oficer. Nd\u00ebrsa sulmuesi i dyt\u00eb arriti t\u00eb hynte n\u00eb xhami dhe pik\u00ebrisht at\u00ebher\u00eb ndodhi shp\u00ebrthimi. Kryepolici Khan tha se brenda n\u00eb xhami ndodheshin rreth 150 persona.<\/span><\/p>\n<p><span style=\"color: #000000;\"><em>\u201cNe jemi n\u00eb gjendje t\u00eb jasht\u00ebzakonshme dhe t\u00eb l\u00ebnduarit po d\u00ebrgohen n\u00eb spital.\u201d<\/em>&#8211; tha nj\u00eb oficer policie p\u00ebr \u201cReuters\u201d.<\/span><\/p>\n<p><span style=\"color: #000000;\">Nj\u00eb nga t\u00eb mbijetuarit kujtoi se sapo ai po hynte n\u00eb xhami, shp\u00ebrthimi e p\u00ebrplasi p\u00ebrs\u00ebri n\u00eb rrug\u00eb. <em>\u201cI hapa syt\u00eb dhe kishte pluhur dhe trupa kudo.\u201d<\/em>&#8211; tha ai.<\/span><\/p>\n<p><span style=\"color: #000000;\">Asnj\u00eb grup deri m\u00eb tani nuk ka marr\u00eb p\u00ebrgjegj\u00ebsin\u00eb p\u00ebr bombardimin, por si Shteti Islamik ashtu edhe taleban\u00ebt pakistanez\u00eb kan\u00eb qen\u00eb aktiv\u00eb n\u00eb zon\u00eb, duke kryer sulme t\u00eb ngjashme.<\/span><\/p>\n<blockquote class=\"twitter-tweet\">\n<p dir=\"ltr\" lang=\"en\">30 died and more then 50 injured till yet<a href=\"https:\/\/twitter.com\/hashtag\/Peshawar?src=hash&amp;ref_src=twsrc%5Etfw\">#Peshawar<\/a> <a href=\"https:\/\/t.co\/2R7yCAJI87\">pic.twitter.com\/2R7yCAJI87<\/a><\/p>\n<p>\u2014 Syed Zahidusman (@SZahidusman) <a href=\"https:\/\/twitter.com\/SZahidusman\/status\/1499675883245817857?ref_src=twsrc%5Etfw\">March 4, 2022<\/a><\/p><\/blockquote>\n<p><script async src=\"https:\/\/platform.twitter.com\/widgets.js\" charset=\"utf-8\"><\/script><\/p>\n","protected":false,"gt_translate_keys":[{"key":"rendered","format":"html"}]},"excerpt":{"rendered":"<p>T\u00eb pakt\u00ebn 30 persona jan\u00eb vrar\u00eb dhe dhjet\u00ebra t\u00eb tjer\u00eb jan\u00eb plagosur nga t\u00eb sht\u00ebnat me arm\u00eb zjarri dhe nj\u00eb shp\u00ebrthim q\u00eb ka pasuar m\u00eb pas n\u00eb nj\u00eb xhami n\u00eb Peshawar, n\u00eb veriper\u00ebndim t\u00eb Pakistanit, pran\u00eb kufirit me Afganistanin. RT shkruan se sulmi kishte n\u00eb sh\u00ebnjest\u00ebr xhamin\u00eb Kucha Risaldar n\u00eb qytetin e vjet\u00ebr t\u00eb Peshawarit [&hellip;]<\/p>\n","protected":false,"gt_translate_keys":[{"key":"rendered","format":"html"}]},"author":30,"featured_media":508663,"comment_status":"closed","ping_status":"closed","sticky":false,"template":"","format":"standard","meta":{"footnotes":""},"categories":[6,13],"tags":[],"class_list":["post-508662","post","type-post","status-publish","format-standard","has-post-thumbnail","hentry","category-nderkombetare","category-te-fundit"],"gt_translate_keys":[{"key":"link","format":"url"}],"_links":{"self":[{"href":"https:\/\/www.hashtag.al\/index.php\/wp-json\/wp\/v2\/posts\/508662","targetHints":{"allow":["GET"]}}],"collection":[{"href":"https:\/\/www.hashtag.al\/index.php\/wp-json\/wp\/v2\/posts"}],"about":[{"href":"https:\/\/www.hashtag.al\/index.php\/wp-json\/wp\/v2\/types\/post"}],"author":[{"embeddable":true,"href":"https:\/\/www.hashtag.al\/index.php\/wp-json\/wp\/v2\/users\/30"}],"replies":[{"embeddable":true,"href":"https:\/\/www.hashtag.al\/index.php\/wp-json\/wp\/v2\/comments?post=508662"}],"version-history":[{"count":0,"href":"https:\/\/www.hashtag.al\/index.php\/wp-json\/wp\/v2\/posts\/508662\/revisions"}],"wp:featuredmedia":[{"embeddable":true,"href":"https:\/\/www.hashtag.al\/index.php\/wp-json\/wp\/v2\/media\/508663"}],"wp:attachment":[{"href":"https:\/\/www.hashtag.al\/index.php\/wp-json\/wp\/v2\/media?parent=508662"}],"wp:term":[{"taxonomy":"category","embeddable":true,"href":"https:\/\/www.hashtag.al\/index.php\/wp-json\/wp\/v2\/categories?post=508662"},{"taxonomy":"post_tag","embeddable":true,"href":"https:\/\/www.hashtag.al\/index.php\/wp-json\/wp\/v2\/tags?post=508662"}],"curies":[{"name":"wp","href":"https:\/\/api.w.org\/{rel}","templated":true}]}}