{"id":508446,"date":"2022-03-03T11:45:39","date_gmt":"2022-03-03T10:45:39","guid":{"rendered":"https:\/\/www.hashtag.al\/?p=508446"},"modified":"2022-03-03T13:32:35","modified_gmt":"2022-03-03T12:32:35","slug":"lavrov-kerkesat-tona-minimale-lufta-e-trete-boterore-do-jete-berthamore-e-po-zhvillohet-ne-kokat-e-politikaneve-perendimore","status":"publish","type":"post","link":"https:\/\/www.hashtag.al\/index.php\/2022\/03\/03\/lavrov-kerkesat-tona-minimale-lufta-e-trete-boterore-do-jete-berthamore-e-po-zhvillohet-ne-kokat-e-politikaneve-perendimore\/","title":{"rendered":"Lavrov: K\u00ebrkesat tona minimale, Lufta e Tret\u00eb Bot\u00ebrore do jet\u00eb b\u00ebrthamore","gt_translate_keys":[{"key":"rendered","format":"text"}]},"content":{"rendered":"<p><span style=\"color: #000000;\"><img loading=\"lazy\" decoding=\"async\" class=\"aligncenter size-full wp-image-508447\" src=\"https:\/\/www.hashtag.al\/wp-content\/uploads\/2022\/03\/lavrov-3.jpg\" alt=\"\" width=\"986\" height=\"623\" srcset=\"https:\/\/www.hashtag.al\/wp-content\/uploads\/2022\/03\/lavrov-3.jpg 986w, https:\/\/www.hashtag.al\/wp-content\/uploads\/2022\/03\/lavrov-3-300x190.jpg 300w, https:\/\/www.hashtag.al\/wp-content\/uploads\/2022\/03\/lavrov-3-768x485.jpg 768w\" sizes=\"auto, (max-width: 986px) 100vw, 986px\" \/><\/span><\/p>\n<p><span style=\"color: #000000;\">Ministri i Jasht\u00ebm rus Sergei Lavrov ka shprehur besimin se do t\u00eb gjendet nj\u00eb zgjidhje p\u00ebr kriz\u00ebn ukrainase dhe vuri n\u00eb dukje se k\u00ebrkesat e Mosk\u00ebs jan\u00eb \u2018minimale\u2019. Ai shtoi se Rusia nuk mund t\u00eb lejoj\u00eb q\u00eb Ukraina t\u00eb p\u00ebrb\u00ebj\u00eb nj\u00eb k\u00ebrc\u00ebnim p\u00ebr sigurin\u00eb e vendit.<\/span><\/p>\n<p><span style=\"color: #000000;\">Kryediplomati tha m\u00eb tej se negociatat mes Rusis\u00eb dhe Ukrain\u00ebs do t\u00eb zhvillohen dhe jan\u00eb planifikuar t\u00eb zhvillohen m\u00eb 3 mars. Ministri shtoi se Rusia \u00ebsht\u00eb e gatshme t\u00eb diskutoj\u00eb garancit\u00eb e siguris\u00eb p\u00ebr Ukrain\u00ebn dhe t\u00eb gjith\u00eb Evrop\u00ebn gjat\u00eb k\u00ebtyre bisedimeve.<\/span><\/p>\n<p><span style=\"color: #000000;\">Lavrov tha se delegacioni ukrainas premtoi t\u00eb parashtroj\u00eb q\u00ebndrimin e tij gjat\u00eb ciklit t\u00eb ardhsh\u00ebm t\u00eb negociatave. Ai vuri n\u00eb dukje megjithat\u00eb se Kievi nuk po vepron n\u00eb m\u00ebnyr\u00eb t\u00eb pavarur n\u00eb negociata.<\/span><\/p>\n<p><span style=\"color: #000000;\"><em>&#8220;P\u00ebrs\u00ebri, ekipi ukrainas gjeti nj\u00eb pretekst p\u00ebr t\u00eb shtyr\u00eb k\u00ebto negociata. Sigurisht q\u00eb ata po marrin udh\u00ebzime nga Uashingtoni, nuk ka dyshim p\u00ebr k\u00ebt\u00eb. Ky vend absolutisht nuk \u00ebsht\u00eb i pavarur&#8221;<\/em>, tha Lavrov.<\/span><\/p>\n<p><span style=\"color: #000000;\">Diplomati vuri n\u00eb dukje se Per\u00ebndimi nuk ka synimin p\u00ebr t\u00eb garantuar sigurin\u00eb e Ukrain\u00ebs bazuar n\u00eb ekuilibrin e interesave me Rusin\u00eb. E vetmja gj\u00eb p\u00ebr t\u00eb cil\u00ebn \u00ebsht\u00eb e interesuar Per\u00ebndimi \u00ebsht\u00eb t\u00eb \u2018demonizoj\u00eb\u2019 Rusin\u00eb, shtoi Lavrov.<\/span><\/p>\n<p><span style=\"color: #000000;\">P\u00ebr dialogun me NATO-n<\/span><\/p>\n<p><span style=\"color: #000000;\">Ministri i Jasht\u00ebm shprehu besimin se po p\u00ebrgatiten planet p\u00ebr luft\u00eb kund\u00ebr Rusis\u00eb. Lavrov paralajm\u00ebroi se Lufta e Tret\u00eb Bot\u00ebrore do t\u00eb jet\u00eb nj\u00eb konfrontim b\u00ebrthamor.<\/span><\/p>\n<p><span style=\"color: #000000;\"><em>\u201cBiseda p\u00ebr luft\u00ebn b\u00ebrthamore tani \u00ebsht\u00eb duke u zhvilluar. Un\u00eb ju k\u00ebrkoj t\u00eb shikoni me shum\u00eb kujdes deklaratat q\u00eb jan\u00eb b\u00ebr\u00eb dhe personazhet q\u00eb kan\u00eb b\u00ebr\u00eb k\u00ebto deklarata. S\u00eb pari, zoti Stoltenberg. Pas k\u00ebsaj, z. Zelensky filloi t\u00eb deklaroj\u00eb se ai do t\u00eb hiqte dor\u00eb nga statusi i nj\u00eb shteti job\u00ebrthamor. Vini re faktin se nj\u00eb luft\u00eb b\u00ebrthamore po zhvillohet vazhdimisht n\u00eb kokat e politikan\u00ebve per\u00ebndimor\u00eb dhe jo n\u00eb kokat e rus\u00ebve\u201d<\/em>, shtoi Lavrov.<\/span><\/p>\n<p><span style=\"color: #000000;\">Lavrov tha se beson se histeria rreth Ukrain\u00ebs n\u00eb Per\u00ebndim do t\u00eb kaloj\u00eb p\u00ebrfundimisht dhe se nj\u00eb dialog midis Mosk\u00ebs dhe NATO-s do t\u00eb rifilloj\u00eb. Diplomati shtoi se Kremlini \u00ebsht\u00eb gati p\u00ebr k\u00ebt\u00eb.<\/span><\/p>\n","protected":false,"gt_translate_keys":[{"key":"rendered","format":"html"}]},"excerpt":{"rendered":"<p>Ministri i Jasht\u00ebm rus Sergei Lavrov ka shprehur besimin se do t\u00eb gjendet nj\u00eb zgjidhje p\u00ebr kriz\u00ebn ukrainase dhe vuri n\u00eb dukje se k\u00ebrkesat e Mosk\u00ebs jan\u00eb \u2018minimale\u2019. Ai shtoi se Rusia nuk mund t\u00eb lejoj\u00eb q\u00eb Ukraina t\u00eb p\u00ebrb\u00ebj\u00eb nj\u00eb k\u00ebrc\u00ebnim p\u00ebr sigurin\u00eb e vendit. Kryediplomati tha m\u00eb tej se negociatat mes Rusis\u00eb dhe [&hellip;]<\/p>\n","protected":false,"gt_translate_keys":[{"key":"rendered","format":"html"}]},"author":51,"featured_media":508447,"comment_status":"closed","ping_status":"closed","sticky":false,"template":"","format":"standard","meta":{"footnotes":""},"categories":[22,6],"tags":[],"class_list":["post-508446","post","type-post","status-publish","format-standard","has-post-thumbnail","hentry","category-ballina","category-nderkombetare"],"gt_translate_keys":[{"key":"link","format":"url"}],"_links":{"self":[{"href":"https:\/\/www.hashtag.al\/index.php\/wp-json\/wp\/v2\/posts\/508446","targetHints":{"allow":["GET"]}}],"collection":[{"href":"https:\/\/www.hashtag.al\/index.php\/wp-json\/wp\/v2\/posts"}],"about":[{"href":"https:\/\/www.hashtag.al\/index.php\/wp-json\/wp\/v2\/types\/post"}],"author":[{"embeddable":true,"href":"https:\/\/www.hashtag.al\/index.php\/wp-json\/wp\/v2\/users\/51"}],"replies":[{"embeddable":true,"href":"https:\/\/www.hashtag.al\/index.php\/wp-json\/wp\/v2\/comments?post=508446"}],"version-history":[{"count":0,"href":"https:\/\/www.hashtag.al\/index.php\/wp-json\/wp\/v2\/posts\/508446\/revisions"}],"wp:featuredmedia":[{"embeddable":true,"href":"https:\/\/www.hashtag.al\/index.php\/wp-json\/wp\/v2\/media\/508447"}],"wp:attachment":[{"href":"https:\/\/www.hashtag.al\/index.php\/wp-json\/wp\/v2\/media?parent=508446"}],"wp:term":[{"taxonomy":"category","embeddable":true,"href":"https:\/\/www.hashtag.al\/index.php\/wp-json\/wp\/v2\/categories?post=508446"},{"taxonomy":"post_tag","embeddable":true,"href":"https:\/\/www.hashtag.al\/index.php\/wp-json\/wp\/v2\/tags?post=508446"}],"curies":[{"name":"wp","href":"https:\/\/api.w.org\/{rel}","templated":true}]}}