{"id":508092,"date":"2022-03-01T16:21:32","date_gmt":"2022-03-01T15:21:32","guid":{"rendered":"https:\/\/www.hashtag.al\/?p=508092"},"modified":"2022-03-01T16:21:32","modified_gmt":"2022-03-01T15:21:32","slug":"basha-ne-vore-kujtuan-se-do-u-merrnin-430-milione-euro-shqiptareve-dhe-do-zhdukeshin-pa-lene-gjurme-gjeja-e-pare-me-vendos-drejtesi","status":"publish","type":"post","link":"https:\/\/www.hashtag.al\/index.php\/2022\/03\/01\/basha-ne-vore-kujtuan-se-do-u-merrnin-430-milione-euro-shqiptareve-dhe-do-zhdukeshin-pa-lene-gjurme-gjeja-e-pare-me-vendos-drejtesi\/","title":{"rendered":"Basha n\u00eb Vor\u00eb: Kujtuan se do u merrnin 430 milion\u00eb euro shqiptar\u00ebve dhe do zhdukeshin pa l\u00ebn\u00eb gjurm\u00eb, gj\u00ebja e par\u00eb me vendos drejt\u00ebsi","gt_translate_keys":[{"key":"rendered","format":"text"}]},"content":{"rendered":"<p><a href=\"https:\/\/www.hashtag.al\/wp-content\/uploads\/2022\/03\/WhatsApp-Image-2022-03-01-at-3.51.38-PM.jpeg\"><img loading=\"lazy\" decoding=\"async\" class=\"aligncenter size-full wp-image-508095\" src=\"https:\/\/www.hashtag.al\/wp-content\/uploads\/2022\/03\/WhatsApp-Image-2022-03-01-at-3.51.38-PM.jpeg\" alt=\"\" width=\"1280\" height=\"720\" srcset=\"https:\/\/www.hashtag.al\/wp-content\/uploads\/2022\/03\/WhatsApp-Image-2022-03-01-at-3.51.38-PM.jpeg 1280w, https:\/\/www.hashtag.al\/wp-content\/uploads\/2022\/03\/WhatsApp-Image-2022-03-01-at-3.51.38-PM-300x169.jpeg 300w, https:\/\/www.hashtag.al\/wp-content\/uploads\/2022\/03\/WhatsApp-Image-2022-03-01-at-3.51.38-PM-1024x576.jpeg 1024w, https:\/\/www.hashtag.al\/wp-content\/uploads\/2022\/03\/WhatsApp-Image-2022-03-01-at-3.51.38-PM-768x432.jpeg 768w\" sizes=\"auto, (max-width: 1280px) 100vw, 1280px\" \/><\/a><\/p>\n<p><span style=\"color: #000000;\">Kryetari i Partis\u00eb Demokratike, Lulzim Basha ka qen\u00eb sot n\u00eb Vor\u00eb n\u00eb mb\u00ebshtetje t\u00eb fushat\u00ebs s\u00eb kandidatit Ymer Marku ku \u00ebsht\u00eb takuar me qytetar\u00ebt.<\/span><\/p>\n<p><span style=\"color: #000000;\">Gjat\u00eb takimit me Bash\u00ebn, biznesmenet e zon\u00ebs shprehen se v\u00ebshtir\u00ebsit\u00eb ekonomike jan\u00eb nga m\u00eb t\u00eb ndryshmet.<\/span><\/p>\n<p><span style=\"color: #000000;\"><em>\u201cNuk kemi fjal\u00eb q\u00eb t\u2019i p\u00ebrshkruajm\u00eb. Shpresojm\u00eb q\u00eb ndryshimi duhet t\u00eb vij me patjet\u00ebr sepse n\u00eb k\u00ebt\u00eb form\u00eb dhe n\u00eb k\u00ebt\u00eb m\u00ebnyr\u00eb \u00ebsht\u00eb shum\u00eb e v\u00ebshtir\u00eb qoft\u00eb nga ana psikologjike, qoft\u00eb nga ana ekonomike, nga t\u00eb gjitha an\u00ebt, ne po shkojm\u00eb drejt nj\u00eb kolapsi.\u201d<\/em>&#8211; u shpreh nj\u00eb tregtar.<\/span><\/p>\n<p><span style=\"color: #000000;\">Nj\u00eb tjet\u00ebr flet p\u00ebr procesin e rind\u00ebrtimit duke e quajtur at\u00eb masak\u00ebr.<\/span><\/p>\n<p><span style=\"color: #000000;\"><em>\u201cNe s\u2019kemi drita. K\u00ebtu \u00ebsht\u00eb b\u00ebr\u00eb masak\u00ebr. K\u00ebtu kan\u00eb rind\u00ebrtuar sht\u00ebpit\u00eb e braktisura. Jan\u00eb njer\u00ebzit n\u00eb Itali, kan\u00eb marr\u00eb gjith\u00eb k\u00ebstet, marrin dhe sht\u00ebpi. T\u00eb gjith\u00eb sht\u00ebpit\u00eb e braktisura jan\u00eb rind\u00ebrtuar, asnj\u00eb sht\u00ebpi t\u00ebrmeti nuk \u00ebsht\u00eb b\u00ebr\u00eb k\u00ebtu. Hajde t\u00eb \u00e7oj me fakte t\u00eb t\u2019i tregoj ku jan\u00eb.\u201d-<\/em> tha qytetari.<\/span><\/p>\n<p><span style=\"color: #000000;\">Kreu PD-s\u00eb gjat\u00eb fjal\u00ebs s\u00eb tij, i siguroi qytetar\u00ebt e Vor\u00ebs se gj\u00ebja e par\u00eb q\u00eb do t\u00eb b\u00ebj \u00ebsht\u00eb nj\u00eb audit. Gjat\u00eb k\u00ebtij takimi ai denoncoi s\u00ebrish afer\u00ebn e incenerator\u00ebve, duke th\u00ebn\u00eb se qeveritar\u00ebt kujtuan se do merrnin 430 milion\u00eb euro shqiptar\u00ebve e do zhdukeshin pa l\u00ebn\u00eb gjurm\u00eb nd\u00ebrkoh\u00eb me t\u00eb gjitha k\u00ebto para d\u00ebmet e t\u00ebrmetit mund t\u00eb riparoheshin.<\/span><\/p>\n<p><em><span style=\"color: #000000;\">\u201cSi kan\u00eb shkuar lek\u00ebt e njer\u00ebzve? Se lek\u00ebt tuaja jan\u00eb ato, t\u00eb taksave jan\u00eb. Duke nisur nga ankesat dhe denoncimet e banor\u00ebve e deri tek librat, se n\u00eb shtet \u00e7do gj\u00eb le gjurm\u00eb, si\u00e7 e keni par\u00eb dhe me k\u00ebt\u00eb t\u00eb incenerator\u00ebve.<\/span><\/em><\/p>\n<p><em><span style=\"color: #000000;\">K\u00ebta kujtuan se do merrnin 430 milion\u00eb euro shqiptar\u00ebve, e do zhdukeshin pa l\u00ebn\u00eb gjurm\u00eb. Gj\u00ebja e par\u00eb me vendos drejt\u00ebsi, se nuk \u00ebsht\u00eb fillimi i nj\u00eb rruge. Prandaj e diela ka k\u00ebt\u00eb r\u00ebnd\u00ebsi, \u00ebsht\u00eb nj\u00eb hap i par\u00eb p\u00ebr t\u00eb treguar, q\u00eb shqiptar\u00ebt e kan\u00eb forc\u00ebn, banor\u00ebt e Vor\u00ebs e kan\u00eb forc\u00ebn p\u00ebr t\u2019i dh\u00ebn\u00eb nj\u00eb shenj\u00eb, nj\u00eb sinjal t\u00eb fort\u00eb t\u00eb keqes.<\/span><\/em><\/p>\n<p><em><span style=\"color: #000000;\">T\u00eb pakt\u00ebn keni njeriun tuaj q\u00eb jua njeh hallet, jua qan hallet, e keni der\u00ebn e hapur, e dini q\u00eb \u00ebsht\u00eb nj\u00eb njeri q\u00eb nuk p\u00ebrkulet para presionit t\u00eb askujt dhe t\u00eb pakt\u00ebn ato taksat e bashkis\u00eb q\u00eb ju i paguani nj\u00ebsoj si\u00e7 paguani e qeveris\u00eb t\u00eb mos shkojn\u00eb p\u00ebr k\u00ebto 700 veta q\u00eb nuk merret vesh se \u00e7far\u00eb pune por t\u00eb shkojn\u00eb tek hallexhinjt\u00eb, t\u00eb shkojn\u00eb tek familjet n\u00eb nevoj\u00eb dhe p\u00ebr t\u00eb riparuar k\u00ebto banesat q\u00eb kan\u00eb dy vite e tre muaj q\u00eb nuk preken nd\u00ebrkoh\u00eb q\u00eb njer\u00ebzit jetojn\u00eb akoma n\u00eb \u00e7adra, se kur ju thua q\u00eb njer\u00ebzit jetojn\u00eb n\u00eb \u00e7adra e ky\u00e7in goj\u00ebn, b\u00ebjn\u00eb sikur nuk d\u00ebgjojn\u00eb.<\/span><\/em><\/p>\n<p><span style=\"color: #000000;\"><em>Nuk \u00ebsht\u00eb zgjidhja p\u00ebrfundimtare por e keni nj\u00eb njeri tuajin aty q\u00eb do t\u00eb ket\u00eb hallet tuaja n\u00eb mendje e n\u00eb zem\u00ebr edhe forc\u00ebn p\u00ebr t\u00eb ngrit z\u00ebrin p\u00ebr ju.Do e keni sikur t\u00eb ishte vetja juaj, por e keni n\u00eb bashki.\u201d<\/em>&#8211; tha Basha.<\/span><\/p>\n<p><a href=\"https:\/\/www.hashtag.al\/wp-content\/uploads\/2022\/03\/WhatsApp-Image-2022-03-01-at-3.51.37-PM.jpeg\"><img loading=\"lazy\" decoding=\"async\" class=\"aligncenter size-full wp-image-508094\" src=\"https:\/\/www.hashtag.al\/wp-content\/uploads\/2022\/03\/WhatsApp-Image-2022-03-01-at-3.51.37-PM.jpeg\" alt=\"\" width=\"1280\" height=\"719\" srcset=\"https:\/\/www.hashtag.al\/wp-content\/uploads\/2022\/03\/WhatsApp-Image-2022-03-01-at-3.51.37-PM.jpeg 1280w, https:\/\/www.hashtag.al\/wp-content\/uploads\/2022\/03\/WhatsApp-Image-2022-03-01-at-3.51.37-PM-300x169.jpeg 300w, https:\/\/www.hashtag.al\/wp-content\/uploads\/2022\/03\/WhatsApp-Image-2022-03-01-at-3.51.37-PM-1024x575.jpeg 1024w, https:\/\/www.hashtag.al\/wp-content\/uploads\/2022\/03\/WhatsApp-Image-2022-03-01-at-3.51.37-PM-768x431.jpeg 768w\" sizes=\"auto, (max-width: 1280px) 100vw, 1280px\" \/><\/a> <a href=\"https:\/\/www.hashtag.al\/wp-content\/uploads\/2022\/03\/WhatsApp-Image-2022-03-01-at-3.51.37-PM-1.jpeg\"><img loading=\"lazy\" decoding=\"async\" class=\"aligncenter size-full wp-image-508093\" src=\"https:\/\/www.hashtag.al\/wp-content\/uploads\/2022\/03\/WhatsApp-Image-2022-03-01-at-3.51.37-PM-1.jpeg\" alt=\"\" width=\"1280\" height=\"720\" srcset=\"https:\/\/www.hashtag.al\/wp-content\/uploads\/2022\/03\/WhatsApp-Image-2022-03-01-at-3.51.37-PM-1.jpeg 1280w, https:\/\/www.hashtag.al\/wp-content\/uploads\/2022\/03\/WhatsApp-Image-2022-03-01-at-3.51.37-PM-1-300x169.jpeg 300w, https:\/\/www.hashtag.al\/wp-content\/uploads\/2022\/03\/WhatsApp-Image-2022-03-01-at-3.51.37-PM-1-1024x576.jpeg 1024w, https:\/\/www.hashtag.al\/wp-content\/uploads\/2022\/03\/WhatsApp-Image-2022-03-01-at-3.51.37-PM-1-768x432.jpeg 768w\" sizes=\"auto, (max-width: 1280px) 100vw, 1280px\" \/><\/a><\/p>\n","protected":false,"gt_translate_keys":[{"key":"rendered","format":"html"}]},"excerpt":{"rendered":"<p>Kryetari i Partis\u00eb Demokratike, Lulzim Basha ka qen\u00eb sot n\u00eb Vor\u00eb n\u00eb mb\u00ebshtetje t\u00eb fushat\u00ebs s\u00eb kandidatit Ymer Marku ku \u00ebsht\u00eb takuar me qytetar\u00ebt. Gjat\u00eb takimit me Bash\u00ebn, biznesmenet e zon\u00ebs shprehen se v\u00ebshtir\u00ebsit\u00eb ekonomike jan\u00eb nga m\u00eb t\u00eb ndryshmet. \u201cNuk kemi fjal\u00eb q\u00eb t\u2019i p\u00ebrshkruajm\u00eb. Shpresojm\u00eb q\u00eb ndryshimi duhet t\u00eb vij me patjet\u00ebr sepse [&hellip;]<\/p>\n","protected":false,"gt_translate_keys":[{"key":"rendered","format":"html"}]},"author":30,"featured_media":508095,"comment_status":"closed","ping_status":"closed","sticky":false,"template":"","format":"standard","meta":{"footnotes":""},"categories":[65,13],"tags":[],"class_list":["post-508092","post","type-post","status-publish","format-standard","has-post-thumbnail","hentry","category-lajme","category-te-fundit"],"gt_translate_keys":[{"key":"link","format":"url"}],"_links":{"self":[{"href":"https:\/\/www.hashtag.al\/index.php\/wp-json\/wp\/v2\/posts\/508092","targetHints":{"allow":["GET"]}}],"collection":[{"href":"https:\/\/www.hashtag.al\/index.php\/wp-json\/wp\/v2\/posts"}],"about":[{"href":"https:\/\/www.hashtag.al\/index.php\/wp-json\/wp\/v2\/types\/post"}],"author":[{"embeddable":true,"href":"https:\/\/www.hashtag.al\/index.php\/wp-json\/wp\/v2\/users\/30"}],"replies":[{"embeddable":true,"href":"https:\/\/www.hashtag.al\/index.php\/wp-json\/wp\/v2\/comments?post=508092"}],"version-history":[{"count":0,"href":"https:\/\/www.hashtag.al\/index.php\/wp-json\/wp\/v2\/posts\/508092\/revisions"}],"wp:featuredmedia":[{"embeddable":true,"href":"https:\/\/www.hashtag.al\/index.php\/wp-json\/wp\/v2\/media\/508095"}],"wp:attachment":[{"href":"https:\/\/www.hashtag.al\/index.php\/wp-json\/wp\/v2\/media?parent=508092"}],"wp:term":[{"taxonomy":"category","embeddable":true,"href":"https:\/\/www.hashtag.al\/index.php\/wp-json\/wp\/v2\/categories?post=508092"},{"taxonomy":"post_tag","embeddable":true,"href":"https:\/\/www.hashtag.al\/index.php\/wp-json\/wp\/v2\/tags?post=508092"}],"curies":[{"name":"wp","href":"https:\/\/api.w.org\/{rel}","templated":true}]}}