{"id":508028,"date":"2022-03-01T12:43:43","date_gmt":"2022-03-01T11:43:43","guid":{"rendered":"https:\/\/www.hashtag.al\/?p=508028"},"modified":"2022-03-01T12:43:43","modified_gmt":"2022-03-01T11:43:43","slug":"lavrov-prania-e-armeve-berthamore-te-shba-ve-ne-evrope-eshte-e-papranueshme","status":"publish","type":"post","link":"https:\/\/www.hashtag.al\/index.php\/2022\/03\/01\/lavrov-prania-e-armeve-berthamore-te-shba-ve-ne-evrope-eshte-e-papranueshme\/","title":{"rendered":"Lavrov: Prania e arm\u00ebve b\u00ebrthamore t\u00eb SHBA-ve n\u00eb Evrop\u00eb \u00ebsht\u00eb e papranueshme","gt_translate_keys":[{"key":"rendered","format":"text"}]},"content":{"rendered":"<p><a href=\"https:\/\/www.hashtag.al\/wp-content\/uploads\/2022\/03\/Lavrov.jpg\"><img loading=\"lazy\" decoding=\"async\" class=\"size-full wp-image-508029\" src=\"https:\/\/www.hashtag.al\/wp-content\/uploads\/2022\/03\/Lavrov.jpg\" alt=\"\" width=\"1020\" height=\"649\" srcset=\"https:\/\/www.hashtag.al\/wp-content\/uploads\/2022\/03\/Lavrov.jpg 1020w, https:\/\/www.hashtag.al\/wp-content\/uploads\/2022\/03\/Lavrov-300x191.jpg 300w, https:\/\/www.hashtag.al\/wp-content\/uploads\/2022\/03\/Lavrov-768x489.jpg 768w\" sizes=\"auto, (max-width: 1020px) 100vw, 1020px\" \/><\/a><\/p>\n<p><span style=\"color: #000000;\">Rusia e konsideron t\u00eb papranueshme pranin\u00eb e arm\u00ebve b\u00ebrthamore amerikane n\u00eb nj\u00eb num\u00ebr shtetesh evropiane. K\u00ebshtu ka deklaruar sot ministri i Jasht\u00ebm rus Sergej Lavrov n\u00eb video-fjalimin e tij n\u00eb konferenc\u00ebn e Gjenev\u00ebs. Ai shtoi se arm\u00ebt b\u00ebrthamore amerikane duhet t\u00eb jen\u00eb kthyer prej koh\u00ebsh n\u00eb tok\u00ebn amerikane.<\/span><\/p>\n<p><span style=\"color: #000000;\"><em>&#8220;P\u00ebr ne \u00ebsht\u00eb e papranueshme q\u00eb arm\u00ebt b\u00ebrthamore amerikane t\u00eb mbeten ende n\u00eb nj\u00eb num\u00ebr shtetesh evropiane n\u00eb kund\u00ebrshtim me pikat themelore t\u00eb Traktatit t\u00eb Mosp\u00ebrhapjes. Praktika e keqe e misioneve t\u00eb p\u00ebrbashk\u00ebta b\u00ebrthamore me pjes\u00ebmarrjen e shteteve jo-b\u00ebrthamore t\u00eb NATO-s vazhdon. Gjat\u00eb misioneve t\u00eb tilla, po praktikohet p\u00ebrdorimi i arm\u00ebve b\u00ebrthamore kund\u00ebr Rusis\u00eb.\u201d-<\/em> deklaroi ai, sipas agjencis\u00eb s\u00eb lajmeve rus\u00eb <span style=\"color: #0000ff;\"><a style=\"color: #0000ff;\" href=\"https:\/\/tass.com\/politics\/1414033\">TASS<\/a><\/span>. <em>\u201cArm\u00ebt b\u00ebrthamore amerikane duhet t\u00eb ishin kthyer prej koh\u00ebsh n\u00eb sht\u00ebpi dhe infrastruktura p\u00ebrkat\u00ebse n\u00eb Evrop\u00eb duhet t\u00eb ishte eliminuar prej koh\u00ebsh.\u201d<\/em><\/span><\/p>\n<p><span style=\"color: #000000;\">Sergej Lavrov theksoi se Rusia gjithmon\u00eb ka besuar se nuk mund t\u00eb ket\u00eb fitues n\u00eb nj\u00eb luft\u00eb b\u00ebrthamore dhe se nj\u00eb luft\u00eb e till\u00eb nuk duhet t\u00eb ndodh\u00eb kurr\u00eb.<\/span><\/p>\n<p><span style=\"color: #000000;\"><em>&#8220;Ky parim \u00ebsht\u00eb konfirmuar n\u00eb deklarat\u00ebn e p\u00ebrbashk\u00ebt t\u00eb 16 qershorit t\u00eb vitit 2021 t\u00eb president\u00ebve t\u00eb Rusis\u00eb dhe SHBA-s\u00eb, si dhe n\u00eb deklarat\u00ebn e p\u00ebrbashk\u00ebt t\u00eb 28 qershorit t\u00eb vitit 2021 t\u00eb krer\u00ebve t\u00eb Rusis\u00eb dhe Kin\u00ebs. <\/em><\/span><\/p>\n<p><span style=\"color: #000000;\"><em>\u00cbsht\u00eb e r\u00ebnd\u00ebsishme q\u00eb, sipas nism\u00ebs Ruse dhe me pjes\u00ebmarrjen e saj m\u00eb aktive, m\u00eb 3 janar u zhvillua dhe u miratua nj\u00eb deklarat\u00eb e p\u00ebrbashk\u00ebt e lider\u00ebve t\u00eb pes\u00eb fuqive b\u00ebrthamore p\u00ebr parandalimin e luft\u00ebs b\u00ebrthamore dhe parandalimin e nj\u00eb gare armatimesh.\u201d<\/em>&#8211; shtoi Lavrov.<\/span><\/p>\n","protected":false,"gt_translate_keys":[{"key":"rendered","format":"html"}]},"excerpt":{"rendered":"<p>Rusia e konsideron t\u00eb papranueshme pranin\u00eb e arm\u00ebve b\u00ebrthamore amerikane n\u00eb nj\u00eb num\u00ebr shtetesh evropiane. K\u00ebshtu ka deklaruar sot ministri i Jasht\u00ebm rus Sergej Lavrov n\u00eb video-fjalimin e tij n\u00eb konferenc\u00ebn e Gjenev\u00ebs. Ai shtoi se arm\u00ebt b\u00ebrthamore amerikane duhet t\u00eb jen\u00eb kthyer prej koh\u00ebsh n\u00eb tok\u00ebn amerikane. &#8220;P\u00ebr ne \u00ebsht\u00eb e papranueshme q\u00eb arm\u00ebt [&hellip;]<\/p>\n","protected":false,"gt_translate_keys":[{"key":"rendered","format":"html"}]},"author":30,"featured_media":508029,"comment_status":"closed","ping_status":"closed","sticky":false,"template":"","format":"standard","meta":{"footnotes":""},"categories":[6,13],"tags":[],"class_list":["post-508028","post","type-post","status-publish","format-standard","has-post-thumbnail","hentry","category-nderkombetare","category-te-fundit"],"gt_translate_keys":[{"key":"link","format":"url"}],"_links":{"self":[{"href":"https:\/\/www.hashtag.al\/index.php\/wp-json\/wp\/v2\/posts\/508028","targetHints":{"allow":["GET"]}}],"collection":[{"href":"https:\/\/www.hashtag.al\/index.php\/wp-json\/wp\/v2\/posts"}],"about":[{"href":"https:\/\/www.hashtag.al\/index.php\/wp-json\/wp\/v2\/types\/post"}],"author":[{"embeddable":true,"href":"https:\/\/www.hashtag.al\/index.php\/wp-json\/wp\/v2\/users\/30"}],"replies":[{"embeddable":true,"href":"https:\/\/www.hashtag.al\/index.php\/wp-json\/wp\/v2\/comments?post=508028"}],"version-history":[{"count":0,"href":"https:\/\/www.hashtag.al\/index.php\/wp-json\/wp\/v2\/posts\/508028\/revisions"}],"wp:featuredmedia":[{"embeddable":true,"href":"https:\/\/www.hashtag.al\/index.php\/wp-json\/wp\/v2\/media\/508029"}],"wp:attachment":[{"href":"https:\/\/www.hashtag.al\/index.php\/wp-json\/wp\/v2\/media?parent=508028"}],"wp:term":[{"taxonomy":"category","embeddable":true,"href":"https:\/\/www.hashtag.al\/index.php\/wp-json\/wp\/v2\/categories?post=508028"},{"taxonomy":"post_tag","embeddable":true,"href":"https:\/\/www.hashtag.al\/index.php\/wp-json\/wp\/v2\/tags?post=508028"}],"curies":[{"name":"wp","href":"https:\/\/api.w.org\/{rel}","templated":true}]}}