{"id":508016,"date":"2022-03-01T12:34:38","date_gmt":"2022-03-01T11:34:38","guid":{"rendered":"https:\/\/www.hashtag.al\/?p=508016"},"modified":"2022-03-05T16:19:26","modified_gmt":"2022-03-05T15:19:26","slug":"nje-veshtrim-alternativ-cfare-mund-tiu-kete-shpetuar-nga-kriza-ne-ukraine","status":"publish","type":"post","link":"https:\/\/www.hashtag.al\/index.php\/2022\/03\/01\/nje-veshtrim-alternativ-cfare-mund-tiu-kete-shpetuar-nga-kriza-ne-ukraine\/","title":{"rendered":"Nj\u00eb v\u00ebshtrim alternativ &#8211; \u00c7far\u00eb mund t&#8217;iu ket\u00eb &#8216;shp\u00ebtuar&#8217; nga kriza n\u00eb Ukrain\u00eb","gt_translate_keys":[{"key":"rendered","format":"text"}]},"content":{"rendered":"<p><span style=\"color: #000000;\"><img loading=\"lazy\" decoding=\"async\" class=\"aligncenter size-full wp-image-508041\" src=\"https:\/\/www.hashtag.al\/wp-content\/uploads\/2022\/03\/schwaab.jpg\" alt=\"\" width=\"2000\" height=\"893\" srcset=\"https:\/\/www.hashtag.al\/wp-content\/uploads\/2022\/03\/schwaab.jpg 2000w, https:\/\/www.hashtag.al\/wp-content\/uploads\/2022\/03\/schwaab-300x134.jpg 300w, https:\/\/www.hashtag.al\/wp-content\/uploads\/2022\/03\/schwaab-1024x457.jpg 1024w, https:\/\/www.hashtag.al\/wp-content\/uploads\/2022\/03\/schwaab-768x343.jpg 768w, https:\/\/www.hashtag.al\/wp-content\/uploads\/2022\/03\/schwaab-1536x686.jpg 1536w\" sizes=\"auto, (max-width: 2000px) 100vw, 2000px\" \/><\/span><\/p>\n<p><span style=\"color: #000000;\">Ju pa dyshim e keni d\u00ebgjuar historin\u00eb e kriz\u00ebs n\u00eb Ukrain\u00eb deri tani. Por, si\u00e7 na kan\u00eb th\u00ebn\u00eb gjat\u00eb gjith\u00eb jet\u00ebs, ka dy an\u00eb n\u00eb \u00e7do histori. Pra, cil\u00ebn an\u00eb t\u00eb historis\u00eb keni d\u00ebgjuar?<\/span><\/p>\n<p><span style=\"color: #000000;\">Ka nj\u00eb an\u00eb t\u00eb trajtuar nga media mainstream \/establishmenti\/dinosauri i historis\u00eb. Le ta quajm\u00eb narrativa \u2018Ekipi i NATO-s\u2019. N\u00eb k\u00ebt\u00eb version t\u00eb ngjarjeve, psikopati i \u00e7mendur gjakatar, fjal\u00eb p\u00ebr fjal\u00eb lideri hitlerian i Rusis\u00eb, Vladimir Putin, u zgjua disa jav\u00eb m\u00eb par\u00eb dhe papritmas vendosi t\u00eb pushtonte kombin e lir\u00eb dhe paq\u00ebsor t\u00eb Ukrain\u00ebs pa asnj\u00eb arsye!<\/span><\/p>\n<p><span style=\"color: #000000;\">Dhe pastaj \u00ebsht\u00eb ana mediatike \u2018alternative\u2019 e historis\u00eb. Le ta quajm\u00eb narrativa \u2018Ekipi BRICS\u2019. N\u00eb k\u00ebt\u00eb version t\u00eb tregimit, mbrojt\u00ebsi trim i liris\u00eb njer\u00ebzore, Vladimir Putin, po lufton p\u00ebr t\u00eb mbrojtur popujt e lir\u00eb t\u00eb bot\u00ebs nga globalist\u00ebt dhe makinacionet e tyre t\u00eb liga.<\/span><\/p>\n<p><span style=\"color: #000000;\">Si\u00e7 them un\u00eb, pa dyshim q\u00eb keni d\u00ebgjuar nj\u00eb ose nj\u00eb tjet\u00ebr nga k\u00ebto histori deri tani. Ose, n\u00ebse v\u00ebrtet po i kushtoni v\u00ebmendje, mund t&#8217;i keni d\u00ebgjuar t\u00eb dyja. Por un\u00eb jam k\u00ebtu p\u00ebr t&#8217;ju th\u00ebn\u00eb sot se ju kan\u00eb g\u00ebnjyer gjat\u00eb gjith\u00eb jet\u00ebs. Nuk ka dy an\u00eb n\u00eb \u00e7do histori. Jan\u00eb t\u00eb pakt\u00ebn tre, ndoshta m\u00eb shum\u00eb.<\/span><\/p>\n<p><span style=\"color: #000000;\">Pra, le t\u00eb zhytemi m\u00eb thell\u00eb sot dhe t\u00eb shohim an\u00ebn e tret\u00eb t\u00eb historis\u00eb s\u00eb kriz\u00ebs n\u00eb Ukrain\u00eb.<\/span><\/p>\n<p><span style=\"color: #000000;\"><strong><img loading=\"lazy\" decoding=\"async\" class=\"aligncenter size-full wp-image-508017\" src=\"https:\/\/www.hashtag.al\/wp-content\/uploads\/2022\/03\/https___bucketeer-e05bbc84-baa3-437e-9518-adb32be77984.s3.amazonaws.com_public_images_0f11d2a7-a5b6-44c5-81f7-ee7d954fdfa3_768x439.jpeg\" alt=\"\" width=\"768\" height=\"439\" srcset=\"https:\/\/www.hashtag.al\/wp-content\/uploads\/2022\/03\/https___bucketeer-e05bbc84-baa3-437e-9518-adb32be77984.s3.amazonaws.com_public_images_0f11d2a7-a5b6-44c5-81f7-ee7d954fdfa3_768x439.jpeg 768w, https:\/\/www.hashtag.al\/wp-content\/uploads\/2022\/03\/https___bucketeer-e05bbc84-baa3-437e-9518-adb32be77984.s3.amazonaws.com_public_images_0f11d2a7-a5b6-44c5-81f7-ee7d954fdfa3_768x439-300x171.jpeg 300w\" sizes=\"auto, (max-width: 768px) 100vw, 768px\" \/><\/strong><\/span><\/p>\n<p><span style=\"color: #000000;\"><strong>Historia 2D<\/strong><\/span><\/p>\n<p><span style=\"color: #000000;\">S\u00eb pari, le t\u00eb p\u00ebrshpejtohemi me faktet e zhveshura t\u00eb narrativ\u00ebs kryesore 2D. Si\u00e7 do ta dini tashm\u00eb nga puna ime e fundit mbi k\u00ebt\u00eb tem\u00eb (shih <a style=\"color: #000000;\" href=\"https:\/\/www.corbettreport.com\/2022-the-year-ahead\/\">k\u00ebtu<\/a>, <a style=\"color: #000000;\" href=\"https:\/\/www.corbettreport.com\/nwnw20220217\/\">k\u00ebtu<\/a> dhe <a style=\"color: #000000;\" href=\"https:\/\/www.corbettreport.com\/qfc084-ukraine\/\">k\u00ebtu<\/a>), tensionet Ukrain\u00eb\/Rusi u rrit\u00ebn ndjesh\u00ebm gjat\u00eb jav\u00ebve t\u00eb fundit. <\/span><\/p>\n<p><span style=\"color: #000000;\">Nj\u00eb seri sulmesh kibernetike n\u00eb faqet e internetit t\u00eb qeveris\u00eb ukrainase, nj\u00eb teori konspirative e miratuar nga Sht\u00ebpia e Bardh\u00eb se Rusia po planifikonte nj\u00eb ngjarje t\u00eb rreme p\u00ebr t\u00eb justifikuar nj\u00eb pushtim dhe nj\u00eb s\u00ebr\u00eb deklaratash t\u00eb guximshme se Rusia do t\u00eb pushtonte Ukrain\u00ebn n\u00eb nj\u00eb dat\u00eb t\u00eb till\u00eb dhe t\u00eb till\u00eb. shtuan tensionet.<\/span><\/p>\n<p><span style=\"color: #000000;\">Pikat e fundit q\u00eb nxit\u00ebn k\u00ebt\u00eb sulm ushtarak duket se kan\u00eb qen\u00eb:<\/span><\/p>\n<p><span style=\"color: #000000;\">Nj\u00eb rritje e k\u00ebrc\u00ebnimeve dhe provokimeve t\u00eb NATO-s n\u00eb muajt e fundit, duke p\u00ebrfshir\u00eb <a style=\"color: #000000;\" href=\"https:\/\/archive.is\/j6i4M\">st\u00ebrvitjet e p\u00ebrbashk\u00ebta NATO-Ukrain\u00eb<\/a> dhe nj\u00eb furnizim t\u00eb paprecedent\u00eb prej <a style=\"color: #000000;\" href=\"https:\/\/exbulletin.com\/world\/international\/1455641\/\">200 milion\u00eb dollar\u00ebsh t\u00eb arm\u00ebve<\/a> dhe municioneve n\u00eb Kiev n\u00eb janar.<\/span><\/p>\n<p><span style=\"color: #000000;\"><a style=\"color: #000000;\" href=\"https:\/\/archive.is\/nhPKX\">Refuzimi i SHBA\/NATO-s<\/a> i k\u00ebrkesave t\u00eb Rusis\u00eb p\u00ebr nj\u00eb garanci q\u00eb NATO nuk do t&#8217;i ofronte an\u00ebtar\u00ebsim Ukrain\u00ebs.<\/span><\/p>\n<p><span style=\"color: #000000;\"><a style=\"color: #000000;\" href=\"https:\/\/wearechange.org\/ukraine-and-donbass-accuse-each-other-of-violating-ceasefire-russia-demands-u-s-leave-eastern-europe\/\">Nj\u00eb rritje e luftimeve<\/a> n\u00eb rajonin e Donbasit midis trupave ukrainase dhe separatist\u00ebve t\u00eb mb\u00ebshtetur nga Rusia, duke \u00e7uar n\u00eb k\u00ebrkimin e k\u00ebtyre t\u00eb fundit nga <a style=\"color: #000000;\" href=\"https:\/\/www.dw.com\/en\/russia-says-donbas-separatists-ask-putin-for-military-support\/a-60893224\">Rusia p\u00ebr mb\u00ebshtetje ushtarake<\/a>.<\/span><\/p>\n<p><span style=\"color: #000000;\">Kjo, si\u00e7 e dim\u00eb tani, arriti kulmin me miratimin e nj\u00eb rezolute nga Duma Shtet\u00ebrore Ruse q\u00eb i b\u00ebn thirrje Putinit t\u00eb njoh\u00eb Republikat Popullore t\u00eb Donetskut dhe Luganskut (DPR dhe LPR), t\u00eb cil\u00ebn <a style=\"color: #000000;\" href=\"https:\/\/web.archive.org\/web\/20220224001048\/http:\/\/en.kremlin.ru\/events\/president\/news\/67828\">Putin e b\u00ebri m\u00eb 21 shkurt<\/a>. Tre dit\u00eb m\u00eb von\u00eb, ai <a style=\"color: #000000;\" href=\"https:\/\/www.bloomberg.com\/news\/articles\/2022-02-24\/full-transcript-vladimir-putin-s-televised-address-to-russia-on-ukraine-feb-24\">njoftoi<\/a> nj\u00eb \u2018operacion special ushtarak\u2019 p\u00ebr t\u00eb mbrojtur popullin e Donbas. \u2018Operacioni special ushtarak\u2019 u zgjerua shum\u00eb shpejt p\u00ebrtej Donbasit, duke goditur objektiva brenda dhe af\u00ebr kryeqytetit ukrainas t\u00eb Kievit dhe gjetk\u00eb n\u00eb mbar\u00eb vendin.<\/span><\/p>\n<p><span style=\"color: #000000;\">Duke qen\u00eb se kjo \u00ebsht\u00eb nj\u00eb ngjarje n\u00eb zhvillim, nuk mund t&#8217;ju jap lajmet m\u00eb t\u00eb fundit nga Ukraina, por k\u00ebtu jan\u00eb zhvillimet m\u00eb t\u00eb fundit q\u00eb nga koha e shtypit (e h\u00ebn\u00eb 28 shkurt 11:00 JST):<\/span><\/p>\n<ul>\n<li><span style=\"color: #000000;\">Zyra e presidentit ukrainas po konfirmon tani se <a style=\"color: #000000;\" href=\"https:\/\/metro.co.uk\/2022\/02\/27\/ukraine-and-russia-to-meet-on-belarus-border-for-talks-without-preconditions-16182591\/\">Ukraina dhe Rusia do takohen<\/a> p\u00ebr bisedime paqeje \u2018pa parakushte\u2019 n\u00eb Bjellorusi n\u00eb nj\u00eb dit\u00eb dhe or\u00eb ende t\u00eb pacaktuar.<\/span><\/li>\n<li><span style=\"color: #000000;\">NATO ka <a style=\"color: #000000;\" href=\"https:\/\/news.antiwar.com\/2022\/02\/25\/nato-activates-response-force-to-deploy-thousands-of-troops-near-ukraine\/\">aktivizuar<\/a> p\u00ebr her\u00eb t\u00eb par\u00eb nj\u00eb pjes\u00eb t\u00eb \u2018Forc\u00ebs s\u00eb Reagimit\u2019 prej 40,000 trupash, megjith\u00ebse trupat nuk po d\u00ebrgohen n\u00eb Ukrain\u00eb p\u00ebr momentin.<\/span><\/li>\n<li><span style=\"color: #000000;\">Putini ka <a style=\"color: #000000;\" href=\"https:\/\/news.antiwar.com\/2022\/02\/27\/putin-orders-nuclear-forces-on-high-alert-cites-western-sanctions\/\">urdh\u00ebruar <\/a>forcat b\u00ebrthamore t\u00eb Rusis\u00eb &#8211; n\u00eb m\u00ebnyr\u00eb specifike, nj\u00eb \u2018forc\u00eb parandaluese\u2019 q\u00eb kontrollon \u2018arm\u00ebt strategjike b\u00ebrthamore dhe konvencionale q\u00eb mund t\u00eb p\u00ebrdoren n\u00eb m\u00ebnyr\u00eb sulmuese ose mbrojt\u00ebse\u2019 &#8211; t\u00eb vihen n\u00eb &#8220;gadishm\u00ebri speciale\u2019.<\/span><\/li>\n<li><span style=\"color: #000000;\">Pentagoni \u2018<a style=\"color: #000000;\" href=\"https:\/\/news.antiwar.com\/2022\/02\/25\/pentagon-wants-to-give-ukraine-more-weapons-trying-to-figure-out-how\/\">po vazhdon t\u00eb k\u00ebrkoj\u00eb m\u00ebnyra<\/a> p\u00ebr t\u00eb mb\u00ebshtetur Ukrain\u00ebn p\u00ebr t&#8217;u mbrojtur\u2019, duke p\u00ebrfshir\u00eb \u2018p\u00ebrmes ndihm\u00ebs vdekjeprur\u00ebse dhe jovdekjeprur\u00ebse\u2019.<\/span><\/li>\n<li><span style=\"color: #000000;\">Sht\u00ebpia e Bardh\u00eb <a style=\"color: #000000;\" href=\"https:\/\/news.antiwar.com\/2022\/02\/25\/white-house-asks-congress-for-6-4-billion-for-ukraine-crisis\/\">po k\u00ebrkon 6.4 miliard\u00eb dollar\u00eb<\/a> p\u00ebr \u2018ndihm\u00eb ushtarake dhe humanitare\u2019 p\u00ebr Ukrain\u00ebn, duke p\u00ebrfshir\u00eb 2.9 miliard\u00eb dollar\u00eb p\u00ebr \u2018ndihm\u00eb humanitare p\u00ebr Ukrain\u00ebn, Baltikun, Polonin\u00eb dhe vendet e tjera t\u00eb rajonit\u2019 dhe 3.5 miliard\u00eb dollar\u00eb p\u00ebr Pentagonin. Kjo \u00ebsht\u00eb mbi <a style=\"color: #000000;\" href=\"https:\/\/archive.fo\/hefIi\">350 milion\u00eb dollar\u00eb<\/a> ndihm\u00eb t\u00eb re ushtarake p\u00ebr Ukrain\u00ebn q\u00eb SHBA njoftoi n\u00eb fundjav\u00eb.<\/span><\/li>\n<li><span style=\"color: #000000;\">Mbi<a style=\"color: #000000;\" href=\"https:\/\/news.antiwar.com\/2022\/02\/24\/over-1000-arrested-in-antiwar-protests-across-russia\/\"> 1000 protestues<\/a> kund\u00ebr luft\u00ebs jan\u00eb arrestuar n\u00eb Rusi p\u00ebr krimin e pohimit se \u2018Ukraina nuk \u00ebsht\u00eb armiku yn\u00eb\u2019 dhe se \u2018Askush nuk ka nevoj\u00eb p\u00ebr k\u00ebt\u00eb luft\u00eb\u2019.<\/span><\/li>\n<li><span style=\"color: #000000;\">Rusia ka k\u00ebrc\u00ebnuar <a style=\"color: #000000;\" href=\"https:\/\/twitter.com\/Femi_Sorry\/status\/1497217148267253760?ref_src=twsrc%5Etfw%7Ctwcamp%5Etweetembed%7Ctwterm%5E1497217148267253760%7Ctwgr%5E%7Ctwcon%5Es1_&amp;ref_url=https%3A%2F%2Fwww.foxnews.com%2Fworld%2Frussia-finland-sweden-nato\">Suedin\u00eb dhe Finland\u00ebn<\/a> me \u2018pasoja ushtarake dhe politike\u2019 n\u00ebse an\u00ebtar\u00ebsohen n\u00eb NATO.<\/span><\/li>\n<li><span style=\"color: #000000;\">Nj\u00eb varg sanksionesh gjithnj\u00eb e m\u00eb t\u00eb r\u00ebnda tani ka arritur kulmin me <a style=\"color: #000000;\" href=\"https:\/\/english.kyodonews.net\/news\/2022\/02\/3e72a795921d-urgent-us-eu-to-exclude-some-russian-banks-from-key-intl-payment-system.html\">heqjen nga lista<\/a> t\u00eb disa bankave ruse ende t\u00eb paidentifikuara nga sistemi i pagesave SWIFT (shih k\u00ebt\u00eb dhe k\u00ebt\u00eb p\u00ebr sfond dhe detaje) dhe madje edhe<a style=\"color: #000000;\" href=\"https:\/\/www.zerohedge.com\/geopolitical\/devastating-move-us-weighs-sanctions-russias-central-bank-germany-backs-targeted\"> sanksionimin e vet\u00eb bank\u00ebs qendrore ruse,<\/a> nj\u00eb l\u00ebvizje q\u00eb pritet t\u00eb ket\u00eb \u2018nj\u00eb efekt dramatik n\u00eb ekonomin\u00eb ruse dhe sistemin e saj bankar, t\u00eb ngjash\u00ebm me at\u00eb q\u00eb pam\u00eb n\u00eb 1991\u2019.<\/span><\/li>\n<\/ul>\n<p><span style=\"color: #000000;\">Sa p\u00ebr l\u00ebvizjet e fundit t\u00eb trupave dhe raportet e betej\u00ebs: mos besoni asgj\u00eb q\u00eb lexoni. Gjysma e tyre jan\u00eb<a style=\"color: #000000;\" href=\"https:\/\/off-guardian.org\/2022\/02\/27\/7-fake-news-stories-coming-out-of-ukraine\/\"> lajme t\u00eb rreme<\/a> t\u00eb ilustruara nga pamjet e mir\u00ebfillta t\u00eb loj\u00ebrave video dhe, si\u00e7 e dim\u00eb t\u00eb gjith\u00eb, <a style=\"color: #000000;\" href=\"https:\/\/www.moonofalabama.org\/2022\/02\/disarming-ukraine-day-4.html\">viktima e par\u00eb e luft\u00ebs \u00ebsht\u00eb e v\u00ebrteta<\/a>.<\/span><\/p>\n<p><span style=\"color: #000000;\">Si\u00e7 them un\u00eb, k\u00ebto ngjarje po shpalosen \u00e7do or\u00eb, dhe situata n\u00eb terren pa dyshim do t\u00eb jet\u00eb e ndryshme deri n\u00eb momentin q\u00eb po i lexoni k\u00ebto fjal\u00eb. Pra, k\u00ebtu jan\u00eb pyetjet m\u00eb t\u00eb r\u00ebnd\u00ebsishme: \u00c7far\u00eb do t\u00eb thot\u00eb kjo? Pse po ndodh? Kush \u00ebsht\u00eb agresori k\u00ebtu? Dhe kush \u00ebsht\u00eb \u2018djali i keq\u2019?<\/span><\/p>\n<p><span style=\"color: #000000;\"><strong><img loading=\"lazy\" decoding=\"async\" class=\"aligncenter size-full wp-image-508018\" src=\"https:\/\/www.hashtag.al\/wp-content\/uploads\/2022\/03\/https___bucketeer-e05bbc84-baa3-437e-9518-adb32be77984.s3.amazonaws.com_public_images_68a67625-563a-49b8-b4ce-02f8c1434c5d_883x1024.jpeg\" alt=\"\" width=\"883\" height=\"1024\" srcset=\"https:\/\/www.hashtag.al\/wp-content\/uploads\/2022\/03\/https___bucketeer-e05bbc84-baa3-437e-9518-adb32be77984.s3.amazonaws.com_public_images_68a67625-563a-49b8-b4ce-02f8c1434c5d_883x1024.jpeg 883w, https:\/\/www.hashtag.al\/wp-content\/uploads\/2022\/03\/https___bucketeer-e05bbc84-baa3-437e-9518-adb32be77984.s3.amazonaws.com_public_images_68a67625-563a-49b8-b4ce-02f8c1434c5d_883x1024-259x300.jpeg 259w, https:\/\/www.hashtag.al\/wp-content\/uploads\/2022\/03\/https___bucketeer-e05bbc84-baa3-437e-9518-adb32be77984.s3.amazonaws.com_public_images_68a67625-563a-49b8-b4ce-02f8c1434c5d_883x1024-768x891.jpeg 768w\" sizes=\"auto, (max-width: 883px) 100vw, 883px\" \/><\/strong><\/span><\/p>\n<p><span style=\"color: #000000;\"><strong>Prapaskena<\/strong><\/span><\/p>\n<p><span style=\"color: #000000;\">P\u00ebrgjigjet e k\u00ebtyre pyetjeve (\u2018\u00c7far\u00eb do t\u00eb thot\u00eb kjo? Pse po ndodh? Kush \u00ebsht\u00eb agresori k\u00ebtu? Dhe kush \u00ebsht\u00eb \u2018djali i keq?\u2019) jan\u00eb krejt\u00ebsisht t\u00eb drejtp\u00ebrdrejta n\u00ebse nuk keni fat t\u00eb mjaftuesh\u00ebm p\u00ebr t\u00eb marr\u00eb t\u00eb gjitha lajmet dhe informacionet tuaja nga mediat e establishmentit: Putini \u00ebsht\u00eb nj\u00eb psikopat jasht\u00ebzakonisht i lig, populli rus ka d\u00ebshir\u00eb p\u00ebr gjakderdhje dhe e gjith\u00eb kjo \u00ebsht\u00eb pjes\u00eb e nj\u00eb hapi m\u00eb t\u00eb madh t\u00eb rus\u00ebve mashtrues p\u00ebr t\u00eb formuar nj\u00eb Perandori Novorossiyan.<\/span><\/p>\n<p><span style=\"color: #000000;\">Nuk \u00ebsht\u00eb e v\u00ebshtir\u00eb t\u00eb kuptosh pse \u00ebsht\u00eb k\u00ebshtu. Sepse, n\u00ebse d\u00ebgjoni vet\u00ebm \u2018zogjt\u00eb p\u00ebrqesh\u00ebs\u2019 t\u00eb medias mainstream, ju besoni se historia e marr\u00ebdh\u00ebnieve ruso-ukrainase filloi n\u00eb vitin 2014, kur Rusia \u2018pushtoi\u2019 Krimen\u00eb. <\/span><\/p>\n<p><span style=\"color: #000000;\">Ju keni d\u00ebgjuar nga kjo media e lajmeve t\u00eb rreme se Rusia thjesht vendosi t\u00eb marshonte n\u00eb Ukrain\u00eb n\u00eb vitin 2014, t\u00eb aneksonte nj\u00eb pjes\u00eb t\u00eb Ukrain\u00ebs dhe m\u00eb pas t\u00eb tallte komunitetin nd\u00ebrkomb\u00ebtar p\u00ebr vite me radh\u00eb duke e vendosur ushtrin\u00eb e saj gjithnj\u00eb e m\u00eb af\u00ebr bazave t\u00eb NATO-s.<\/span><\/p>\n<p><span style=\"color: #000000;\">N\u00eb t\u00eb v\u00ebrtet\u00eb, n\u00ebse do t\u00eb merrje me vler\u00eb gjith\u00e7ka t\u00eb paraqitur n\u00eb k\u00ebt\u00eb narrativ\u00eb t\u00eb \u2018Ekipit t\u00eb NATO-s\u2019, k\u00ebto ngjarje jan\u00eb t\u00eb shpalosura si asgj\u00eb tjet\u00ebr ve\u00e7se nj\u00eb akt agresioni t\u00eb paprovokuar nga Putini dhe rus\u00ebt.<\/span><\/p>\n<p><span style=\"color: #000000;\">Por, si\u00e7 e vura re n\u00eb episodin tim t\u00eb fundit <a style=\"color: #000000;\" href=\"https:\/\/www.corbettreport.com\/qfc084-ukraine\/\">\u2018Pyetjet p\u00ebr Corbett mbi k\u00ebt\u00eb kriz\u00eb\u2019<\/a>, kuptimi juaj i historis\u00eb varet t\u00ebr\u00ebsisht nga vendi ku \u2018e filloni or\u00ebn\u2019 n\u00eb historin\u00eb e ngjarjeve t\u00eb fundit. N\u00ebse e keni nisur or\u00ebn m\u00eb 24 shkurt 2022, at\u00ebher\u00eb \u00e7\u00ebshtja \u00ebsht\u00eb e thjesht\u00eb: rus\u00ebt papritmas i shpall\u00ebn luft\u00eb Ukrain\u00ebs dhe filluan nj\u00eb pushtim<a style=\"color: #000000;\" href=\"https:\/\/www.whitehouse.gov\/briefing-room\/speeches-remarks\/2022\/02\/24\/remarks-by-president-biden-on-russias-unprovoked-and-unjustified-attack-on-ukraine\/\"> \u2018t\u00eb paprovokuar dhe t\u00eb pajustifikuar\u2019<\/a> t\u00eb atij vendi.<\/span><\/p>\n<p><span style=\"color: #000000;\">Por pse t\u00eb mos filloni or\u00ebn m\u00eb 19 shkurt 2022, kur presidenti ukrainas Zelensky <a style=\"color: #000000;\" href=\"https:\/\/www.dailywire.com\/news\/president-zelensky-suggests-ukraine-may-pursue-nuclear-weapons-to-counter-russia-putin-responds\">zbuloi synimet<\/a> e tij p\u00ebr ta b\u00ebr\u00eb Ukrain\u00ebn nj\u00eb fuqi b\u00ebrthamore n\u00eb kund\u00ebrshtim me Memorandumin e Budapestit t\u00eb vitit 1994, kur n\u00ebnpresidentja e SHBA Kamala Harris akuzoi Rusin\u00eb p\u00ebr p\u00ebrhapjen e g\u00ebnjeshtrave dhe dezinformatave p\u00ebrpara se t\u00eb k\u00ebrc\u00ebnonte me<a style=\"color: #000000;\" href=\"https:\/\/archive.is\/0wA9O\"> \u2018sanksione t\u00eb paprecedenta<\/a>\u2019 n\u00ebse Rusia \u2018m\u00eb tej\u2019 pushton Ukrain\u00ebn dhe kur kancelari gjerman Olaf Scholz <a style=\"color: #000000;\" href=\"https:\/\/gettotext.com\/munich-security-conference-scholz-i-refuse-to-take-putin-at-his-word\/\">qortoi Putinin dhe rus\u00ebt<\/a> p\u00ebr veprimet e tyre agresive dhe hodhi posht\u00eb pretendimet p\u00ebr gjenocid kund\u00ebr popullit rusishtfol\u00ebs t\u00eb Donbasit si \u2018qesharake, p\u00ebr ta th\u00ebn\u00eb k\u00ebshtu tro\u00e7\u2019? A nuk do t\u00eb ofronin k\u00ebto tre deklarata nj\u00eb perspektiv\u00eb t\u00eb ndryshme nga e cila mund t\u00eb shihen k\u00ebto ngjarje?<\/span><\/p>\n<p><span style=\"color: #000000;\">Pse t\u00eb ndalemi k\u00ebtu? Pse t\u00eb mos filloni or\u00ebn n\u00eb janar, kur<a style=\"color: #000000;\" href=\"https:\/\/exbulletin.com\/world\/international\/1455641\/\"> transporti i paprecedent\u00eb<\/a> ajror i qindra miliona dollar\u00ebve arm\u00eb dhe municione filloi t\u00eb mb\u00ebrrinte n\u00eb Ukrain\u00eb?<\/span><\/p>\n<p><span style=\"color: #000000;\">Apo si thua t\u00eb kthehesh shtatorin e kaluar, gjat\u00eb st\u00ebrvitjeve t\u00eb p\u00ebrbashk\u00ebta ushtarake <a style=\"color: #000000;\" href=\"https:\/\/archive.is\/j6i4M\">Ukrain\u00eb-NATO?<\/a><\/span><\/p>\n<p><span style=\"color: #000000;\">Apo ndoshta duhet ta fillojm\u00eb historin\u00eb n\u00eb shkurt 2014, kur parlamenti ukrainas miratoi ligjin (<a style=\"color: #000000;\" href=\"https:\/\/www.huffingtonpost.co.uk\/david-morrison\/president-yanukovych_b_7647102.html\">jokushtetues<\/a>) p\u00ebr t\u00eb hequr Viktor Janukovi\u00e7 nga presidenca e tij?<\/span><\/p>\n<p><span style=\"color: #000000;\">Pse t\u00eb mos i kthehemi zjarrit me snajper n\u00eb sheshin Maidan m\u00eb von\u00eb at\u00eb muaj, i cili, si\u00e7 u<a style=\"color: #000000;\" href=\"https:\/\/www.academia.edu\/8776021\/The_Snipers_Massacre_on_the_Maidan_in_Ukraine\"> tregua m\u00eb von\u00eb,<\/a> u koordinua nga opozita p\u00ebr t\u00eb mbjell\u00eb kaos dhe p\u00ebr t\u00eb korrur vorbull\u00ebn e ndryshimit t\u00eb regjimit?<\/span><\/p>\n<p><span style=\"color: #000000;\">Pastaj p\u00ebrs\u00ebri, ne mund ta kthejm\u00eb mendjen te telefonata fam\u00ebkeqe e Victoria Nuland-it <a style=\"color: #000000;\" href=\"https:\/\/www.youtube.com\/watch?v=CL_GShyGv3o\">\u2018T\u00eb qi*sha BE-n\u00eb\u2019<\/a> n\u00eb t\u00eb cil\u00ebn ajo, si Ndihm\u00ebs Sekretare e at\u00ebhershme e SHBA-s\u00eb, nd\u00ebrtoi qeverin\u00eb ukrainase pas grushtit t\u00eb shtetit me ambasadorin e SHBA-s\u00eb n\u00eb Ukrain\u00eb, Geoffrey R. Pyatt. .<\/span><\/p>\n<p><span style=\"color: #000000;\">Ose mund t\u00eb kthehemi n\u00eb vitin 2013, kur Nuland pranoi se SHBA kishte shpenzuar 5 miliard\u00eb dollar\u00eb p\u00ebr aktivitetet e \u2018promovimit t\u00eb demokracis\u00eb\u2019 n\u00eb Ukrain\u00eb.<\/span><\/p>\n<p><span style=\"color: #000000;\">Por ndoshta ora nis m\u00eb s\u00eb miri n\u00eb vitin 1990, kur Sekretari amerikan i Shtetit James Baker i premtoi Mikhail Gorba\u00e7ovit se NATO nuk do t\u00eb zgjerohej \u2018<a style=\"color: #000000;\" href=\"https:\/\/nsarchive.gwu.edu\/briefing-book\/russia-programs\/2017-12-12\/nato-expansion-what-gorbachev-heard-western-leaders-early\">asnj\u00eb centimet\u00ebr drejt lindjes<\/a>\u2019 pas ribashkimit t\u00eb Gjermanis\u00eb dhe kur diplomati gjerman J\u00fcrgen Chrobog <a style=\"color: #000000;\" href=\"https:\/\/news.antiwar.com\/2022\/02\/21\/uncovered-document-reveals-soviet-union-was-promised-no-nato-expansion-at-end-of-cold-war\/\">siguroi rus\u00ebt<\/a> \u2018se ne nuk do t\u00eb zgjerohemi p\u00ebrtej lumit Elb\u00eb\u2019.<\/span><\/p>\n<p><span style=\"color: #000000;\">Apo duhet ta fillojm\u00eb narrativ\u00ebn n\u00eb Luft\u00ebn e Dyt\u00eb Bot\u00ebrore, kur Bandera dhe v\u00ebllez\u00ebrit e tij nacionalist\u00eb ukrainas bashk\u00ebpunuan me nazist\u00ebt n\u00eb nj\u00eb p\u00ebrpjekje p\u00ebr t\u00eb ruajtur pavar\u00ebsin\u00eb nga Rusia?<\/span><\/p>\n<p><span style=\"color: #000000;\">Ose ndoshta duhet t\u00eb kthehemi te Holodomor, kur Stalini q\u00ebllimisht vrau urie mbi tre milion\u00eb ukrainas si pjes\u00eb e nj\u00eb p\u00ebrpjekjeje p\u00ebr t\u00eb shtypur l\u00ebvizjet nacionaliste ukrainase.<\/span><\/p>\n<p><span style=\"color: #000000;\">Ose n\u00eb vitin 1918, kur, <a style=\"color: #000000;\" href=\"https:\/\/archive.is\/IzbpA\">sipas Putinit<\/a>, shteti modern i Ukrain\u00ebs u krijua nga Lenini, i cili hodhi posht\u00eb k\u00ebrkes\u00ebn e Republik\u00ebs Sovjetike Rog Donetsk-Krivoy p\u00ebr t&#8217;u p\u00ebrfshir\u00eb n\u00eb Rusin\u00eb Sovjetike si nj\u00eb entitet m\u00eb vete, dhe n\u00eb vend t\u00eb k\u00ebsaj k\u00ebmb\u00ebnguli q\u00eb \u2018nj\u00eb qeveri p\u00ebr t\u00eb gjith\u00eb Ukrain\u00ebn\u2019 t\u00eb krijohet.<\/span><\/p>\n<p><span style=\"color: #000000;\">Ose mbase duhet ta nisim or\u00ebn n\u00eb shekullin e 11-t\u00eb, kur federata Kievan Rus arriti shtrirjen e saj m\u00eb t\u00eb madhe n\u00ebn <a style=\"color: #000000;\" href=\"https:\/\/archive.is\/20WpY\">Jaroslav t\u00eb Urtin<\/a>.<\/span><\/p>\n<p><span style=\"color: #000000;\">Si\u00e7 mund ta shihni, pik\u00ebpamja e t\u00eb gjith\u00ebve p\u00ebr historin\u00eb \u00ebsht\u00eb e ngjyrosur nga konteksti n\u00eb t\u00eb cilin ata e shohin at\u00eb histori dhe formohet nga sa larg n\u00eb histori duan t\u00eb shkojn\u00eb dhe nga \u00e7far\u00eb ngjarjesh duan t\u00eb zgjedhin nga ajo histori p\u00ebr t\u00eb folur p\u00ebr rastin e tyre.<\/span><\/p>\n<p><span style=\"color: #000000;\">Duke th\u00ebn\u00eb k\u00ebt\u00eb, \u00ebsht\u00eb e leht\u00eb t\u00eb shihet se narrativa kryesore se &#8220;Rusia po pushton sepse Putin \u00ebsht\u00eb Hitleri&#8221; \u00ebsht\u00eb nj\u00eb histori agresive idiote q\u00eb mund t\u00eb g\u00eblltitet vet\u00ebm nga njer\u00ebzit m\u00eb injorant\u00eb historikisht n\u00eb planet (dmth. ata q\u00eb marrin lajmet e tyre nga CNN).<\/span><\/p>\n<p><span style=\"color: #000000;\">\u00cbsht\u00eb shum\u00eb m\u00eb realiste t\u00eb theksohet se veprimet e Rusis\u00eb duhen par\u00eb n\u00eb drit\u00ebn e historis\u00eb s\u00eb dokumentuar t\u00eb agresionit dhe nd\u00ebrhyrjes s\u00eb NATO-s n\u00eb Ukrain\u00eb dhe t\u00eb p\u00ebrpjekjes s\u00eb pamohueshme t\u00eb NATO-s p\u00ebr t\u00eb mb\u00ebshtetur qeverin\u00eb e mb\u00ebshtetur nga per\u00ebndimi n\u00eb fushat\u00ebn e Kievit p\u00ebr t\u00eb masakruar rusishtfol\u00ebsit e vendit n\u00eb rajonn e Donbasit.<\/span><\/p>\n<p><span style=\"color: #000000;\">Pra, \u00e7\u00ebshtja u mbyll, apo jo? Putini \u00ebsht\u00eb njeriu i mir\u00eb dhe ai po i kund\u00ebrvihet globalist\u00ebve. Misteri zgjidhet.<\/span><\/p>\n<p><span style=\"color: #000000;\">Por prit. Nuk \u00ebsht\u00eb aq e thjesht\u00eb&#8230;<\/span><\/p>\n<p><span style=\"color: #000000;\"><strong><img loading=\"lazy\" decoding=\"async\" class=\"aligncenter size-full wp-image-508019\" src=\"https:\/\/www.hashtag.al\/wp-content\/uploads\/2022\/03\/https___bucketeer-e05bbc84-baa3-437e-9518-adb32be77984.s3.amazonaws.com_public_images_d29d541b-bb62-4ea4-8e74-e2810be6c9bb_852x480.jpeg\" alt=\"\" width=\"852\" height=\"480\" srcset=\"https:\/\/www.hashtag.al\/wp-content\/uploads\/2022\/03\/https___bucketeer-e05bbc84-baa3-437e-9518-adb32be77984.s3.amazonaws.com_public_images_d29d541b-bb62-4ea4-8e74-e2810be6c9bb_852x480.jpeg 852w, https:\/\/www.hashtag.al\/wp-content\/uploads\/2022\/03\/https___bucketeer-e05bbc84-baa3-437e-9518-adb32be77984.s3.amazonaws.com_public_images_d29d541b-bb62-4ea4-8e74-e2810be6c9bb_852x480-300x169.jpeg 300w, https:\/\/www.hashtag.al\/wp-content\/uploads\/2022\/03\/https___bucketeer-e05bbc84-baa3-437e-9518-adb32be77984.s3.amazonaws.com_public_images_d29d541b-bb62-4ea4-8e74-e2810be6c9bb_852x480-768x433.jpeg 768w\" sizes=\"auto, (max-width: 852px) 100vw, 852px\" \/><\/strong><\/span><\/p>\n<p><span style=\"color: #000000;\"><strong>Shahu 2D \u00ebsht\u00eb p\u00ebr humb\u00ebsit<\/strong><\/span><\/p>\n<p><span style=\"color: #000000;\">Nuk ka asgj\u00eb m\u00eb t\u00eb k\u00ebnaqshme se tregimi i nj\u00eb djali t\u00eb mir\u00eb\/djalosh t\u00eb keq. Ne e kemi p\u00ebrvet\u00ebsuar kaq shum\u00eb k\u00ebt\u00eb form\u00eb t\u00eb tregimit sa p\u00ebr shum\u00eb \u00ebsht\u00eb pothuajse e pamundur t\u00eb mos e shohin bot\u00ebn n\u00eb k\u00ebto terma. Dy persona po zihen. Nj\u00ebri prej tyre \u00ebsht\u00eb nj\u00eb djal\u00eb i keq. Prandaj, tjetri \u00ebsht\u00eb nj\u00eb djal\u00eb i mir\u00eb.<\/span><\/p>\n<p><span style=\"color: #000000;\">Problemi vjen kur ne p\u00ebrpiqemi t\u00eb hartojm\u00eb at\u00eb histori t\u00eb thjesht\u00eb, binare, bardh e zi n\u00eb ngjarjet e bot\u00ebs reale. P\u00ebr cilin \u2018djal\u00eb\u2019 e keni fjal\u00ebn? A besoni akoma se Putini \u00ebsht\u00eb Rusia? Kjo \u00ebsht\u00eb po aq absurde sa t\u00eb thuash se Biden \u00ebsht\u00eb NATO (apo edhe SHBA). Dhe a mund t\u00eb kalojm\u00eb kaq leht\u00eb nga e keqja e NATO-s n\u00eb t\u00eb mir\u00ebn e BRICS?<\/span><\/p>\n<p><span style=\"color: #000000;\">Epo, n\u00ebse m\u00eb keni d\u00ebgjuar gjat\u00eb nj\u00eb dekade e gjysm\u00eb t\u00eb fundit, do ta dini se nuk \u00ebsht\u00eb aq e leht\u00eb. <a style=\"color: #000000;\" href=\"https:\/\/www.corbettreport.com\/phoney-opposition-the-truth-about-the-brics\/\">BRICS jan\u00eb opozita<\/a> e kontrolluar. <a style=\"color: #000000;\" href=\"https:\/\/www.corbettreport.com\/episode-290-the-enemy-of-my-enemy\/\">Putin<\/a> dhe <a style=\"color: #000000;\" href=\"https:\/\/www.corbettreport.com\/meet-xi-jinping-president-for-life\/\">Xi<\/a> jan\u00eb t\u00eb dy bandit\u00eb tiran\u00eb. Qeveria kineze dhe ajo ruse duan t\u00eb kontrollojn\u00eb qytetar\u00ebt e tyre n\u00eb \u00e7do <a style=\"color: #000000;\" href=\"https:\/\/www.corbettreport.com\/from-xi-thought-to-superpower-what-you-need-to-know-about-chinas-national-congress\/\">mendim<\/a>, <a style=\"color: #000000;\" href=\"https:\/\/www.corbettreport.com\/interview-1430-new-world-next-week-with-james-evan-pilato\/\">fjalim<\/a> dhe <a style=\"color: #000000;\" href=\"https:\/\/www.corbettreport.com\/china-banning-people-from-transit-for-bad-social-credit-scores\/\">veprim<\/a> dhe kund\u00ebrshtimi i tyre i supozuar ndaj perandoris\u00eb globaliste \u00ebsht\u00eb nj\u00eb shp\u00ebrqendrim i q\u00eb fsheh faktin se ata jan\u00eb <a style=\"color: #000000;\" href=\"https:\/\/www.corbettreport.com\/episode-369-globalization-is-dead-long-live-the-new-world-order\/\">absolutisht n\u00eb bord me axhend\u00ebn e kontrolli bot\u00ebror.<\/a><\/span><\/p>\n<p><span style=\"color: #000000;\">Apo jeni tipi i personit q\u00eb shikoni <a style=\"color: #000000;\" href=\"https:\/\/www.technocracy.news\/world-economic-forums-young-global-leaders-revealed\/\">klipin e Schwab-it<\/a> duke u mburrur p\u00ebr t\u00eb gjitha kabinetet ku Forumi Ekonomik Bot\u00ebror ka \u2018dep\u00ebrtuar\u2019 n\u00ebp\u00ebr bot\u00eb pa v\u00ebn\u00eb re se personi i dyt\u00eb q\u00eb ai rendit n\u00eb stall\u00ebn e tij t\u00eb bashk\u00ebpun\u00ebtor\u00ebve t\u00eb WEF (World Economic Forum) \u00ebsht\u00eb Vladimir Putin?<\/span><\/p>\n<p><span style=\"color: #000000;\"><img loading=\"lazy\" decoding=\"async\" class=\"aligncenter size-full wp-image-508020\" src=\"https:\/\/www.hashtag.al\/wp-content\/uploads\/2022\/03\/https___bucketeer-e05bbc84-baa3-437e-9518-adb32be77984.s3.amazonaws.com_public_images_f02cd825-f073-4f77-8217-e91883309bde_1024x758.png\" alt=\"\" width=\"1024\" height=\"758\" srcset=\"https:\/\/www.hashtag.al\/wp-content\/uploads\/2022\/03\/https___bucketeer-e05bbc84-baa3-437e-9518-adb32be77984.s3.amazonaws.com_public_images_f02cd825-f073-4f77-8217-e91883309bde_1024x758.png 1024w, https:\/\/www.hashtag.al\/wp-content\/uploads\/2022\/03\/https___bucketeer-e05bbc84-baa3-437e-9518-adb32be77984.s3.amazonaws.com_public_images_f02cd825-f073-4f77-8217-e91883309bde_1024x758-300x222.png 300w, https:\/\/www.hashtag.al\/wp-content\/uploads\/2022\/03\/https___bucketeer-e05bbc84-baa3-437e-9518-adb32be77984.s3.amazonaws.com_public_images_f02cd825-f073-4f77-8217-e91883309bde_1024x758-768x569.png 768w\" sizes=\"auto, (max-width: 1024px) 100vw, 1024px\" \/><\/span><\/p>\n<p><span style=\"color: #000000;\">A jeni tipi i personit q\u00eb me leht\u00ebsi harron se si ta kuptoj\u00eb kur Xi dhe Putin <a style=\"color: #000000;\" href=\"https:\/\/web.archive.org\/web\/20220224044605\/http:\/\/en.kremlin.ru\/supplement\/5770\">l\u00ebshojn\u00eb dokumente q\u00eb lart\u00ebsojn\u00eb krijimin e Rendit t\u00eb Ri Bot\u00ebror<\/a> q\u00eb u b\u00ebjn\u00eb thirrje t\u00eb gjitha shteteve \u2018t\u00eb mbrojn\u00eb arkitektur\u00ebn nd\u00ebrkomb\u00ebtare t\u00eb drejtuar nga Kombet e Bashkuara\u2019 dhe deklarojn\u00eb se \u2018Me q\u00ebllim q\u00eb t\u00eb t\u00eb p\u00ebrshpejtoj\u00eb zbatimin e Agjend\u00ebs s\u00eb OKB-s\u00eb 2030 p\u00ebr Zhvillim t\u00eb Q\u00ebndruesh\u00ebm\u2019, shtetet do t\u00eb duhet \u2018t\u00eb nd\u00ebrmarrin hapa praktik\u00eb n\u00eb fushat ky\u00e7e t\u00eb bashk\u00ebpunimit\u2019 si \u2018vaksinat dhe kontrolli i epidemive, financimi p\u00ebr zhvillimin, ndryshimet klimatike, zhvillimi i q\u00ebndruesh\u00ebm, duke p\u00ebrfshir\u00eb zhvillimin e gjelb\u00ebr, industrializimin, ekonomin\u00eb dixhitale dhe lidhjen e infrastruktur\u00ebs\u2019?<\/span><\/p>\n<p><span style=\"color: #000000;\">Jeni tipi i personit q\u00eb harron vazhdimisht se Vladimir Putin \u00ebsht\u00eb <a style=\"color: #000000;\" href=\"https:\/\/www.rt.com\/news\/331194-putin-meets-friend-kissinger\/\">mik i ngusht\u00eb personal me Henry Kissinger?<\/a><\/span><\/p>\n<p><span style=\"color: #000000;\"><img loading=\"lazy\" decoding=\"async\" class=\"aligncenter size-full wp-image-508021\" src=\"https:\/\/www.hashtag.al\/wp-content\/uploads\/2022\/03\/https___bucketeer-e05bbc84-baa3-437e-9518-adb32be77984.s3.amazonaws.com_public_images_ed798ec9-f6cd-4b58-93e1-d14735b93431_517x354.jpeg\" alt=\"\" width=\"517\" height=\"354\" srcset=\"https:\/\/www.hashtag.al\/wp-content\/uploads\/2022\/03\/https___bucketeer-e05bbc84-baa3-437e-9518-adb32be77984.s3.amazonaws.com_public_images_ed798ec9-f6cd-4b58-93e1-d14735b93431_517x354.jpeg 517w, https:\/\/www.hashtag.al\/wp-content\/uploads\/2022\/03\/https___bucketeer-e05bbc84-baa3-437e-9518-adb32be77984.s3.amazonaws.com_public_images_ed798ec9-f6cd-4b58-93e1-d14735b93431_517x354-300x205.jpeg 300w\" sizes=\"auto, (max-width: 517px) 100vw, 517px\" \/><\/span><\/p>\n<p><span style=\"color: #000000;\">A jeni tipi i personit q\u00eb beson se <a style=\"color: #000000;\" href=\"https:\/\/edwardslavsquat.substack.com\/p\/sputnik-v-is-a-scam?utm_source=url\">vaksina ruse p\u00ebr COVID<\/a> \u00ebsht\u00eb lloji i mir\u00eb i vaksin\u00ebs dhe <a style=\"color: #000000;\" href=\"https:\/\/edwardslavsquat.substack.com\/p\/belarus-adopts-russia-backed-vax?utm_source=url\">pasaportat e vaksinave ruse<\/a> jan\u00eb lloji i mir\u00eb i pasaportave t\u00eb vaksin\u00ebs dhe<a style=\"color: #000000;\" href=\"https:\/\/edwardslavsquat.substack.com\/p\/war-wont-stop-russias-covid-clown?utm_source=url\"> shfaqja ruse e klloun\u00ebve<\/a> p\u00ebr COVID \u00ebsht\u00eb lloji i mir\u00eb i shfaqjes s\u00eb klloun\u00ebve p\u00ebr COVID?<\/span><\/p>\n<p><span style=\"color: #000000;\">Jeni tipi i personit q\u00eb beson se pushtimet parandaluese t\u00eb vendeve t\u00eb huaja jan\u00eb t\u00eb mira kur ato b\u00ebhen nga njer\u00ebz t\u00eb mir\u00eb p\u00ebr arsye t\u00eb mira dhe se njer\u00ebzit q\u00eb vdesin n\u00eb operacione t\u00eb tilla jan\u00eb thjesht d\u00ebm kolateral (t\u00eb cil\u00ebt ndoshta meritonin t\u00eb vdisnin gjithsesi)?<\/span><\/p>\n<p><span style=\"color: #000000;\">Un\u00eb nuk e di p\u00ebr ju, por un\u00eb nuk jam ai lloj personi. E v\u00ebrteta e trishtueshme p\u00ebr ata q\u00eb ende presin q\u00eb \u2018Kalor\u00ebsi mbi Kalin e Bardh\u00eb\u2019 t&#8217;u jap\u00eb rregullimin e tij p\u00ebr <a style=\"color: #000000;\" href=\"https:\/\/www.corbettreport.com\/hopium\/\">Hopium<\/a> \u00ebsht\u00eb se Putini \u00ebsht\u00eb nj\u00eb \u2018kryqtar antiglobalist\u2019 n\u00eb t\u00eb nj\u00ebjt\u00ebn m\u00ebnyr\u00eb si Donald Trump \u00ebsht\u00eb nj\u00eb \u2018kryqtar antiglobalist\u2019, q\u00eb do t\u00eb thot\u00eb, aspak n\u00eb fakt. <\/span><\/p>\n<p><span style=\"color: #000000;\">Sepse n\u00ebse jeni ende duke pritur mbi aktakuzat e vulosura dhe flet\u00ebt e votimit me filigram\u00eb dhe Vladimirin e Madh p\u00ebr t\u00eb ngacmuar \u2018karron e moll\u00ebve globaliste\u2019, ju ende nuk e keni kuptuar natyr\u00ebn e sistemit globalist.<\/span><\/p>\n<p><span style=\"color: #000000;\"><strong>P\u00ebfundimi<\/strong><\/span><\/p>\n<p><span style=\"color: #000000;\">E v\u00ebrteta e pak\u00ebndshme, si gjithmon\u00eb, \u00ebsht\u00eb se lufta nuk ka filluar tani. Ka vazhduar prej brezash. Dhe kjo nuk \u00ebsht\u00eb nj\u00eb luft\u00eb e kombit kund\u00ebr kombit, apo \u2018kryqtar\u00ebt antiglobalist\u00eb\u2019 trima si t\u00eb atyre t\u00eb lidhur me Forumin Ekonomik Bot\u00ebror \u2018WEF\u2019, promovues t\u00eb biosiguris\u00eb, kund\u00ebrshtar politikvras\u00ebs t\u00eb Vladimir Putinit kund\u00ebr struktur\u00ebs globale t\u00eb kontrollit. \u00cbsht\u00eb nj\u00eb luft\u00eb globale kund\u00ebr jush. N\u00eb mas\u00ebn q\u00eb po zhvillohen luft\u00ebra midis elitist\u00ebve, ato po zhvillohen vet\u00ebm p\u00ebr t\u00eb p\u00ebrcaktuar se cili grup elitist\u00ebsh do t\u00eb sundoj\u00eb mbi ju dhe n\u00eb \u00e7far\u00eb m\u00ebnyre.<\/span><\/p>\n<p><span style=\"color: #000000;\">Tani m\u00eb shum\u00eb se kurr\u00eb, \u00ebsht\u00eb e r\u00ebnd\u00ebsishme p\u00ebr ata prej nesh q\u00eb i kan\u00eb shp\u00ebtuar kurthit t\u00eb narrativ\u00ebs kryesore nga \u2018Ekipi i NATO-s\u2019 t\u00eb refuzojn\u00eb kurthin e narrativ\u00ebs \u2018alternative\u2019 nga \u2018Ekipi BRICS\u2019 dhe t\u00eb rikthejm\u00eb sovranitetin ton\u00eb personal. Zgjedhja midis dy krah\u00ebve t\u00eb t\u00eb nj\u00ebjtit \u2018zog grabitqar\u2019 nuk \u00ebsht\u00eb aspak zgjedhje. Ose, p\u00ebr ta th\u00ebn\u00eb n\u00eb nj\u00eb m\u00ebnyr\u00eb m\u00eb t\u00eb njohur: <em>&#8220;\u00cbsht\u00eb nj\u00eb klub i madh, dhe ju nuk jeni n\u00eb t\u00eb.&#8221;<\/em><\/span><\/p>\n<p><span style=\"color: #000000;\">Pra, le t\u00eb mbajm\u00eb n\u00eb mendje sfondin e v\u00ebrtet\u00eb t\u00eb k\u00ebtyre ngjarjeve nd\u00ebrsa shikojm\u00eb k\u00ebt\u00eb spektak\u00ebl ushtarak t\u00eb luajtur n\u00eb ekranet e kompjuter\u00ebve tan\u00eb dhe le t\u00eb shmangim brohoritjet p\u00ebr ushtrin\u00eb e nj\u00eb dege apo tjetr\u00ebs t\u00eb klas\u00ebs elitiste globale.<\/span><\/p>\n<p><span style=\"color: #000000;\">Pasi tham\u00eb t\u00eb gjitha k\u00ebto, le t\u00eb sjellim pak \u2018shaka\u2019 n\u00eb fund t\u00eb k\u00ebtij diskutimi shum\u00eb serioz.<a style=\"color: #000000;\" href=\"https:\/\/www.foxnews.com\/politics\/john-kerry-russia-ukraine-war-climate-change\"> Ju prezantoj<\/a> \u2018Momentin e Zen\u2019 nga vampiri i preferuar i t\u00eb gjith\u00ebve nga establishmenti amerikan, John <a style=\"color: #000000;\" href=\"https:\/\/www.corbettreport.com\/episode-268-meet-john-kerry-skull-and-bones-ambassador\/\">&#8220;Skull &amp; Bones&#8221;<\/a> Kerry:<\/span><\/p>\n<p><span style=\"color: #000000;\"><img loading=\"lazy\" decoding=\"async\" class=\"aligncenter size-full wp-image-508022\" src=\"https:\/\/www.hashtag.al\/wp-content\/uploads\/2022\/03\/https___bucketeer-e05bbc84-baa3-437e-9518-adb32be77984.s3.amazonaws.com_public_images_e79370e0-fca4-49ca-9de1-8571f6e94f18_1024x249.png\" alt=\"\" width=\"1024\" height=\"249\" srcset=\"https:\/\/www.hashtag.al\/wp-content\/uploads\/2022\/03\/https___bucketeer-e05bbc84-baa3-437e-9518-adb32be77984.s3.amazonaws.com_public_images_e79370e0-fca4-49ca-9de1-8571f6e94f18_1024x249.png 1024w, https:\/\/www.hashtag.al\/wp-content\/uploads\/2022\/03\/https___bucketeer-e05bbc84-baa3-437e-9518-adb32be77984.s3.amazonaws.com_public_images_e79370e0-fca4-49ca-9de1-8571f6e94f18_1024x249-300x73.png 300w, https:\/\/www.hashtag.al\/wp-content\/uploads\/2022\/03\/https___bucketeer-e05bbc84-baa3-437e-9518-adb32be77984.s3.amazonaws.com_public_images_e79370e0-fca4-49ca-9de1-8571f6e94f18_1024x249-768x187.png 768w\" sizes=\"auto, (max-width: 1024px) 100vw, 1024px\" \/><\/span><\/p>\n<p><span style=\"color: #000000;\">\u00cbsht\u00eb e drejt\u00eb, miliarder\u00ebt e klim\u00ebs jan\u00eb t\u00eb m\u00ebrzitur q\u00eb miliarder\u00ebt ushtarako-industrial\u00eb po t\u00ebrheqin v\u00ebmendjen e propagand\u00ebs q\u00eb duhet t\u00eb shk\u00eblqej\u00eb n\u00eb \u2018k\u00ebrc\u00ebnimin ekzistencial\u2019 t\u00eb tyre t\u00eb p\u00ebrk\u00ebdhelur. \u00cbsht\u00eb e qart\u00eb se ukrainasit duhet t\u00eb shqet\u00ebsohen m\u00eb shum\u00eb p\u00ebr centimetrat e rritjes globale t\u00eb nivelit t\u00eb detit, t\u00eb cilat Nostradamus\u00ebt n\u00eb OKB paralajm\u00ebrojn\u00eb se do t\u00eb na p\u00ebrmbytin brenda nj\u00eb shekulli n\u00ebse nuk i qet\u00ebsojm\u00eb \u2018per\u00ebndit\u00eb e motit\u2019.<\/span><\/p>\n<p><span style=\"color: #000000;\">Ju nuk mund t&#8217;i shpikni k\u00ebto gj\u00ebra. Kush do t\u00eb provonte madje?<\/span><\/p>\n<p><span style=\"color: #000000;\"><em>*Ky editorial javor \u00ebsht\u00eb pjes\u00eb e buletinit The Corbett Report Subscriber.<\/em><\/span><\/p>\n<p><span style=\"color: #000000;\"><strong>VINI RE<\/strong>: Ky material \u00ebsht\u00eb pron\u00ebsi intelektuale e <a style=\"color: #000000;\" href=\"https:\/\/corbettreport.substack.com\/p\/the-ukraine-crisis-what-you-need?utm_source=url\">Corbettreport<\/a><\/span><\/p>\n<p><span style=\"color: #000000;\">P\u00ebrshtati n\u00eb shqip, Hashtag.al<\/span><\/p>\n","protected":false,"gt_translate_keys":[{"key":"rendered","format":"html"}]},"excerpt":{"rendered":"<p>Ju pa dyshim e keni d\u00ebgjuar historin\u00eb e kriz\u00ebs n\u00eb Ukrain\u00eb deri tani. Por, si\u00e7 na kan\u00eb th\u00ebn\u00eb gjat\u00eb gjith\u00eb jet\u00ebs, ka dy an\u00eb n\u00eb \u00e7do histori. Pra, cil\u00ebn an\u00eb t\u00eb historis\u00eb keni d\u00ebgjuar? Ka nj\u00eb an\u00eb t\u00eb trajtuar nga media mainstream \/establishmenti\/dinosauri i historis\u00eb. Le ta quajm\u00eb narrativa \u2018Ekipi i NATO-s\u2019. N\u00eb k\u00ebt\u00eb version [&hellip;]<\/p>\n","protected":false,"gt_translate_keys":[{"key":"rendered","format":"html"}]},"author":51,"featured_media":508041,"comment_status":"closed","ping_status":"closed","sticky":false,"template":"","format":"standard","meta":{"footnotes":""},"categories":[22,53],"tags":[],"class_list":["post-508016","post","type-post","status-publish","format-standard","has-post-thumbnail","hentry","category-ballina","category-fast-foodi"],"gt_translate_keys":[{"key":"link","format":"url"}],"_links":{"self":[{"href":"https:\/\/www.hashtag.al\/index.php\/wp-json\/wp\/v2\/posts\/508016","targetHints":{"allow":["GET"]}}],"collection":[{"href":"https:\/\/www.hashtag.al\/index.php\/wp-json\/wp\/v2\/posts"}],"about":[{"href":"https:\/\/www.hashtag.al\/index.php\/wp-json\/wp\/v2\/types\/post"}],"author":[{"embeddable":true,"href":"https:\/\/www.hashtag.al\/index.php\/wp-json\/wp\/v2\/users\/51"}],"replies":[{"embeddable":true,"href":"https:\/\/www.hashtag.al\/index.php\/wp-json\/wp\/v2\/comments?post=508016"}],"version-history":[{"count":0,"href":"https:\/\/www.hashtag.al\/index.php\/wp-json\/wp\/v2\/posts\/508016\/revisions"}],"wp:featuredmedia":[{"embeddable":true,"href":"https:\/\/www.hashtag.al\/index.php\/wp-json\/wp\/v2\/media\/508041"}],"wp:attachment":[{"href":"https:\/\/www.hashtag.al\/index.php\/wp-json\/wp\/v2\/media?parent=508016"}],"wp:term":[{"taxonomy":"category","embeddable":true,"href":"https:\/\/www.hashtag.al\/index.php\/wp-json\/wp\/v2\/categories?post=508016"},{"taxonomy":"post_tag","embeddable":true,"href":"https:\/\/www.hashtag.al\/index.php\/wp-json\/wp\/v2\/tags?post=508016"}],"curies":[{"name":"wp","href":"https:\/\/api.w.org\/{rel}","templated":true}]}}