{"id":507987,"date":"2022-03-01T11:01:48","date_gmt":"2022-03-01T10:01:48","guid":{"rendered":"https:\/\/www.hashtag.al\/?p=507987"},"modified":"2022-03-01T11:08:01","modified_gmt":"2022-03-01T10:08:01","slug":"si-do-e-ndikoje-ekonomine-e-shqiperise-lufta-ne-ukraine","status":"publish","type":"post","link":"https:\/\/www.hashtag.al\/index.php\/2022\/03\/01\/si-do-e-ndikoje-ekonomine-e-shqiperise-lufta-ne-ukraine\/","title":{"rendered":"Si do e ndikoj\u00eb ekonomin\u00eb e Shqip\u00ebris\u00eb lufta n\u00eb Ukrain\u00eb","gt_translate_keys":[{"key":"rendered","format":"text"}]},"content":{"rendered":"<p><span style=\"color: #000000;\"><strong><em><img loading=\"lazy\" decoding=\"async\" class=\"aligncenter size-full wp-image-507988\" src=\"https:\/\/www.hashtag.al\/wp-content\/uploads\/2022\/03\/7a206069-40ce-4ae8-8dc8-93a31304028d-800x445-1.jpg\" alt=\"\" width=\"800\" height=\"445\" srcset=\"https:\/\/www.hashtag.al\/wp-content\/uploads\/2022\/03\/7a206069-40ce-4ae8-8dc8-93a31304028d-800x445-1.jpg 800w, https:\/\/www.hashtag.al\/wp-content\/uploads\/2022\/03\/7a206069-40ce-4ae8-8dc8-93a31304028d-800x445-1-300x167.jpg 300w, https:\/\/www.hashtag.al\/wp-content\/uploads\/2022\/03\/7a206069-40ce-4ae8-8dc8-93a31304028d-800x445-1-768x427.jpg 768w\" sizes=\"auto, (max-width: 800px) 100vw, 800px\" \/><\/em><\/strong><\/span><\/p>\n<p><span style=\"color: #000000;\"><strong><em>Nga Endrit Yzeiraj<\/em><\/strong><\/span><\/p>\n<p><span style=\"color: #000000;\">Teksa mbyllej dita e par\u00eb e sulmit rus ndaj Ukrain\u00ebs, nj\u00eb grup qytetar\u00ebsh shqiptar\u00eb vendos\u00ebn t\u00eb protestonin p\u00ebrpara Ambasad\u00ebs s\u00eb Rusis\u00eb n\u00eb Tiran\u00eb. Kuptohet se veprimi ishte simbolik. Gjasat q\u00eb Shqip\u00ebria t\u00eb ndikoj\u00eb n\u00eb k\u00ebt\u00eb konflikt jan\u00eb zero. <\/span><\/p>\n<p><span style=\"color: #000000;\">N\u00eb t\u00eb kund\u00ebrt, lufta e sapo nisur ka gjasa t\u00eb ndikoj\u00eb edhe mbi Shqip\u00ebrin\u00eb. Protesta mbase duhet par\u00eb si shenja e par\u00eb q\u00eb edhe qytetar\u00ebt shqiptar\u00eb e kuptojn\u00eb se kjo luft\u00eb po ndryshon bot\u00ebn q\u00eb njohim dhe efektet e saj do ndihen p\u00ebr shum\u00eb e shum\u00eb koh\u00eb m\u00eb pas edhe n\u00eb vendin e rajonin ton\u00eb.<\/span><\/p>\n<p><span style=\"color: #000000;\">Ndikimi m\u00eb i madh afatshkurt\u00ebr do jet\u00eb ai ekonomik.<\/span><\/p>\n<p><span style=\"color: #000000;\">Rusia \u00ebsht\u00eb ekonomia <a href=\"https:\/\/www.worldometers.info\/gdp\/gdp-by-country\/\"><span style=\"color: #0000ff;\">e 11-t\u00eb m\u00eb e madhe e bot\u00ebs<\/span><\/a>. \u00cbsht\u00eb nj\u00eb nga eksportueset kryesore t\u00eb <span style=\"color: #0000ff;\"><a style=\"color: #0000ff;\" href=\"https:\/\/www.eia.gov\/todayinenergy\/detail.php?id=51358\">gazit<\/a> <\/span>dhe <span style=\"color: #0000ff;\"><a style=\"color: #0000ff;\" href=\"https:\/\/www.investopedia.com\/articles\/company-insights\/082316\/worlds-top-10-oil-exporters.asp\">naft\u00ebs<\/a><\/span>, sidomos p\u00ebr tregun evropian. Po ashtu, \u00ebsht\u00eb nd\u00ebr eksportuesit kryesor\u00eb t\u00eb <span style=\"color: #0000ff;\"><a style=\"color: #0000ff;\" href=\"https:\/\/www.statista.com\/statistics\/864128\/global-steel-exports-by-country\/\">l\u00ebnd\u00ebve minerale<\/a><\/span> si hekur, \u00e7elik dhe alumin. S\u00eb bashku me Ukrain\u00ebn, jan\u00eb <span style=\"color: #0000ff;\"><a style=\"color: #0000ff;\" href=\"https:\/\/www.worldstopexports.com\/wheat-exports-country\/\">dy nga eksportueset kryesore<\/a> t\u00eb grurit\u00a0<\/span> dhe drith\u00ebrave t\u00eb tjera \u2013 Rusia n\u00eb vend t\u00eb par\u00eb, Ukrain\u00eb e 5-ta.<\/span><\/p>\n<div id=\"attachment_507989\" style=\"width: 935px\" class=\"wp-caption aligncenter\"><img loading=\"lazy\" decoding=\"async\" aria-describedby=\"caption-attachment-507989\" class=\"wp-image-507989 size-full\" src=\"https:\/\/www.hashtag.al\/wp-content\/uploads\/2022\/03\/endrit-yzeiri.png\" alt=\"\" width=\"925\" height=\"834\" srcset=\"https:\/\/www.hashtag.al\/wp-content\/uploads\/2022\/03\/endrit-yzeiri.png 925w, https:\/\/www.hashtag.al\/wp-content\/uploads\/2022\/03\/endrit-yzeiri-300x270.png 300w, https:\/\/www.hashtag.al\/wp-content\/uploads\/2022\/03\/endrit-yzeiri-768x692.png 768w\" sizes=\"auto, (max-width: 925px) 100vw, 925px\" \/><p id=\"caption-attachment-507989\" class=\"wp-caption-text\"><span style=\"color: #0000ff;\">Importi i gazit rus n\u00eb Evrop\u00eb <\/span><\/p><\/div>\n<p><span style=\"color: #000000;\">N\u00eb pamje t\u00eb par\u00eb, tregtia direkte e Shqip\u00ebris\u00eb me secilin vend \u00ebsht\u00eb relativisht e limituar. Import-eksportet me <span style=\"color: #0000ff;\"><a style=\"color: #0000ff;\" href=\"https:\/\/oec.world\/en\/profile\/bilateral-country\/alb\/partner\/ukr\">Ukrain\u00ebn<\/a> <\/span>nuk i kalojn\u00eb vler\u00ebn e $30 milion dollar\u00ebve. Tregtia me <span style=\"color: #0000ff;\"><a style=\"color: #0000ff;\" href=\"https:\/\/oec.world\/en\/profile\/bilateral-country\/alb\/partner\/rus\">Rusin\u00eb<\/a> <\/span>\u00ebsht\u00eb pak m\u00eb e madhe, n\u00eb vler\u00eb totale prej thuajse $125 milion dollar\u00eb. N\u00eb krahasim me <span style=\"color: #0000ff;\"><a style=\"color: #0000ff;\" href=\"https:\/\/oec.world\/en\/profile\/country\/alb\">shtetet kryesore<\/a><\/span> me t\u00eb cilat Shqip\u00ebria tregton, k\u00ebto jan\u00eb vlera thuajse t\u00eb pap\u00ebrfillshme.<\/span><\/p>\n<p><span style=\"color: #000000;\">Por po t\u00eb shohim pak m\u00eb thell\u00eb, tregtia e Shqip\u00ebris\u00eb me secilin vend \u00ebsht\u00eb e p\u00ebrqendruar n\u00eb disa produkte jetike. Rusia dominon <span style=\"color: #0000ff;\"><a style=\"color: #0000ff;\" href=\"https:\/\/oec.world\/en\/profile\/bilateral-product\/wheat\/reporter\/alb\">importin e grurit<\/a> <\/span>n\u00eb Shqip\u00ebri, aq jetik p\u00ebr diet\u00ebn tipike shqiptare dhe sidomos t\u00eb shtresave n\u00eb nevoj\u00eb. <\/span><\/p>\n<p><span style=\"color: #000000;\">Thuajse 80% e grurit q\u00eb hyn n\u00eb Shqip\u00ebri importohet nga Rusia. Po ashtu, Shqip\u00ebria importon thuajse 20% t\u00eb <span style=\"color: #0000ff;\"><a style=\"color: #0000ff;\" href=\"https:\/\/oec.world\/en\/profile\/bilateral-product\/petroleum-gas\/reporter\/alb\">gazit<\/a> <\/span>nga Rusia, m\u00eb shum\u00eb se nga cilido vend tjet\u00ebr, por vet\u00ebm 2% t\u00eb <span style=\"color: #0000ff;\"><a style=\"color: #0000ff;\" href=\"https:\/\/oec.world\/en\/profile\/bilateral-product\/refined-petroleum\/reporter\/alb\">naft\u00ebs<\/a> <\/span>s\u00eb rafinuar. Ukraina nd\u00ebrkoh\u00eb \u00ebsht\u00eb kthyer n\u00eb nj\u00eb nga<span style=\"color: #0000ff;\"><a style=\"color: #0000ff;\" href=\"https:\/\/euronews.al\/en\/albania\/2022\/02\/21\/record-number-of-tourists-from-russia-and-ukraine\/#:~:text=The%20number%20of%20tourists%20coming,the%20highest%20figure%20ever%20recorded.\"> burimet kryesore<\/a><\/span> t\u00eb vizitor\u00ebve n\u00eb vend, duke ndihmuar k\u00ebshtu<span style=\"color: #0000ff;\"><a style=\"color: #0000ff;\" href=\"https:\/\/datapopalliance.org\/transform\/measuring-the-unmeasured\/albania\/#:~:text=According%20to%20the%20report%20'Travel,and%20development%20of%20the%20country.\"> sektorin jetik t\u00eb turizmit<\/a><\/span>.<\/span><\/p>\n<div id=\"attachment_507990\" style=\"width: 985px\" class=\"wp-caption aligncenter\"><img loading=\"lazy\" decoding=\"async\" aria-describedby=\"caption-attachment-507990\" class=\"wp-image-507990 size-full\" src=\"https:\/\/www.hashtag.al\/wp-content\/uploads\/2022\/03\/endrit-yzeiri.png2_.png\" alt=\"\" width=\"975\" height=\"795\" srcset=\"https:\/\/www.hashtag.al\/wp-content\/uploads\/2022\/03\/endrit-yzeiri.png2_.png 975w, https:\/\/www.hashtag.al\/wp-content\/uploads\/2022\/03\/endrit-yzeiri.png2_-300x245.png 300w, https:\/\/www.hashtag.al\/wp-content\/uploads\/2022\/03\/endrit-yzeiri.png2_-768x626.png 768w\" sizes=\"auto, (max-width: 975px) 100vw, 975px\" \/><p id=\"caption-attachment-507990\" class=\"wp-caption-text\"><span style=\"color: #0000ff;\">Importi i grurit n\u00eb Shqip\u00ebri sipas vendeve partnere <\/span><\/p><\/div>\n<p><span style=\"color: #000000;\">Mbi t\u00eb gjitha, produktet q\u00eb Ukraina dhe Rusia eksportojn\u00eb shiten n\u00eb tregje nd\u00ebrkomb\u00ebtare. \u00c7mimi i tyre p\u00ebrcaktohet nga oferta dhe k\u00ebrkesa n\u00eb bot\u00eb. Zvog\u00eblimi i ofert\u00ebs p\u00ebr k\u00ebto produkte n\u00eb tregje nd\u00ebrkomb\u00ebtare do t\u00eb ndikoj\u00eb n\u00eb \u00e7mimin e tyre edhe n\u00eb vende ku ato nuk tregtojn\u00eb n\u00eb m\u00ebnyr\u00eb direkte. Mbi t\u00eb gjitha, \u00e7mimi i hidrokarbureve q\u00eb furnizon anijet, trenat apo kamion\u00ebt me t\u00eb cilat transportohet \u00e7do produkt n\u00eb bot\u00eb eventualisht ndikon n\u00eb nivelin e p\u00ebrgjithsh\u00ebm t\u00eb \u00e7mimeve.<\/span><\/p>\n<p><span style=\"color: #000000;\">\u00cbsht\u00eb ende her\u00ebt p\u00ebr t\u00eb par\u00eb se sa do ndikohen furnizimi i tregjeve bot\u00ebrore por gjasat jan\u00eb q\u00eb efekti nuk do jet\u00eb i vog\u00ebl. S\u00eb pari, lufta dhe d\u00ebmet e shkaktuara rrezikojn\u00eb t\u00eb bllokojn\u00eb ose d\u00ebmtojn\u00eb infrastruktur\u00ebn e transportit. S\u00eb dyti, sanksionet ndaj Rusis\u00eb, t\u00eb cilat po zgjerohen nga dita n\u00eb dit\u00eb, do ken\u00eb efektin e tyre n\u00eb ngadal\u00ebsimin e tregtis\u00eb.<\/span><\/p>\n<p><span style=\"color: #000000;\">Si\u00e7 e <span style=\"color: #0000ff;\"><a style=\"color: #0000ff;\" href=\"https:\/\/www.ekon.al\/2021\/09\/17\/fundi-i-inflacionit-te-ulet\/\">kemi shkruar m\u00eb par\u00eb<\/a><\/span>, ekonomia bot\u00ebrore dhe shqiptare po p\u00ebrballen me rritje t\u00eb nivelit \u00e7mimeve, e shkaktuar kryesiht nga shum\u00eb prej produkteve t\u00eb sip\u00ebrp\u00ebrmendura. V\u00ebshtir\u00ebsit\u00eb e furnizimit me hidrokarbure dhe drith\u00ebra vet\u00ebm sa do rris\u00eb <span style=\"color: #0000ff;\"><a style=\"color: #0000ff;\" href=\"https:\/\/oilprice.com\/oil-price-charts\/\">presionin mbi \u00e7mimet<\/a><\/span>, t\u00eb cilat po rriteshin edhe pa efektet e luft\u00ebs. Kjo do shkaktoj\u00eb v\u00ebshtir\u00ebsi kudo, por m\u00eb shum\u00eb n\u00eb vende t\u00eb varfra apo n\u00eb zhvillim si Shqip\u00ebria.<\/span><\/p>\n<p><span style=\"color: #000000;\"><img loading=\"lazy\" decoding=\"async\" class=\"aligncenter size-full wp-image-507991\" src=\"https:\/\/www.hashtag.al\/wp-content\/uploads\/2022\/03\/yzeiri2.jpg\" alt=\"\" width=\"917\" height=\"764\" srcset=\"https:\/\/www.hashtag.al\/wp-content\/uploads\/2022\/03\/yzeiri2.jpg 917w, https:\/\/www.hashtag.al\/wp-content\/uploads\/2022\/03\/yzeiri2-300x250.jpg 300w, https:\/\/www.hashtag.al\/wp-content\/uploads\/2022\/03\/yzeiri2-768x640.jpg 768w\" sizes=\"auto, (max-width: 917px) 100vw, 917px\" \/><\/span><\/p>\n<p><span style=\"color: #000000;\">Teksa n\u00eb vendet e zhvilluara, konsumi i ushqimit z\u00eb rreth 10% t\u00eb shpenzimeve mesatare mujore, kjo shif\u00ebr arrin n\u00eb thuajse <span style=\"color: #0000ff;\"><a style=\"color: #0000ff;\" href=\"http:\/\/www.instat.gov.al\/al\/temat\/%C3%A7mimet\/indeksi-i-%C3%A7mimeve-t%C3%AB-konsumit\/\">40%<\/a><\/span> n\u00eb Shqip\u00ebri. \u00c7mimet e naft\u00ebs, q\u00eb kan\u00eb arritur <span style=\"color: #0000ff;\"><a style=\"color: #0000ff;\" href=\"https:\/\/www.mylpg.eu\/stations\/albania\/prices\/\">nivele rekord<\/a><\/span> n\u00eb Shqip\u00ebri n\u00eb muajt e par\u00eb t\u00eb 2022-shit, rrezikojn\u00eb t\u00eb rriten shum\u00eb m\u00eb shum\u00eb po ashtu. P\u00ebr shtresat n\u00eb nevoj\u00eb, aq shum\u00eb t\u00eb prekura nga rritja e \u00e7mimeve deri m\u00eb sot, kjo vler\u00eb \u00ebsht\u00eb edhe m\u00eb e lart\u00eb.\u00a0<\/span><\/p>\n<div id=\"attachment_507992\" style=\"width: 1167px\" class=\"wp-caption aligncenter\"><img loading=\"lazy\" decoding=\"async\" aria-describedby=\"caption-attachment-507992\" class=\"wp-image-507992 size-full\" src=\"https:\/\/www.hashtag.al\/wp-content\/uploads\/2022\/03\/image-3.png\" alt=\"\" width=\"1157\" height=\"364\" srcset=\"https:\/\/www.hashtag.al\/wp-content\/uploads\/2022\/03\/image-3.png 1157w, https:\/\/www.hashtag.al\/wp-content\/uploads\/2022\/03\/image-3-300x94.png 300w, https:\/\/www.hashtag.al\/wp-content\/uploads\/2022\/03\/image-3-1024x322.png 1024w, https:\/\/www.hashtag.al\/wp-content\/uploads\/2022\/03\/image-3-768x242.png 768w\" sizes=\"auto, (max-width: 1157px) 100vw, 1157px\" \/><p id=\"caption-attachment-507992\" class=\"wp-caption-text\"><span style=\"color: #0000ff;\">\u00c7mimet e naft\u00ebs dhe gazit n\u00eb Shqip\u00ebri, n\u00eb lek <\/span><\/p><\/div>\n<p><span style=\"color: #000000;\">Efektet afatgjata, mbase edhe m\u00eb t\u00eb r\u00ebnd\u00ebsishme p\u00ebr Shqip\u00ebrin\u00eb, jan\u00eb gjeopolitike.<\/span><\/p>\n<p><span style=\"color: #000000;\">Lufta n\u00eb Ukrain\u00eb \u00ebsht\u00eb e ndryshme nga thuajse \u00e7do konflikt tjet\u00ebr pas Luft\u00ebs s\u00eb Dyt\u00eb Bot\u00ebrore. Gjat\u00eb k\u00ebtyre tet\u00eb dekadave bota ka par\u00eb plot konflikte t\u00eb brendshme. Jan\u00eb zhvilluar plot p\u00ebrplasje dhe aneksime p\u00ebr zona kufitare mes shtetesh rivale. <\/span><\/p>\n<p><span style=\"color: #000000;\">Por q\u00eb nga Lufta e Dyt\u00eb, njer\u00ebzimi nuk kishte par\u00eb nj\u00eb prej fuqive kryesore ushtarake n\u00eb bot\u00eb t\u00eb tentonte t\u00eb pushtonte n\u00eb m\u00ebnyr\u00eb totale nj\u00eb vend fqinj, e t\u00eb ndryshonte kaq dhunsh\u00ebm kufijt\u00eb. Aq m\u00eb pak mendohej se kjo mund t\u00eb ndodhte n\u00eb Evrop\u00eb, disa qindra kilometra larg kryeqyteteve t\u00eb disa prej vendeve m\u00eb t\u00eb zhvilluara dhe t\u00eb fuqishme t\u00eb bot\u00ebs.<\/span><\/p>\n<p><span style=\"color: #000000;\">Nj\u00eb nga supozimet baz\u00eb t\u00eb rendit politik dhe ekonomik pas Luft\u00ebs s\u00eb Dyt\u00eb ishte pik\u00ebrisht se vendet e fuqishme nuk do silleshin m\u00eb n\u00eb k\u00ebt\u00eb m\u00ebnyr\u00eb. Mund t\u00eb kishte presione ndaj vendeve m\u00eb t\u00eb vogla, mund t\u00eb kishte p\u00ebrfshirje n\u00eb proceset e brendshme politike, por jo pushtim total. Sot ky supozim ka r\u00ebn\u00eb posht\u00eb. <\/span><\/p>\n<p><span style=\"color: #000000;\">Po ashtu ka r\u00ebn\u00eb posht\u00eb besimi universal se Per\u00ebndimi \u00ebsht\u00eb n\u00eb gjendje t\u00eb parandaloj\u00eb ngjarje t\u00eb tilla. E gjitha kjo do sjell\u00eb t\u00eb pakt\u00ebn dy ndikime t\u00eb m\u00ebdha n\u00eb sjelljen e shteteve dhe agjent\u00ebve ekonomik.<\/span><\/p>\n<p><span style=\"color: #000000;\">S\u00eb pari, shtetet kudo n\u00eb bot\u00eb do t\u00eb fillojn\u00eb t\u00eb<span style=\"color: #0000ff;\"><a style=\"color: #0000ff;\" href=\"https:\/\/www.dw.com\/en\/germany-commits-100-billion-to-defense-spending\/a-60933724\"> shpenzojn\u00eb m\u00eb shum\u00eb<\/a><\/span> p\u00ebr ushtrit\u00eb e tyre. Tashm\u00eb q\u00eb lufta nuk duket m\u00eb iluzion utopik, nevoja p\u00ebr t\u00eb p\u00ebrmir\u00ebsuar aft\u00ebsit\u00eb vet\u00ebmbrojt\u00ebse do jet\u00eb kritike p\u00ebr shtet. Sidomos n\u00eb Evrop\u00eb, \u00ebndrrat utopike p\u00ebr paqe t\u00eb p\u00ebrhershme t\u00eb garantuar nga SHBA, duket se po marrin fund. <\/span><\/p>\n<p><span style=\"color: #000000;\">Kontinenti duhet t\u00eb mbrohet, dhe vendet kryesore evropiane duhet t\u00eb jen\u00eb lider\u00ebt e procesit. Nga ana tjet\u00ebr, garat e armatimit mes shteteve mbartin rreziqe qoft\u00eb p\u00ebr konflikte t\u00eb reja mes tyre e qoft\u00eb p\u00ebr shtimin e represionit ndaj popullsis\u00eb vendase nga lider\u00ebt autokrat.<\/span><\/p>\n<div id=\"attachment_507993\" style=\"width: 883px\" class=\"wp-caption aligncenter\"><img loading=\"lazy\" decoding=\"async\" aria-describedby=\"caption-attachment-507993\" class=\"wp-image-507993 size-full\" src=\"https:\/\/www.hashtag.al\/wp-content\/uploads\/2022\/03\/image-4.png\" alt=\"\" width=\"873\" height=\"616\" srcset=\"https:\/\/www.hashtag.al\/wp-content\/uploads\/2022\/03\/image-4.png 873w, https:\/\/www.hashtag.al\/wp-content\/uploads\/2022\/03\/image-4-300x212.png 300w, https:\/\/www.hashtag.al\/wp-content\/uploads\/2022\/03\/image-4-768x542.png 768w\" sizes=\"auto, (max-width: 873px) 100vw, 873px\" \/><p id=\"caption-attachment-507993\" class=\"wp-caption-text\"><span style=\"color: #0000ff;\">Shpenzimet ushtarake n\u00eb disa shtete kryeore evropian, n\u00eb r\u00ebnie konstante prej 70 vitesh <\/span><\/p><\/div>\n<p><span style=\"color: #000000;\">P\u00ebr sa na takon ne, duhet pranuar haptazi se Shqip\u00ebria \u00ebsht\u00eb t\u00ebr\u00ebsisht e pap\u00ebrgatitur p\u00ebr k\u00ebto sfida. Shpenzimet ushtarake jan\u00eb n\u00eb nivele qesharake, <span style=\"color: #0000ff;\"><a style=\"color: #0000ff;\" href=\"https:\/\/worldpopulationreview.com\/country-rankings\/nato-spending-by-country\">qoft\u00eb n\u00eb total e qoft\u00eb n\u00eb raport me PBB<\/a><\/span>. Nd\u00ebr vendet e NATO-s, n\u00eb vler\u00eb totale vet\u00ebm Mali i Zi shpenzon m\u00eb pak. <\/span><\/p>\n<p><span style=\"color: #000000;\">Vendi i 3-t\u00eb nga fundi, Luksemburgu, shpenzon m\u00eb shum\u00eb se dyfishin ton\u00eb! N\u00ebse supozimi i mbrojtjes nga NATO dhe Per\u00ebndimi nuk \u00ebsht\u00eb m\u00eb i vlefsh\u00ebm, Shqip\u00ebria duhet t\u00eb rimendoj\u00eb thell\u00eb strategjin\u00eb e mbrojtjes s\u00eb saj pasi sot nuk ka nj\u00eb t\u00eb till\u00eb.<\/span><\/p>\n<p><span style=\"color: #000000;\">S\u00eb dyti, tregtia bot\u00ebrore, q\u00eb kishte lul\u00ebzuar pas Luft\u00ebs s\u00eb Dyt\u00eb e kishte shp\u00ebrthyer pas rr\u00ebzimit t\u00eb komunizmit, do t\u00eb vihet n\u00eb pik\u00ebpyetje. N\u00ebse Per\u00ebndimi nuk \u00ebsht\u00eb n\u00eb gjendje t\u00eb siguroj\u00eb kufijt\u00eb, n\u00ebse vendet e vogla mund t\u00eb pushtohen leht\u00ebsisht, n\u00ebse rrug\u00ebt e transportit mund t\u00eb bllokohen nga k\u00ebto konflikte, a \u00ebsht\u00eb e leverdishme t\u00eb investosh n\u00eb fabrika dhe zyra n\u00eb k\u00ebto vende? <\/span><\/p>\n<p><span style=\"color: #000000;\">Shumica e kompanive t\u00eb m\u00ebdha nd\u00ebrkomb\u00ebtar\u00eb kan\u00eb nd\u00ebrtuar rrjete globale t\u00eb furnizimit me l\u00ebnd\u00eb t\u00eb par\u00eb dhe t\u00eb prodhimit t\u00eb produkteve n\u00ebn supozimin se rendi i siguris\u00eb globale \u00ebsht\u00eb i papreksh\u00ebm. \u00c7do investitor sot po e rimendon k\u00ebt\u00eb supozim.<\/span><\/p>\n<p><span style=\"color: #000000;\">Fatkeq\u00ebsisht, efektet pozitive t\u00eb tregtis\u00eb n\u00ebnvler\u00ebsohen n\u00eb diskutimet e shumta publike, por \u00ebsht\u00eb pik\u00ebrisht ajo burimi kryesor i mir\u00ebqenies ekonomike p\u00ebrgjat\u00eb 30 viteve t\u00eb fundit p\u00ebr vende si Shqip\u00ebria. Tregtia sjell produkte m\u00eb t\u00eb lira e m\u00eb t\u00eb mira p\u00ebr konsumator\u00ebt. Ajo shtyn prodhuesit lokal t\u00eb jen\u00eb m\u00eb konkurrues, t\u00eb investojn\u00eb n\u00eb teknologji e n\u00eb kapital njer\u00ebzor. <\/span><\/p>\n<p><span style=\"color: #000000;\">Fal\u00eb tregtis\u00eb nd\u00ebrkomb\u00ebtare vende si Shqip\u00ebria kan\u00eb akses n\u00eb makineri e teknologji, t\u00eb cilat p\u00ebrdoren m\u00eb pas n\u00eb procese prodhimi, q\u00eb nuk do ishin n\u00eb gjendje ti prodhonin vet\u00eb. Mbi t\u00eb gjitha, tregtia dhe investimet e huaja sjellin njohuri dhe aft\u00ebsi n\u00eb sektor\u00eb t\u00eb r\u00ebnd\u00ebsish\u00ebm t\u00eb ekonomis\u00eb. Pa k\u00ebto burime, e vog\u00ebl dhe e izoluar, ekonomia jon\u00eb do t\u00eb rikthehej shum\u00eb shpejt n\u00eb nivelet ku gjendej para viteve 90.<\/span><\/p>\n<p><span style=\"color: #000000;\"><span style=\"color: #0000ff;\"><a style=\"color: #0000ff;\" href=\"https:\/\/www.bankofalbania.org\/Botime\/Ndikimi_i_tregtise_mbi_rritjen_ekonomike_Nje_model_i_bazuar_ne_instrumentet_e_gravitetit_per_Evropen_post-komuniste.html\">N\u00eb nj\u00eb studim t\u00eb vitit 2013<\/a><\/span>, i ngritur mbi pun\u00ebn fiilestar\u00eb t\u00eb tez\u00ebs s\u00eb masterit, gjej se \u00ebsht\u00eb pik\u00ebrisht rritja e v\u00ebllimeve tregtare pas vititi 1990 q\u00eb parapriu rritjen ekonomike n\u00eb t\u00eb gjith\u00eb Evrop\u00ebn Lindore.<\/span><\/p>\n<p><span style=\"color: #000000;\"><img loading=\"lazy\" decoding=\"async\" class=\"aligncenter size-full wp-image-507994\" src=\"https:\/\/www.hashtag.al\/wp-content\/uploads\/2022\/03\/image-5.png\" alt=\"\" width=\"975\" height=\"530\" srcset=\"https:\/\/www.hashtag.al\/wp-content\/uploads\/2022\/03\/image-5.png 975w, https:\/\/www.hashtag.al\/wp-content\/uploads\/2022\/03\/image-5-300x163.png 300w, https:\/\/www.hashtag.al\/wp-content\/uploads\/2022\/03\/image-5-768x417.png 768w\" sizes=\"auto, (max-width: 975px) 100vw, 975px\" \/><\/span><\/p>\n<p><span style=\"color: #000000;\">Ky efekt \u00ebsht\u00eb par\u00eb edhe n\u00eb plot rajone t\u00eb tjera t\u00eb bot\u00ebs t\u00eb cilat jan\u00eb integruar me ekonomin\u00eb bot\u00ebror\u00eb, kryesisht n\u00eb Azin\u00eb Lindore dhe Juglindore. E gjitha kjo ka sjell\u00eb nj\u00eb <span style=\"color: #0000ff;\"><a style=\"color: #0000ff;\" href=\"https:\/\/www.brookings.edu\/research\/whats-happening-to-the-world-income-distribution-the-elephant-chart-revisited\/\">zvog\u00eblim t\u00eb hendekut<\/a> <\/span>ekonomik mes vendeve t\u00eb bot\u00ebs s\u00eb zhvilluar dhe vendeve n\u00eb zhvillim. Spostimi masiv i industrive n\u00eb vendet n\u00eb zhvillim ka krijuar shum\u00eb fitues, <span style=\"color: #0000ff;\"><a style=\"color: #0000ff;\" href=\"https:\/\/www.nber.org\/papers\/w21906\">por edhe pak humb\u00ebs<\/a><\/span>, duke qene mbase burimi kryesor i populizmit social e politik n\u00eb vendet e zhvilluara.<\/span><\/p>\n<p><span style=\"color: #000000;\">Investimet e huaja n\u00eb Shqip\u00ebri prej vitesh <span style=\"color: #0000ff;\"><a style=\"color: #0000ff;\" href=\"https:\/\/data.worldbank.org\/indicator\/BX.KLT.DINV.WD.GD.ZS?locations=AL\">jan\u00eb n\u00eb r\u00ebnie<\/a><\/span>. Investitor\u00eb t\u00eb r\u00ebnd\u00ebsish\u00ebm jan\u00eb larguar nga thuajse t\u00eb gjith\u00eb sektor\u00ebt strategjik \u2013 bankat, telekomunikacionet, transporti, energjia, industria. K\u00ebto kompani jan\u00eb z\u00ebvend\u00ebsuar shpesh me kompani lokale q\u00eb nuk kan\u00eb aspak burimet apo njohuri t\u00eb krahasueshme.<\/span><\/p>\n<p><span style=\"color: #000000;\"> Hipoteza kryesore p\u00ebr t\u00eb shpjeguar k\u00ebt\u00eb fenomen \u00ebsht\u00eb korrupsioni dhe kapja e tregjeve n\u00eb Shqip\u00ebri nga individ\u00eb me mb\u00ebshtetje politike lokale. Edhe vet\u00eb FMN, e kujdesshme p\u00ebr t\u00eb mos prekur tema t\u00eb tilla, n\u00eb <span style=\"color: #0000ff;\"><a style=\"color: #0000ff;\" href=\"https:\/\/www.imf.org\/en\/Publications\/CR\/Issues\/2021\/12\/07\/Albania-2021-Article-IV-Consultation-Press-Release-Staff-Report-and-Statement-by-the-510834\">raportin e fundit<\/a><\/span> p\u00ebr vendin e pranon haptazi se probleme ligjore dhe politike po e b\u00ebjn\u00eb m\u00eb t\u00eb pasigurt investimin n\u00eb Shqip\u00ebri.\u00a0<\/span><\/p>\n<p><span style=\"color: #000000;\"><img loading=\"lazy\" decoding=\"async\" class=\"aligncenter size-full wp-image-507995\" src=\"https:\/\/www.hashtag.al\/wp-content\/uploads\/2022\/03\/Capture.jpg\" alt=\"\" width=\"993\" height=\"398\" srcset=\"https:\/\/www.hashtag.al\/wp-content\/uploads\/2022\/03\/Capture.jpg 993w, https:\/\/www.hashtag.al\/wp-content\/uploads\/2022\/03\/Capture-300x120.jpg 300w, https:\/\/www.hashtag.al\/wp-content\/uploads\/2022\/03\/Capture-768x308.jpg 768w\" sizes=\"auto, (max-width: 993px) 100vw, 993px\" \/><\/span><\/p>\n<p><span style=\"color: #000000;\">Besoj se \u00ebsht\u00eb e qart\u00eb \u00e7far\u00eb do t\u00eb ndodht\u00eb n\u00ebse k\u00ebtyre problemeve i shtohej dhe pasiguria e kufijve. Edhe ajo pak industri e brendshme e orientuar p\u00ebr <span style=\"color: #0000ff;\"><a style=\"color: #0000ff;\" href=\"https:\/\/oec.world\/en\/profile\/country\/alb\">eksport<\/a> <\/span>\u2013 kryesisht fasoneri e veshmbathjeve \u2013 do t\u00eb zhb\u00ebhej brenda dit\u00ebs duke humbur \u00e7do avantazh t\u00eb mbetur t\u00eb vendit.<\/span><\/p>\n<div id=\"attachment_507996\" style=\"width: 985px\" class=\"wp-caption aligncenter\"><img loading=\"lazy\" decoding=\"async\" aria-describedby=\"caption-attachment-507996\" class=\"size-full wp-image-507996\" src=\"https:\/\/www.hashtag.al\/wp-content\/uploads\/2022\/03\/image-6.png\" alt=\"\" width=\"975\" height=\"666\" srcset=\"https:\/\/www.hashtag.al\/wp-content\/uploads\/2022\/03\/image-6.png 975w, https:\/\/www.hashtag.al\/wp-content\/uploads\/2022\/03\/image-6-300x205.png 300w, https:\/\/www.hashtag.al\/wp-content\/uploads\/2022\/03\/image-6-768x525.png 768w\" sizes=\"auto, (max-width: 975px) 100vw, 975px\" \/><p id=\"caption-attachment-507996\" class=\"wp-caption-text\"><span style=\"color: #0000ff;\">Profili i eksporteve shqiptare<\/span><\/p><\/div>\n<p><span style=\"color: #000000;\">Lufta n\u00eb Ukrain\u00eb \u00ebsht\u00eb moment kritik n\u00eb historin\u00eb e Evrop\u00ebs dhe mbar\u00eb bot\u00ebs. Direkt dhe indirekt Shqip\u00ebria do t\u00eb preket prej saj. Shum\u00eb prej supozimeve q\u00eb kan\u00eb p\u00ebrcjell\u00eb vendin k\u00ebto 30 vjet jan\u00eb n\u00eb pik\u00ebpyetje. Teksa bota mendon se si t\u2019u p\u00ebrgjigjet sfidave t\u00eb reja, nuk \u00ebsht\u00eb von\u00eb q\u00eb edhe politik\u00eb-b\u00ebr\u00ebsit tan\u00eb t\u00eb b\u00ebjn\u00eb t\u00eb nj\u00ebjt\u00ebn veprim.<\/span><\/p>\n<p><span style=\"color: #000000;\">Sh\u00ebnim: <span style=\"color: #0000ff;\"><a style=\"color: #0000ff;\" href=\"https:\/\/www.monitor.al\/putin-ante-portas\/\">Nj\u00eb version i p\u00ebrmbledhur<\/a><\/span> i artikullit gjendet n\u00eb editorialin e Revist\u00ebs Monitori<\/span><\/p>\n<p><span style=\"color: #000000;\"><span style=\"color: #ff0000;\"><strong>VINI RE<\/strong><\/span>: Ky material \u00ebsht\u00eb pron\u00ebsi intelektuale e<a href=\"https:\/\/www.ekon.al\/2022\/02\/28\/putin-ante-portas\/?fbclid=IwAR0WNInIDmqgsalLjymBhyyVEv9J-whSrSRlo-G5yd52zGrQeGiBFZYpiwc\"><span style=\"color: #0000ff;\"> Ekon.al<\/span><\/a><\/span><\/p>\n","protected":false,"gt_translate_keys":[{"key":"rendered","format":"html"}]},"excerpt":{"rendered":"<p>Nga Endrit Yzeiraj Teksa mbyllej dita e par\u00eb e sulmit rus ndaj Ukrain\u00ebs, nj\u00eb grup qytetar\u00ebsh shqiptar\u00eb vendos\u00ebn t\u00eb protestonin p\u00ebrpara Ambasad\u00ebs s\u00eb Rusis\u00eb n\u00eb Tiran\u00eb. Kuptohet se veprimi ishte simbolik. Gjasat q\u00eb Shqip\u00ebria t\u00eb ndikoj\u00eb n\u00eb k\u00ebt\u00eb konflikt jan\u00eb zero. N\u00eb t\u00eb kund\u00ebrt, lufta e sapo nisur ka gjasa t\u00eb ndikoj\u00eb edhe mbi Shqip\u00ebrin\u00eb. [&hellip;]<\/p>\n","protected":false,"gt_translate_keys":[{"key":"rendered","format":"html"}]},"author":51,"featured_media":507998,"comment_status":"closed","ping_status":"closed","sticky":false,"template":"","format":"standard","meta":{"footnotes":""},"categories":[20],"tags":[],"class_list":["post-507987","post","type-post","status-publish","format-standard","has-post-thumbnail","hentry","category-blog"],"gt_translate_keys":[{"key":"link","format":"url"}],"_links":{"self":[{"href":"https:\/\/www.hashtag.al\/index.php\/wp-json\/wp\/v2\/posts\/507987","targetHints":{"allow":["GET"]}}],"collection":[{"href":"https:\/\/www.hashtag.al\/index.php\/wp-json\/wp\/v2\/posts"}],"about":[{"href":"https:\/\/www.hashtag.al\/index.php\/wp-json\/wp\/v2\/types\/post"}],"author":[{"embeddable":true,"href":"https:\/\/www.hashtag.al\/index.php\/wp-json\/wp\/v2\/users\/51"}],"replies":[{"embeddable":true,"href":"https:\/\/www.hashtag.al\/index.php\/wp-json\/wp\/v2\/comments?post=507987"}],"version-history":[{"count":0,"href":"https:\/\/www.hashtag.al\/index.php\/wp-json\/wp\/v2\/posts\/507987\/revisions"}],"wp:featuredmedia":[{"embeddable":true,"href":"https:\/\/www.hashtag.al\/index.php\/wp-json\/wp\/v2\/media\/507998"}],"wp:attachment":[{"href":"https:\/\/www.hashtag.al\/index.php\/wp-json\/wp\/v2\/media?parent=507987"}],"wp:term":[{"taxonomy":"category","embeddable":true,"href":"https:\/\/www.hashtag.al\/index.php\/wp-json\/wp\/v2\/categories?post=507987"},{"taxonomy":"post_tag","embeddable":true,"href":"https:\/\/www.hashtag.al\/index.php\/wp-json\/wp\/v2\/tags?post=507987"}],"curies":[{"name":"wp","href":"https:\/\/api.w.org\/{rel}","templated":true}]}}