{"id":507715,"date":"2022-02-27T22:59:23","date_gmt":"2022-02-27T21:59:23","guid":{"rendered":"https:\/\/www.hashtag.al\/?p=507715"},"modified":"2022-02-27T22:59:23","modified_gmt":"2022-02-27T21:59:23","slug":"plagosje-me-arme-zjarri-ne-elbasan","status":"publish","type":"post","link":"https:\/\/www.hashtag.al\/index.php\/2022\/02\/27\/plagosje-me-arme-zjarri-ne-elbasan\/","title":{"rendered":"Plagosje me arm\u00eb zjarri n\u00eb Elbasan","gt_translate_keys":[{"key":"rendered","format":"text"}]},"content":{"rendered":"<p><span style=\"color: #000000;\"><img loading=\"lazy\" decoding=\"async\" class=\"aligncenter size-full wp-image-507716\" src=\"https:\/\/www.hashtag.al\/wp-content\/uploads\/2022\/02\/elbasanplagosje.jpg\" alt=\"\" width=\"1280\" height=\"720\" srcset=\"https:\/\/www.hashtag.al\/wp-content\/uploads\/2022\/02\/elbasanplagosje.jpg 1280w, https:\/\/www.hashtag.al\/wp-content\/uploads\/2022\/02\/elbasanplagosje-300x169.jpg 300w, https:\/\/www.hashtag.al\/wp-content\/uploads\/2022\/02\/elbasanplagosje-1024x576.jpg 1024w, https:\/\/www.hashtag.al\/wp-content\/uploads\/2022\/02\/elbasanplagosje-768x432.jpg 768w\" sizes=\"auto, (max-width: 1280px) 100vw, 1280px\" \/><\/span><\/p>\n<p><span style=\"color: #000000;\">Nj\u00eb i ri \u00ebsht plagosur me arm\u00eb zjarri n\u00eb Elbasan. <\/span><\/p>\n<p><span style=\"color: #000000;\">Personi i identifikuar si Klevis Cami \u00ebsht\u00eb gjetur i mbuluar me gjak n\u00eb rrug\u00eb n\u00eb lagjen \u2018Sk\u00ebnderbej\u2019 t\u00eb qytetit edhe \u00ebsht\u00eb d\u00ebrguar me shpejt\u00ebsi \u00eb spital. <\/span><\/p>\n<p><span style=\"color: #000000;\">Rrethanat e ngjarjes s\u00eb r\u00ebnd\u00eb jan\u00eb ende t\u00eb paqarta. I l\u00ebnduari i \u00ebsht\u00eb n\u00ebnshtruar operacionit nd\u00ebrsa gjendja e tij nuk dihet ende.<\/span><\/p>\n","protected":false,"gt_translate_keys":[{"key":"rendered","format":"html"}]},"excerpt":{"rendered":"<p>Nj\u00eb i ri \u00ebsht plagosur me arm\u00eb zjarri n\u00eb Elbasan. Personi i identifikuar si Klevis Cami \u00ebsht\u00eb gjetur i mbuluar me gjak n\u00eb rrug\u00eb n\u00eb lagjen \u2018Sk\u00ebnderbej\u2019 t\u00eb qytetit edhe \u00ebsht\u00eb d\u00ebrguar me shpejt\u00ebsi \u00eb spital. Rrethanat e ngjarjes s\u00eb r\u00ebnd\u00eb jan\u00eb ende t\u00eb paqarta. I l\u00ebnduari i \u00ebsht\u00eb n\u00ebnshtruar operacionit nd\u00ebrsa gjendja e tij [&hellip;]<\/p>\n","protected":false,"gt_translate_keys":[{"key":"rendered","format":"html"}]},"author":51,"featured_media":507716,"comment_status":"closed","ping_status":"closed","sticky":false,"template":"","format":"standard","meta":{"footnotes":""},"categories":[65,13],"tags":[],"class_list":["post-507715","post","type-post","status-publish","format-standard","has-post-thumbnail","hentry","category-lajme","category-te-fundit"],"gt_translate_keys":[{"key":"link","format":"url"}],"_links":{"self":[{"href":"https:\/\/www.hashtag.al\/index.php\/wp-json\/wp\/v2\/posts\/507715","targetHints":{"allow":["GET"]}}],"collection":[{"href":"https:\/\/www.hashtag.al\/index.php\/wp-json\/wp\/v2\/posts"}],"about":[{"href":"https:\/\/www.hashtag.al\/index.php\/wp-json\/wp\/v2\/types\/post"}],"author":[{"embeddable":true,"href":"https:\/\/www.hashtag.al\/index.php\/wp-json\/wp\/v2\/users\/51"}],"replies":[{"embeddable":true,"href":"https:\/\/www.hashtag.al\/index.php\/wp-json\/wp\/v2\/comments?post=507715"}],"version-history":[{"count":0,"href":"https:\/\/www.hashtag.al\/index.php\/wp-json\/wp\/v2\/posts\/507715\/revisions"}],"wp:featuredmedia":[{"embeddable":true,"href":"https:\/\/www.hashtag.al\/index.php\/wp-json\/wp\/v2\/media\/507716"}],"wp:attachment":[{"href":"https:\/\/www.hashtag.al\/index.php\/wp-json\/wp\/v2\/media?parent=507715"}],"wp:term":[{"taxonomy":"category","embeddable":true,"href":"https:\/\/www.hashtag.al\/index.php\/wp-json\/wp\/v2\/categories?post=507715"},{"taxonomy":"post_tag","embeddable":true,"href":"https:\/\/www.hashtag.al\/index.php\/wp-json\/wp\/v2\/tags?post=507715"}],"curies":[{"name":"wp","href":"https:\/\/api.w.org\/{rel}","templated":true}]}}