{"id":507610,"date":"2022-02-27T15:30:02","date_gmt":"2022-02-27T14:30:02","guid":{"rendered":"https:\/\/www.hashtag.al\/?p=507610"},"modified":"2022-02-27T15:31:09","modified_gmt":"2022-02-27T14:31:09","slug":"presidenti-ukrainas-konfirmon-lajmet-bisedimet-do-kryhen-ne-kufirin-me-bjellorusine-lukashenko-merr-persiper-sigurine-e-delegacionit-tone","status":"publish","type":"post","link":"https:\/\/www.hashtag.al\/index.php\/2022\/02\/27\/presidenti-ukrainas-konfirmon-lajmet-bisedimet-do-kryhen-ne-kufirin-me-bjellorusine-lukashenko-merr-persiper-sigurine-e-delegacionit-tone\/","title":{"rendered":"Presidenti ukrainas konfirmon lajmet: Bisedimet do kryhen n\u00eb kufirin me Bjellorusin\u00eb, Lukashenko merr p\u00ebrsip\u00ebr sigurin\u00eb e delegacionit ton\u00eb","gt_translate_keys":[{"key":"rendered","format":"text"}]},"content":{"rendered":"<p><a href=\"https:\/\/www.hashtag.al\/wp-content\/uploads\/2022\/02\/zelemsky-675x450-1.jpg\"><img loading=\"lazy\" decoding=\"async\" class=\"aligncenter size-full wp-image-507611\" src=\"https:\/\/www.hashtag.al\/wp-content\/uploads\/2022\/02\/zelemsky-675x450-1.jpg\" alt=\"\" width=\"675\" height=\"450\" srcset=\"https:\/\/www.hashtag.al\/wp-content\/uploads\/2022\/02\/zelemsky-675x450-1.jpg 675w, https:\/\/www.hashtag.al\/wp-content\/uploads\/2022\/02\/zelemsky-675x450-1-300x200.jpg 300w\" sizes=\"auto, (max-width: 675px) 100vw, 675px\" \/><\/a><\/p>\n<p><span style=\"color: #000000;\">Presidenti ukrainas Volodymyr Zelensky ka publikuar nj\u00eb deklarat\u00eb pas bised\u00ebs s\u00eb tij me presidentin bjellorus, Alexander Lukashenko, q\u00eb zhvilloi m\u00eb her\u00ebt gjat\u00eb dit\u00ebs s\u00eb sotme.<\/span><\/p>\n<p><span style=\"color: #000000;\"><em>\u201cNe ram\u00eb dakord q\u00eb delegacioni ukrainas t\u00eb takohet me delegacionin rus pa parakushte n\u00eb kufirin ukrainas-bjellorusi, pran\u00eb lumit Pripyat.\u201d-<\/em> thuhet n\u00eb njoftim, citon <span style=\"color: #0000ff;\"><a style=\"color: #0000ff;\" href=\"https:\/\/www.bbc.com\/news\/live\/world-europe-60542877\">BBC<\/a><\/span>.<\/span><\/p>\n<p><span style=\"color: #000000;\"><em>\u201cAlexander Lukashenko ka marr\u00eb p\u00ebrgjegj\u00ebsin\u00eb p\u00ebr t\u00eb siguruar q\u00eb t\u00eb gjith\u00eb avion\u00ebt, helikopter\u00ebt dhe raketat e stacionuara n\u00eb territorin bjellorus t\u00eb q\u00ebndrojn\u00eb n\u00eb terren gjat\u00eb udh\u00ebtimit, bisedimeve dhe kthimit t\u00eb delegacionit ukrainas.\u201d-<\/em> vijon njoftimi.<\/span><\/p>\n<p><span style=\"color: #000000;\">Kujtojm\u00eb se m\u00eb her\u00ebt Zelensky pati th\u00ebn\u00eb se nuk do ta takonte delegacionin rus n\u00eb territorin bjellorus sepse pushtimi i Rusis\u00eb u nis pjes\u00ebrisht nga Bjellorusia.<\/span><\/p>\n","protected":false,"gt_translate_keys":[{"key":"rendered","format":"html"}]},"excerpt":{"rendered":"<p>Presidenti ukrainas Volodymyr Zelensky ka publikuar nj\u00eb deklarat\u00eb pas bised\u00ebs s\u00eb tij me presidentin bjellorus, Alexander Lukashenko, q\u00eb zhvilloi m\u00eb her\u00ebt gjat\u00eb dit\u00ebs s\u00eb sotme. \u201cNe ram\u00eb dakord q\u00eb delegacioni ukrainas t\u00eb takohet me delegacionin rus pa parakushte n\u00eb kufirin ukrainas-bjellorusi, pran\u00eb lumit Pripyat.\u201d- thuhet n\u00eb njoftim, citon BBC. \u201cAlexander Lukashenko ka marr\u00eb p\u00ebrgjegj\u00ebsin\u00eb p\u00ebr [&hellip;]<\/p>\n","protected":false,"gt_translate_keys":[{"key":"rendered","format":"html"}]},"author":30,"featured_media":507611,"comment_status":"closed","ping_status":"closed","sticky":false,"template":"","format":"standard","meta":{"footnotes":""},"categories":[6,13],"tags":[],"class_list":["post-507610","post","type-post","status-publish","format-standard","has-post-thumbnail","hentry","category-nderkombetare","category-te-fundit"],"gt_translate_keys":[{"key":"link","format":"url"}],"_links":{"self":[{"href":"https:\/\/www.hashtag.al\/index.php\/wp-json\/wp\/v2\/posts\/507610","targetHints":{"allow":["GET"]}}],"collection":[{"href":"https:\/\/www.hashtag.al\/index.php\/wp-json\/wp\/v2\/posts"}],"about":[{"href":"https:\/\/www.hashtag.al\/index.php\/wp-json\/wp\/v2\/types\/post"}],"author":[{"embeddable":true,"href":"https:\/\/www.hashtag.al\/index.php\/wp-json\/wp\/v2\/users\/30"}],"replies":[{"embeddable":true,"href":"https:\/\/www.hashtag.al\/index.php\/wp-json\/wp\/v2\/comments?post=507610"}],"version-history":[{"count":0,"href":"https:\/\/www.hashtag.al\/index.php\/wp-json\/wp\/v2\/posts\/507610\/revisions"}],"wp:featuredmedia":[{"embeddable":true,"href":"https:\/\/www.hashtag.al\/index.php\/wp-json\/wp\/v2\/media\/507611"}],"wp:attachment":[{"href":"https:\/\/www.hashtag.al\/index.php\/wp-json\/wp\/v2\/media?parent=507610"}],"wp:term":[{"taxonomy":"category","embeddable":true,"href":"https:\/\/www.hashtag.al\/index.php\/wp-json\/wp\/v2\/categories?post=507610"},{"taxonomy":"post_tag","embeddable":true,"href":"https:\/\/www.hashtag.al\/index.php\/wp-json\/wp\/v2\/tags?post=507610"}],"curies":[{"name":"wp","href":"https:\/\/api.w.org\/{rel}","templated":true}]}}